{"id":97977984,"date":"2016-09-15T12:09:47","date_gmt":"2016-09-15T16:09:47","guid":{"rendered":"http:\/\/acrimat.com.br\/portal\/?p=97977984"},"modified":"2016-09-15T12:09:47","modified_gmt":"2016-09-15T16:09:47","slug":"minerva-obtem-autorizacao-para-exportar-carne-in-natura-aos-eua","status":"publish","type":"post","link":"https:\/\/acompanheseuprojeto.com.br\/acrimat\/minerva-obtem-autorizacao-para-exportar-carne-in-natura-aos-eua\/","title":{"rendered":"Minerva obt\u00e9m autoriza\u00e7\u00e3o para exportar carne in natura aos EUA"},"content":{"rendered":"<p style=\"text-align: justify;\"><a href=\"https:\/\/acompanheseuprojeto.com.br\/acrimat\/wp-content\/uploads\/2016\/09\/FRIGORIFICO3.jpg\"><img fetchpriority=\"high\" decoding=\"async\" class=\"alignleft wp-image-97977985 size-medium\" src=\"https:\/\/acompanheseuprojeto.com.br\/acrimat\/wp-content\/uploads\/2016\/09\/FRIGORIFICO3-300x206.jpg\" alt=\"frigorifico3\" width=\"300\" height=\"206\" \/><\/a>A Minerva informou nesta quarta-feira que duas unidades produtivas receberam habilita\u00e7\u00e3o para exportar carne bovina in natura para os Estados Unidos, ap\u00f3s <a href=\"https:\/\/acompanheseuprojeto.com.br\/acrimat\/carne-in-natura-brasileira-chega-a-terra-do-tio-sam\/\"><span style=\"color: #0000ff;\">acordo anunciado entre os governos brasileiro e norte-americano<\/span><\/a>.<\/p>\n<p style=\"text-align: justify;\">As unidades est\u00e3o em Barretos (SP) e Palmeiras de Goi\u00e1s (GO). A primeira tem capacidade de abate de 840 cabe\u00e7as por dia e a segunda tem capacidade para 2 mil cabe\u00e7as. As habilita\u00e7\u00f5es foram concedidas pelo Minist\u00e9rio da Agricultura e pelo departamento de agricultura norte-americano (USDA).<\/p>\n<p style=\"text-align: justify;\"><strong>Acordo com os EUA<\/strong><\/p>\n<p style=\"text-align: justify;\">O Minist\u00e9rio da Agricultura, Pecu\u00e1ria e Abastecimento (Mapa) anunciou em julho que foi conclu\u00edda uma negocia\u00e7\u00e3o entre o Brasil e os EUA para libera\u00e7\u00e3o do com\u00e9rcio de carne bovina &#8220;in natura&#8221; entre os dois mercados.<\/p>\n<p style=\"text-align: justify;\">A conclus\u00e3o da negocia\u00e7\u00e3o \u00e9 importante para o Brasil n\u00e3o s\u00f3 pelo potencial de compra daquele mercado, mas tamb\u00e9m porque os EUA s\u00e3o uma refer\u00eancia para outros importadores de carne bovina in natura. As tratativas entre os dois pa\u00edses tiveram in\u00edcio em 1999, durante o segundo mandato do ex-presidente Fernando Henrique Cardoso.<\/p>\n","protected":false},"excerpt":{"rendered":"<p>Unidades autorizadas est\u00e3o em Barretos (SP) e Palmeiras de Goi\u00e1s (GO). Brasil fechou com EUA acordo para exporta\u00e7\u00e3o de carne.<\/p>\n","protected":false},"author":4,"featured_media":97975651,"comment_status":"closed","ping_status":"closed","sticky":false,"template":"","format":"standard","meta":{"footnotes":""},"categories":[1],"tags":[],"class_list":["post-97977984","post","type-post","status-publish","format-standard","has-post-thumbnail","hentry","category-noticia"],"yoast_head":"<!-- This site is optimized with the Yoast SEO plugin v24.2 - https:\/\/yoast.com\/wordpress\/plugins\/seo\/ -->\n<title>Minerva obt\u00e9m autoriza\u00e7\u00e3o para exportar carne in natura aos EUA - Acrimat<\/title>\n<meta name=\"robots\" content=\"index, follow, max-snippet:-1, max-image-preview:large, max-video-preview:-1\" \/>\n<link rel=\"canonical\" href=\"https:\/\/acompanheseuprojeto.com.br\/acrimat\/minerva-obtem-autorizacao-para-exportar-carne-in-natura-aos-eua\/\" \/>\n<meta property=\"og:locale\" content=\"pt_BR\" \/>\n<meta property=\"og:type\" content=\"article\" \/>\n<meta property=\"og:title\" content=\"Minerva obt\u00e9m autoriza\u00e7\u00e3o para exportar carne in natura aos EUA - Acrimat\" \/>\n<meta property=\"og:description\" content=\"Unidades autorizadas est\u00e3o em Barretos (SP) e Palmeiras de Goi\u00e1s (GO). Brasil fechou com EUA acordo para exporta\u00e7\u00e3o de carne.\" \/>\n<meta property=\"og:url\" content=\"https:\/\/acompanheseuprojeto.com.br\/acrimat\/minerva-obtem-autorizacao-para-exportar-carne-in-natura-aos-eua\/\" \/>\n<meta property=\"og:site_name\" content=\"Acrimat\" \/>\n<meta property=\"article:published_time\" content=\"2016-09-15T16:09:47+00:00\" \/>\n<meta property=\"og:image\" content=\"https:\/\/acompanheseuprojeto.com.br\/acrimat\/wp-content\/uploads\/2016\/06\/EXPORTA\u00c7\u00d5ES.jpg\" \/>\n\t<meta property=\"og:image:width\" content=\"448\" \/>\n\t<meta property=\"og:image:height\" content=\"251\" \/>\n\t<meta property=\"og:image:type\" content=\"image\/jpeg\" \/>\n<meta name=\"author\" content=\"Comunica\u00e7\u00e3o\" \/>\n<meta name=\"twitter:card\" content=\"summary_large_image\" \/>\n<meta name=\"twitter:label1\" content=\"Escrito por\" \/>\n\t<meta name=\"twitter:data1\" content=\"Comunica\u00e7\u00e3o\" \/>\n\t<meta name=\"twitter:label2\" content=\"Est. tempo de leitura\" \/>\n\t<meta name=\"twitter:data2\" content=\"1 minuto\" \/>\n<script type=\"application\/ld+json\" class=\"yoast-schema-graph\">{\"@context\":\"https:\/\/schema.org\",\"@graph\":[{\"@type\":\"Article\",\"@id\":\"https:\/\/acompanheseuprojeto.com.br\/acrimat\/minerva-obtem-autorizacao-para-exportar-carne-in-natura-aos-eua\/#article\",\"isPartOf\":{\"@id\":\"https:\/\/acompanheseuprojeto.com.br\/acrimat\/minerva-obtem-autorizacao-para-exportar-carne-in-natura-aos-eua\/\"},\"author\":{\"name\":\"Comunica\u00e7\u00e3o\",\"@id\":\"https:\/\/acompanheseuprojeto.com.br\/acrimat\/#\/schema\/person\/3d34bb8aba05880dee02197f876f0da3\"},\"headline\":\"Minerva obt\u00e9m autoriza\u00e7\u00e3o para exportar carne in natura aos EUA\",\"datePublished\":\"2016-09-15T16:09:47+00:00\",\"dateModified\":\"2016-09-15T16:09:47+00:00\",\"mainEntityOfPage\":{\"@id\":\"https:\/\/acompanheseuprojeto.com.br\/acrimat\/minerva-obtem-autorizacao-para-exportar-carne-in-natura-aos-eua\/\"},\"wordCount\":197,\"publisher\":{\"@id\":\"https:\/\/acompanheseuprojeto.com.br\/acrimat\/#organization\"},\"image\":{\"@id\":\"https:\/\/acompanheseuprojeto.com.br\/acrimat\/minerva-obtem-autorizacao-para-exportar-carne-in-natura-aos-eua\/#primaryimage\"},\"thumbnailUrl\":\"https:\/\/acompanheseuprojeto.com.br\/acrimat\/wp-content\/uploads\/2016\/06\/EXPORTA\u00c7\u00d5ES.jpg\",\"articleSection\":[\"Not\u00edcias\"],\"inLanguage\":\"pt-BR\"},{\"@type\":\"WebPage\",\"@id\":\"https:\/\/acompanheseuprojeto.com.br\/acrimat\/minerva-obtem-autorizacao-para-exportar-carne-in-natura-aos-eua\/\",\"url\":\"https:\/\/acompanheseuprojeto.com.br\/acrimat\/minerva-obtem-autorizacao-para-exportar-carne-in-natura-aos-eua\/\",\"name\":\"Minerva obt\u00e9m autoriza\u00e7\u00e3o para exportar carne in natura aos EUA - Acrimat\",\"isPartOf\":{\"@id\":\"https:\/\/acompanheseuprojeto.com.br\/acrimat\/#website\"},\"primaryImageOfPage\":{\"@id\":\"https:\/\/acompanheseuprojeto.com.br\/acrimat\/minerva-obtem-autorizacao-para-exportar-carne-in-natura-aos-eua\/#primaryimage\"},\"image\":{\"@id\":\"https:\/\/acompanheseuprojeto.com.br\/acrimat\/minerva-obtem-autorizacao-para-exportar-carne-in-natura-aos-eua\/#primaryimage\"},\"thumbnailUrl\":\"https:\/\/acompanheseuprojeto.com.br\/acrimat\/wp-content\/uploads\/2016\/06\/EXPORTA\u00c7\u00d5ES.jpg\",\"datePublished\":\"2016-09-15T16:09:47+00:00\",\"dateModified\":\"2016-09-15T16:09:47+00:00\",\"breadcrumb\":{\"@id\":\"https:\/\/acompanheseuprojeto.com.br\/acrimat\/minerva-obtem-autorizacao-para-exportar-carne-in-natura-aos-eua\/#breadcrumb\"},\"inLanguage\":\"pt-BR\",\"potentialAction\":[{\"@type\":\"ReadAction\",\"target\":[\"https:\/\/acompanheseuprojeto.com.br\/acrimat\/minerva-obtem-autorizacao-para-exportar-carne-in-natura-aos-eua\/\"]}]},{\"@type\":\"ImageObject\",\"inLanguage\":\"pt-BR\",\"@id\":\"https:\/\/acompanheseuprojeto.com.br\/acrimat\/minerva-obtem-autorizacao-para-exportar-carne-in-natura-aos-eua\/#primaryimage\",\"url\":\"https:\/\/acompanheseuprojeto.com.br\/acrimat\/wp-content\/uploads\/2016\/06\/EXPORTA\u00c7\u00d5ES.jpg\",\"contentUrl\":\"https:\/\/acompanheseuprojeto.com.br\/acrimat\/wp-content\/uploads\/2016\/06\/EXPORTA\u00c7\u00d5ES.jpg\",\"width\":448,\"height\":251},{\"@type\":\"BreadcrumbList\",\"@id\":\"https:\/\/acompanheseuprojeto.com.br\/acrimat\/minerva-obtem-autorizacao-para-exportar-carne-in-natura-aos-eua\/#breadcrumb\",\"itemListElement\":[{\"@type\":\"ListItem\",\"position\":1,\"name\":\"In\u00edcio\",\"item\":\"https:\/\/acompanheseuprojeto.com.br\/acrimat\/\"},{\"@type\":\"ListItem\",\"position\":2,\"name\":\"Minerva obt\u00e9m autoriza\u00e7\u00e3o para exportar carne in natura aos EUA\"}]},{\"@type\":\"WebSite\",\"@id\":\"https:\/\/acompanheseuprojeto.com.br\/acrimat\/#website\",\"url\":\"https:\/\/acompanheseuprojeto.com.br\/acrimat\/\",\"name\":\"Acrimat\",\"description\":\"Associa\u00e7\u00e3o dos Criadores de Mato Grosso\",\"publisher\":{\"@id\":\"https:\/\/acompanheseuprojeto.com.br\/acrimat\/#organization\"},\"potentialAction\":[{\"@type\":\"SearchAction\",\"target\":{\"@type\":\"EntryPoint\",\"urlTemplate\":\"https:\/\/acompanheseuprojeto.com.br\/acrimat\/?s={search_term_string}\"},\"query-input\":{\"@type\":\"PropertyValueSpecification\",\"valueRequired\":true,\"valueName\":\"search_term_string\"}}],\"inLanguage\":\"pt-BR\"},{\"@type\":\"Organization\",\"@id\":\"https:\/\/acompanheseuprojeto.com.br\/acrimat\/#organization\",\"name\":\"Associa\u00e7\u00e3o dos Criadores de Mato Grosso\",\"url\":\"https:\/\/acompanheseuprojeto.com.br\/acrimat\/\",\"logo\":{\"@type\":\"ImageObject\",\"inLanguage\":\"pt-BR\",\"@id\":\"https:\/\/acompanheseuprojeto.com.br\/acrimat\/#\/schema\/logo\/image\/\",\"url\":\"https:\/\/acompanheseuprojeto.com.br\/acrimat\/wp-content\/uploads\/2018\/03\/logo-peq-original.png\",\"contentUrl\":\"https:\/\/acompanheseuprojeto.com.br\/acrimat\/wp-content\/uploads\/2018\/03\/logo-peq-original.png\",\"width\":174,\"height\":171,\"caption\":\"Associa\u00e7\u00e3o dos Criadores de Mato Grosso\"},\"image\":{\"@id\":\"https:\/\/acompanheseuprojeto.com.br\/acrimat\/#\/schema\/logo\/image\/\"}},{\"@type\":\"Person\",\"@id\":\"https:\/\/acompanheseuprojeto.com.br\/acrimat\/#\/schema\/person\/3d34bb8aba05880dee02197f876f0da3\",\"name\":\"Comunica\u00e7\u00e3o\",\"image\":{\"@type\":\"ImageObject\",\"inLanguage\":\"pt-BR\",\"@id\":\"https:\/\/acompanheseuprojeto.com.br\/acrimat\/#\/schema\/person\/image\/\",\"url\":\"https:\/\/secure.gravatar.com\/avatar\/5d9ac04c8e5020ba74e4c1a116e647dc?s=96&d=mm&r=g\",\"contentUrl\":\"https:\/\/secure.gravatar.com\/avatar\/5d9ac04c8e5020ba74e4c1a116e647dc?s=96&d=mm&r=g\",\"caption\":\"Comunica\u00e7\u00e3o\"},\"url\":\"https:\/\/acompanheseuprojeto.com.br\/acrimat\/author\/rodrigo\/\"}]}<\/script>\n<!-- \/ Yoast SEO plugin. -->","yoast_head_json":{"title":"Minerva obt\u00e9m autoriza\u00e7\u00e3o para exportar carne in natura aos EUA - Acrimat","robots":{"index":"index","follow":"follow","max-snippet":"max-snippet:-1","max-image-preview":"max-image-preview:large","max-video-preview":"max-video-preview:-1"},"canonical":"https:\/\/acompanheseuprojeto.com.br\/acrimat\/minerva-obtem-autorizacao-para-exportar-carne-in-natura-aos-eua\/","og_locale":"pt_BR","og_type":"article","og_title":"Minerva obt\u00e9m autoriza\u00e7\u00e3o para exportar carne in natura aos EUA - Acrimat","og_description":"Unidades autorizadas est\u00e3o em Barretos (SP) e Palmeiras de Goi\u00e1s (GO). Brasil fechou com EUA acordo para exporta\u00e7\u00e3o de carne.","og_url":"https:\/\/acompanheseuprojeto.com.br\/acrimat\/minerva-obtem-autorizacao-para-exportar-carne-in-natura-aos-eua\/","og_site_name":"Acrimat","article_published_time":"2016-09-15T16:09:47+00:00","og_image":[{"width":448,"height":251,"url":"https:\/\/acompanheseuprojeto.com.br\/acrimat\/wp-content\/uploads\/2016\/06\/EXPORTA\u00c7\u00d5ES.jpg","type":"image\/jpeg"}],"author":"Comunica\u00e7\u00e3o","twitter_card":"summary_large_image","twitter_misc":{"Escrito por":"Comunica\u00e7\u00e3o","Est. tempo de leitura":"1 minuto"},"schema":{"@context":"https:\/\/schema.org","@graph":[{"@type":"Article","@id":"https:\/\/acompanheseuprojeto.com.br\/acrimat\/minerva-obtem-autorizacao-para-exportar-carne-in-natura-aos-eua\/#article","isPartOf":{"@id":"https:\/\/acompanheseuprojeto.com.br\/acrimat\/minerva-obtem-autorizacao-para-exportar-carne-in-natura-aos-eua\/"},"author":{"name":"Comunica\u00e7\u00e3o","@id":"https:\/\/acompanheseuprojeto.com.br\/acrimat\/#\/schema\/person\/3d34bb8aba05880dee02197f876f0da3"},"headline":"Minerva obt\u00e9m autoriza\u00e7\u00e3o para exportar carne in natura aos EUA","datePublished":"2016-09-15T16:09:47+00:00","dateModified":"2016-09-15T16:09:47+00:00","mainEntityOfPage":{"@id":"https:\/\/acompanheseuprojeto.com.br\/acrimat\/minerva-obtem-autorizacao-para-exportar-carne-in-natura-aos-eua\/"},"wordCount":197,"publisher":{"@id":"https:\/\/acompanheseuprojeto.com.br\/acrimat\/#organization"},"image":{"@id":"https:\/\/acompanheseuprojeto.com.br\/acrimat\/minerva-obtem-autorizacao-para-exportar-carne-in-natura-aos-eua\/#primaryimage"},"thumbnailUrl":"https:\/\/acompanheseuprojeto.com.br\/acrimat\/wp-content\/uploads\/2016\/06\/EXPORTA\u00c7\u00d5ES.jpg","articleSection":["Not\u00edcias"],"inLanguage":"pt-BR"},{"@type":"WebPage","@id":"https:\/\/acompanheseuprojeto.com.br\/acrimat\/minerva-obtem-autorizacao-para-exportar-carne-in-natura-aos-eua\/","url":"https:\/\/acompanheseuprojeto.com.br\/acrimat\/minerva-obtem-autorizacao-para-exportar-carne-in-natura-aos-eua\/","name":"Minerva obt\u00e9m autoriza\u00e7\u00e3o para exportar carne in natura aos EUA - Acrimat","isPartOf":{"@id":"https:\/\/acompanheseuprojeto.com.br\/acrimat\/#website"},"primaryImageOfPage":{"@id":"https:\/\/acompanheseuprojeto.com.br\/acrimat\/minerva-obtem-autorizacao-para-exportar-carne-in-natura-aos-eua\/#primaryimage"},"image":{"@id":"https:\/\/acompanheseuprojeto.com.br\/acrimat\/minerva-obtem-autorizacao-para-exportar-carne-in-natura-aos-eua\/#primaryimage"},"thumbnailUrl":"https:\/\/acompanheseuprojeto.com.br\/acrimat\/wp-content\/uploads\/2016\/06\/EXPORTA\u00c7\u00d5ES.jpg","datePublished":"2016-09-15T16:09:47+00:00","dateModified":"2016-09-15T16:09:47+00:00","breadcrumb":{"@id":"https:\/\/acompanheseuprojeto.com.br\/acrimat\/minerva-obtem-autorizacao-para-exportar-carne-in-natura-aos-eua\/#breadcrumb"},"inLanguage":"pt-BR","potentialAction":[{"@type":"ReadAction","target":["https:\/\/acompanheseuprojeto.com.br\/acrimat\/minerva-obtem-autorizacao-para-exportar-carne-in-natura-aos-eua\/"]}]},{"@type":"ImageObject","inLanguage":"pt-BR","@id":"https:\/\/acompanheseuprojeto.com.br\/acrimat\/minerva-obtem-autorizacao-para-exportar-carne-in-natura-aos-eua\/#primaryimage","url":"https:\/\/acompanheseuprojeto.com.br\/acrimat\/wp-content\/uploads\/2016\/06\/EXPORTA\u00c7\u00d5ES.jpg","contentUrl":"https:\/\/acompanheseuprojeto.com.br\/acrimat\/wp-content\/uploads\/2016\/06\/EXPORTA\u00c7\u00d5ES.jpg","width":448,"height":251},{"@type":"BreadcrumbList","@id":"https:\/\/acompanheseuprojeto.com.br\/acrimat\/minerva-obtem-autorizacao-para-exportar-carne-in-natura-aos-eua\/#breadcrumb","itemListElement":[{"@type":"ListItem","position":1,"name":"In\u00edcio","item":"https:\/\/acompanheseuprojeto.com.br\/acrimat\/"},{"@type":"ListItem","position":2,"name":"Minerva obt\u00e9m autoriza\u00e7\u00e3o para exportar carne in natura aos EUA"}]},{"@type":"WebSite","@id":"https:\/\/acompanheseuprojeto.com.br\/acrimat\/#website","url":"https:\/\/acompanheseuprojeto.com.br\/acrimat\/","name":"Acrimat","description":"Associa\u00e7\u00e3o dos Criadores de Mato Grosso","publisher":{"@id":"https:\/\/acompanheseuprojeto.com.br\/acrimat\/#organization"},"potentialAction":[{"@type":"SearchAction","target":{"@type":"EntryPoint","urlTemplate":"https:\/\/acompanheseuprojeto.com.br\/acrimat\/?s={search_term_string}"},"query-input":{"@type":"PropertyValueSpecification","valueRequired":true,"valueName":"search_term_string"}}],"inLanguage":"pt-BR"},{"@type":"Organization","@id":"https:\/\/acompanheseuprojeto.com.br\/acrimat\/#organization","name":"Associa\u00e7\u00e3o dos Criadores de Mato Grosso","url":"https:\/\/acompanheseuprojeto.com.br\/acrimat\/","logo":{"@type":"ImageObject","inLanguage":"pt-BR","@id":"https:\/\/acompanheseuprojeto.com.br\/acrimat\/#\/schema\/logo\/image\/","url":"https:\/\/acompanheseuprojeto.com.br\/acrimat\/wp-content\/uploads\/2018\/03\/logo-peq-original.png","contentUrl":"https:\/\/acompanheseuprojeto.com.br\/acrimat\/wp-content\/uploads\/2018\/03\/logo-peq-original.png","width":174,"height":171,"caption":"Associa\u00e7\u00e3o dos Criadores de Mato Grosso"},"image":{"@id":"https:\/\/acompanheseuprojeto.com.br\/acrimat\/#\/schema\/logo\/image\/"}},{"@type":"Person","@id":"https:\/\/acompanheseuprojeto.com.br\/acrimat\/#\/schema\/person\/3d34bb8aba05880dee02197f876f0da3","name":"Comunica\u00e7\u00e3o","image":{"@type":"ImageObject","inLanguage":"pt-BR","@id":"https:\/\/acompanheseuprojeto.com.br\/acrimat\/#\/schema\/person\/image\/","url":"https:\/\/secure.gravatar.com\/avatar\/5d9ac04c8e5020ba74e4c1a116e647dc?s=96&d=mm&r=g","contentUrl":"https:\/\/secure.gravatar.com\/avatar\/5d9ac04c8e5020ba74e4c1a116e647dc?s=96&d=mm&r=g","caption":"Comunica\u00e7\u00e3o"},"url":"https:\/\/acompanheseuprojeto.com.br\/acrimat\/author\/rodrigo\/"}]}},"_links":{"self":[{"href":"https:\/\/acompanheseuprojeto.com.br\/acrimat\/wp-json\/wp\/v2\/posts\/97977984","targetHints":{"allow":["GET"]}}],"collection":[{"href":"https:\/\/acompanheseuprojeto.com.br\/acrimat\/wp-json\/wp\/v2\/posts"}],"about":[{"href":"https:\/\/acompanheseuprojeto.com.br\/acrimat\/wp-json\/wp\/v2\/types\/post"}],"author":[{"embeddable":true,"href":"https:\/\/acompanheseuprojeto.com.br\/acrimat\/wp-json\/wp\/v2\/users\/4"}],"replies":[{"embeddable":true,"href":"https:\/\/acompanheseuprojeto.com.br\/acrimat\/wp-json\/wp\/v2\/comments?post=97977984"}],"version-history":[{"count":1,"href":"https:\/\/acompanheseuprojeto.com.br\/acrimat\/wp-json\/wp\/v2\/posts\/97977984\/revisions"}],"predecessor-version":[{"id":97977986,"href":"https:\/\/acompanheseuprojeto.com.br\/acrimat\/wp-json\/wp\/v2\/posts\/97977984\/revisions\/97977986"}],"wp:featuredmedia":[{"embeddable":true,"href":"https:\/\/acompanheseuprojeto.com.br\/acrimat\/wp-json\/wp\/v2\/media\/97975651"}],"wp:attachment":[{"href":"https:\/\/acompanheseuprojeto.com.br\/acrimat\/wp-json\/wp\/v2\/media?parent=97977984"}],"wp:term":[{"taxonomy":"category","embeddable":true,"href":"https:\/\/acompanheseuprojeto.com.br\/acrimat\/wp-json\/wp\/v2\/categories?post=97977984"},{"taxonomy":"post_tag","embeddable":true,"href":"https:\/\/acompanheseuprojeto.com.br\/acrimat\/wp-json\/wp\/v2\/tags?post=97977984"}],"curies":[{"name":"wp","href":"https:\/\/api.w.org\/{rel}","templated":true}]}}