{"id":97979986,"date":"2017-02-13T11:16:04","date_gmt":"2017-02-13T14:16:04","guid":{"rendered":"https:\/\/acompanheseuprojeto.com.br\/acrimat\/?p=97979986"},"modified":"2017-02-13T11:20:09","modified_gmt":"2017-02-13T14:20:09","slug":"com-vendas-fracas-e-frigorificos-em-ferias-mercado-da-carne-segue-em-baixa","status":"publish","type":"post","link":"https:\/\/acompanheseuprojeto.com.br\/acrimat\/com-vendas-fracas-e-frigorificos-em-ferias-mercado-da-carne-segue-em-baixa\/","title":{"rendered":"Com vendas fracas e frigor\u00edficos em f\u00e9rias, mercado da carne segue em baixa"},"content":{"rendered":"<p class=\"C-geral\" style=\"text-align: justify; text-justify: inter-ideograph;\"><a href=\"https:\/\/acompanheseuprojeto.com.br\/acrimat\/wp-content\/uploads\/2016\/05\/frigorifico4.jpg\"><img fetchpriority=\"high\" decoding=\"async\" class=\"alignright size-medium wp-image-97975332\" src=\"https:\/\/acompanheseuprojeto.com.br\/acrimat\/wp-content\/uploads\/2016\/05\/frigorifico4-300x206.jpg\" alt=\"\" width=\"300\" height=\"206\" \/><\/a>O vi\u00e9s de baixa no mercado do boi gordo vem ganhando forma nos \u00faltimos dias. Aos poucos os animais a pasto v\u00e3o chegando ao mercado e intensificando as press\u00f5es de baixa. Ap\u00f3s o per\u00edodo de pagamentos de sal\u00e1rios, onde a expectativa de melhora de demanda que n\u00e3o se confirmou, o momento \u00e9 de precau\u00e7\u00e3o nos frigor\u00edficos, que t\u00eam evitado comprar mat\u00e9ria-prima cara.<\/p>\n<p class=\"C-geral\" style=\"text-align: justify; text-justify: inter-ideograph;\">Segundo levantamento de pre\u00e7o da Scot Consultoria, a carne sem osso entrou na quinta semana de queda. No acumulado do ano a perda \u00e9 de 5,7% na cota\u00e7\u00e3o. Ainda assim, as ind\u00fastrias conseguem manter as margens de comercializa\u00e7\u00e3o historicamente positivas, evitando a forma\u00e7\u00e3o de estoques. &#8220;O grande problema das ind\u00fastrias \u00e9 imprimir giro&#8221;, destaca o analista da Scot, Alex Santos Lopes.<\/p>\n<p class=\"C-geral\" style=\"text-align: justify; text-justify: inter-ideograph;\">Diante desse cen\u00e1rio, aumentaram os rumores de ind\u00fastrias em S\u00e3o Paulo com a inten\u00e7\u00e3o de dar f\u00e9rias coletivas em fevereiro. De acordo com Lopes, algumas ainda est\u00e1 apenas na especula\u00e7\u00e3o, mas j\u00e1 h\u00e1 confirma\u00e7\u00e3o de unidades paralisadas. &#8220;Considerando os fundamentos, podemos dizer que a cadeia como um todo est\u00e1 sujeita a essa estrat\u00e9gia, n\u00e3o s\u00f3 S\u00e3o Paulo&#8221;, alerta Lopes.<\/p>\n<p class=\"C-geral\" style=\"text-align: justify; text-justify: inter-ideograph;\">Tamb\u00e9m em fun\u00e7\u00e3o do mercado baixista, alguns pecuaristas tem adotado a estrat\u00e9gia de reten\u00e7\u00e3o dos animais, na tentativa de melhorar os pre\u00e7os. Por\u00e9m, Lopes ressalta que essa abordagem pode ser arriscada em fun\u00e7\u00e3o da diminui\u00e7\u00e3o de giro do estoque de gados e aumento nos custos de produ\u00e7\u00e3o, sem a garantia de recupera\u00e7\u00e3o do mercado nos pr\u00f3ximos meses.<\/p>\n<p class=\"C-geral\" style=\"text-align: justify; text-justify: inter-ideograph;\">&#8220;Tamb\u00e9m existe o risco de concentra\u00e7\u00e3o de oferta em maio, onde entra o per\u00edodo de seca. Al\u00e9m disso, tamb\u00e9m come\u00e7amos a perceber mais f\u00eameas nas escalas abate que devem se intensificar em mar\u00e7o&#8221;, acrescenta o analista. Assim, fazer m\u00e9dia de pre\u00e7o \u00e9 sempre positivo, lembra Lopes.<\/p>\n","protected":false},"excerpt":{"rendered":"<p>No acumulado, perda \u00e9 de 5,7% na cota\u00e7\u00e3o, segundo levantamento da Scot<\/p>\n","protected":false},"author":4,"featured_media":0,"comment_status":"closed","ping_status":"closed","sticky":false,"template":"","format":"standard","meta":{"footnotes":""},"categories":[6,1],"tags":[],"class_list":["post-97979986","post","type-post","status-publish","format-standard","hentry","category-destaque","category-noticia"],"yoast_head":"<!-- This site is optimized with the Yoast SEO plugin v24.2 - https:\/\/yoast.com\/wordpress\/plugins\/seo\/ -->\n<title>Com vendas fracas e frigor\u00edficos em f\u00e9rias, mercado da carne segue em baixa - Acrimat<\/title>\n<meta name=\"robots\" content=\"index, follow, max-snippet:-1, max-image-preview:large, max-video-preview:-1\" \/>\n<link rel=\"canonical\" href=\"https:\/\/acompanheseuprojeto.com.br\/acrimat\/com-vendas-fracas-e-frigorificos-em-ferias-mercado-da-carne-segue-em-baixa\/\" \/>\n<meta property=\"og:locale\" content=\"pt_BR\" \/>\n<meta property=\"og:type\" content=\"article\" \/>\n<meta property=\"og:title\" content=\"Com vendas fracas e frigor\u00edficos em f\u00e9rias, mercado da carne segue em baixa - Acrimat\" \/>\n<meta property=\"og:description\" content=\"No acumulado, perda \u00e9 de 5,7% na cota\u00e7\u00e3o, segundo levantamento da Scot\" \/>\n<meta property=\"og:url\" content=\"https:\/\/acompanheseuprojeto.com.br\/acrimat\/com-vendas-fracas-e-frigorificos-em-ferias-mercado-da-carne-segue-em-baixa\/\" \/>\n<meta property=\"og:site_name\" content=\"Acrimat\" \/>\n<meta property=\"article:published_time\" content=\"2017-02-13T14:16:04+00:00\" \/>\n<meta property=\"article:modified_time\" content=\"2017-02-13T14:20:09+00:00\" \/>\n<meta property=\"og:image\" content=\"https:\/\/acompanheseuprojeto.com.br\/acrimat\/wp-content\/uploads\/2016\/05\/frigorifico4-300x206.jpg\" \/>\n<meta name=\"author\" content=\"Comunica\u00e7\u00e3o\" \/>\n<meta name=\"twitter:card\" content=\"summary_large_image\" \/>\n<meta name=\"twitter:label1\" content=\"Escrito por\" \/>\n\t<meta name=\"twitter:data1\" content=\"Comunica\u00e7\u00e3o\" \/>\n\t<meta name=\"twitter:label2\" content=\"Est. tempo de leitura\" \/>\n\t<meta name=\"twitter:data2\" content=\"2 minutos\" \/>\n<script type=\"application\/ld+json\" class=\"yoast-schema-graph\">{\"@context\":\"https:\/\/schema.org\",\"@graph\":[{\"@type\":\"Article\",\"@id\":\"https:\/\/acompanheseuprojeto.com.br\/acrimat\/com-vendas-fracas-e-frigorificos-em-ferias-mercado-da-carne-segue-em-baixa\/#article\",\"isPartOf\":{\"@id\":\"https:\/\/acompanheseuprojeto.com.br\/acrimat\/com-vendas-fracas-e-frigorificos-em-ferias-mercado-da-carne-segue-em-baixa\/\"},\"author\":{\"name\":\"Comunica\u00e7\u00e3o\",\"@id\":\"https:\/\/acompanheseuprojeto.com.br\/acrimat\/#\/schema\/person\/3d34bb8aba05880dee02197f876f0da3\"},\"headline\":\"Com vendas fracas e frigor\u00edficos em f\u00e9rias, mercado da carne segue em baixa\",\"datePublished\":\"2017-02-13T14:16:04+00:00\",\"dateModified\":\"2017-02-13T14:20:09+00:00\",\"mainEntityOfPage\":{\"@id\":\"https:\/\/acompanheseuprojeto.com.br\/acrimat\/com-vendas-fracas-e-frigorificos-em-ferias-mercado-da-carne-segue-em-baixa\/\"},\"wordCount\":343,\"publisher\":{\"@id\":\"https:\/\/acompanheseuprojeto.com.br\/acrimat\/#organization\"},\"image\":{\"@id\":\"https:\/\/acompanheseuprojeto.com.br\/acrimat\/com-vendas-fracas-e-frigorificos-em-ferias-mercado-da-carne-segue-em-baixa\/#primaryimage\"},\"thumbnailUrl\":\"https:\/\/acompanheseuprojeto.com.br\/acrimat\/wp-content\/uploads\/2016\/05\/frigorifico4-300x206.jpg\",\"articleSection\":[\"Destaques\",\"Not\u00edcias\"],\"inLanguage\":\"pt-BR\"},{\"@type\":\"WebPage\",\"@id\":\"https:\/\/acompanheseuprojeto.com.br\/acrimat\/com-vendas-fracas-e-frigorificos-em-ferias-mercado-da-carne-segue-em-baixa\/\",\"url\":\"https:\/\/acompanheseuprojeto.com.br\/acrimat\/com-vendas-fracas-e-frigorificos-em-ferias-mercado-da-carne-segue-em-baixa\/\",\"name\":\"Com vendas fracas e frigor\u00edficos em f\u00e9rias, mercado da carne segue em baixa - Acrimat\",\"isPartOf\":{\"@id\":\"https:\/\/acompanheseuprojeto.com.br\/acrimat\/#website\"},\"primaryImageOfPage\":{\"@id\":\"https:\/\/acompanheseuprojeto.com.br\/acrimat\/com-vendas-fracas-e-frigorificos-em-ferias-mercado-da-carne-segue-em-baixa\/#primaryimage\"},\"image\":{\"@id\":\"https:\/\/acompanheseuprojeto.com.br\/acrimat\/com-vendas-fracas-e-frigorificos-em-ferias-mercado-da-carne-segue-em-baixa\/#primaryimage\"},\"thumbnailUrl\":\"https:\/\/acompanheseuprojeto.com.br\/acrimat\/wp-content\/uploads\/2016\/05\/frigorifico4-300x206.jpg\",\"datePublished\":\"2017-02-13T14:16:04+00:00\",\"dateModified\":\"2017-02-13T14:20:09+00:00\",\"breadcrumb\":{\"@id\":\"https:\/\/acompanheseuprojeto.com.br\/acrimat\/com-vendas-fracas-e-frigorificos-em-ferias-mercado-da-carne-segue-em-baixa\/#breadcrumb\"},\"inLanguage\":\"pt-BR\",\"potentialAction\":[{\"@type\":\"ReadAction\",\"target\":[\"https:\/\/acompanheseuprojeto.com.br\/acrimat\/com-vendas-fracas-e-frigorificos-em-ferias-mercado-da-carne-segue-em-baixa\/\"]}]},{\"@type\":\"ImageObject\",\"inLanguage\":\"pt-BR\",\"@id\":\"https:\/\/acompanheseuprojeto.com.br\/acrimat\/com-vendas-fracas-e-frigorificos-em-ferias-mercado-da-carne-segue-em-baixa\/#primaryimage\",\"url\":\"https:\/\/acompanheseuprojeto.com.br\/acrimat\/wp-content\/uploads\/2016\/05\/frigorifico4-300x206.jpg\",\"contentUrl\":\"https:\/\/acompanheseuprojeto.com.br\/acrimat\/wp-content\/uploads\/2016\/05\/frigorifico4-300x206.jpg\"},{\"@type\":\"BreadcrumbList\",\"@id\":\"https:\/\/acompanheseuprojeto.com.br\/acrimat\/com-vendas-fracas-e-frigorificos-em-ferias-mercado-da-carne-segue-em-baixa\/#breadcrumb\",\"itemListElement\":[{\"@type\":\"ListItem\",\"position\":1,\"name\":\"In\u00edcio\",\"item\":\"https:\/\/acompanheseuprojeto.com.br\/acrimat\/\"},{\"@type\":\"ListItem\",\"position\":2,\"name\":\"Com vendas fracas e frigor\u00edficos em f\u00e9rias, mercado da carne segue em baixa\"}]},{\"@type\":\"WebSite\",\"@id\":\"https:\/\/acompanheseuprojeto.com.br\/acrimat\/#website\",\"url\":\"https:\/\/acompanheseuprojeto.com.br\/acrimat\/\",\"name\":\"Acrimat\",\"description\":\"Associa\u00e7\u00e3o dos Criadores de Mato Grosso\",\"publisher\":{\"@id\":\"https:\/\/acompanheseuprojeto.com.br\/acrimat\/#organization\"},\"potentialAction\":[{\"@type\":\"SearchAction\",\"target\":{\"@type\":\"EntryPoint\",\"urlTemplate\":\"https:\/\/acompanheseuprojeto.com.br\/acrimat\/?s={search_term_string}\"},\"query-input\":{\"@type\":\"PropertyValueSpecification\",\"valueRequired\":true,\"valueName\":\"search_term_string\"}}],\"inLanguage\":\"pt-BR\"},{\"@type\":\"Organization\",\"@id\":\"https:\/\/acompanheseuprojeto.com.br\/acrimat\/#organization\",\"name\":\"Associa\u00e7\u00e3o dos Criadores de Mato Grosso\",\"url\":\"https:\/\/acompanheseuprojeto.com.br\/acrimat\/\",\"logo\":{\"@type\":\"ImageObject\",\"inLanguage\":\"pt-BR\",\"@id\":\"https:\/\/acompanheseuprojeto.com.br\/acrimat\/#\/schema\/logo\/image\/\",\"url\":\"https:\/\/acompanheseuprojeto.com.br\/acrimat\/wp-content\/uploads\/2018\/03\/logo-peq-original.png\",\"contentUrl\":\"https:\/\/acompanheseuprojeto.com.br\/acrimat\/wp-content\/uploads\/2018\/03\/logo-peq-original.png\",\"width\":174,\"height\":171,\"caption\":\"Associa\u00e7\u00e3o dos Criadores de Mato Grosso\"},\"image\":{\"@id\":\"https:\/\/acompanheseuprojeto.com.br\/acrimat\/#\/schema\/logo\/image\/\"}},{\"@type\":\"Person\",\"@id\":\"https:\/\/acompanheseuprojeto.com.br\/acrimat\/#\/schema\/person\/3d34bb8aba05880dee02197f876f0da3\",\"name\":\"Comunica\u00e7\u00e3o\",\"image\":{\"@type\":\"ImageObject\",\"inLanguage\":\"pt-BR\",\"@id\":\"https:\/\/acompanheseuprojeto.com.br\/acrimat\/#\/schema\/person\/image\/\",\"url\":\"https:\/\/secure.gravatar.com\/avatar\/5d9ac04c8e5020ba74e4c1a116e647dc?s=96&d=mm&r=g\",\"contentUrl\":\"https:\/\/secure.gravatar.com\/avatar\/5d9ac04c8e5020ba74e4c1a116e647dc?s=96&d=mm&r=g\",\"caption\":\"Comunica\u00e7\u00e3o\"},\"url\":\"https:\/\/acompanheseuprojeto.com.br\/acrimat\/author\/rodrigo\/\"}]}<\/script>\n<!-- \/ Yoast SEO plugin. -->","yoast_head_json":{"title":"Com vendas fracas e frigor\u00edficos em f\u00e9rias, mercado da carne segue em baixa - Acrimat","robots":{"index":"index","follow":"follow","max-snippet":"max-snippet:-1","max-image-preview":"max-image-preview:large","max-video-preview":"max-video-preview:-1"},"canonical":"https:\/\/acompanheseuprojeto.com.br\/acrimat\/com-vendas-fracas-e-frigorificos-em-ferias-mercado-da-carne-segue-em-baixa\/","og_locale":"pt_BR","og_type":"article","og_title":"Com vendas fracas e frigor\u00edficos em f\u00e9rias, mercado da carne segue em baixa - Acrimat","og_description":"No acumulado, perda \u00e9 de 5,7% na cota\u00e7\u00e3o, segundo levantamento da Scot","og_url":"https:\/\/acompanheseuprojeto.com.br\/acrimat\/com-vendas-fracas-e-frigorificos-em-ferias-mercado-da-carne-segue-em-baixa\/","og_site_name":"Acrimat","article_published_time":"2017-02-13T14:16:04+00:00","article_modified_time":"2017-02-13T14:20:09+00:00","og_image":[{"url":"https:\/\/acompanheseuprojeto.com.br\/acrimat\/wp-content\/uploads\/2016\/05\/frigorifico4-300x206.jpg","type":"","width":"","height":""}],"author":"Comunica\u00e7\u00e3o","twitter_card":"summary_large_image","twitter_misc":{"Escrito por":"Comunica\u00e7\u00e3o","Est. tempo de leitura":"2 minutos"},"schema":{"@context":"https:\/\/schema.org","@graph":[{"@type":"Article","@id":"https:\/\/acompanheseuprojeto.com.br\/acrimat\/com-vendas-fracas-e-frigorificos-em-ferias-mercado-da-carne-segue-em-baixa\/#article","isPartOf":{"@id":"https:\/\/acompanheseuprojeto.com.br\/acrimat\/com-vendas-fracas-e-frigorificos-em-ferias-mercado-da-carne-segue-em-baixa\/"},"author":{"name":"Comunica\u00e7\u00e3o","@id":"https:\/\/acompanheseuprojeto.com.br\/acrimat\/#\/schema\/person\/3d34bb8aba05880dee02197f876f0da3"},"headline":"Com vendas fracas e frigor\u00edficos em f\u00e9rias, mercado da carne segue em baixa","datePublished":"2017-02-13T14:16:04+00:00","dateModified":"2017-02-13T14:20:09+00:00","mainEntityOfPage":{"@id":"https:\/\/acompanheseuprojeto.com.br\/acrimat\/com-vendas-fracas-e-frigorificos-em-ferias-mercado-da-carne-segue-em-baixa\/"},"wordCount":343,"publisher":{"@id":"https:\/\/acompanheseuprojeto.com.br\/acrimat\/#organization"},"image":{"@id":"https:\/\/acompanheseuprojeto.com.br\/acrimat\/com-vendas-fracas-e-frigorificos-em-ferias-mercado-da-carne-segue-em-baixa\/#primaryimage"},"thumbnailUrl":"https:\/\/acompanheseuprojeto.com.br\/acrimat\/wp-content\/uploads\/2016\/05\/frigorifico4-300x206.jpg","articleSection":["Destaques","Not\u00edcias"],"inLanguage":"pt-BR"},{"@type":"WebPage","@id":"https:\/\/acompanheseuprojeto.com.br\/acrimat\/com-vendas-fracas-e-frigorificos-em-ferias-mercado-da-carne-segue-em-baixa\/","url":"https:\/\/acompanheseuprojeto.com.br\/acrimat\/com-vendas-fracas-e-frigorificos-em-ferias-mercado-da-carne-segue-em-baixa\/","name":"Com vendas fracas e frigor\u00edficos em f\u00e9rias, mercado da carne segue em baixa - Acrimat","isPartOf":{"@id":"https:\/\/acompanheseuprojeto.com.br\/acrimat\/#website"},"primaryImageOfPage":{"@id":"https:\/\/acompanheseuprojeto.com.br\/acrimat\/com-vendas-fracas-e-frigorificos-em-ferias-mercado-da-carne-segue-em-baixa\/#primaryimage"},"image":{"@id":"https:\/\/acompanheseuprojeto.com.br\/acrimat\/com-vendas-fracas-e-frigorificos-em-ferias-mercado-da-carne-segue-em-baixa\/#primaryimage"},"thumbnailUrl":"https:\/\/acompanheseuprojeto.com.br\/acrimat\/wp-content\/uploads\/2016\/05\/frigorifico4-300x206.jpg","datePublished":"2017-02-13T14:16:04+00:00","dateModified":"2017-02-13T14:20:09+00:00","breadcrumb":{"@id":"https:\/\/acompanheseuprojeto.com.br\/acrimat\/com-vendas-fracas-e-frigorificos-em-ferias-mercado-da-carne-segue-em-baixa\/#breadcrumb"},"inLanguage":"pt-BR","potentialAction":[{"@type":"ReadAction","target":["https:\/\/acompanheseuprojeto.com.br\/acrimat\/com-vendas-fracas-e-frigorificos-em-ferias-mercado-da-carne-segue-em-baixa\/"]}]},{"@type":"ImageObject","inLanguage":"pt-BR","@id":"https:\/\/acompanheseuprojeto.com.br\/acrimat\/com-vendas-fracas-e-frigorificos-em-ferias-mercado-da-carne-segue-em-baixa\/#primaryimage","url":"https:\/\/acompanheseuprojeto.com.br\/acrimat\/wp-content\/uploads\/2016\/05\/frigorifico4-300x206.jpg","contentUrl":"https:\/\/acompanheseuprojeto.com.br\/acrimat\/wp-content\/uploads\/2016\/05\/frigorifico4-300x206.jpg"},{"@type":"BreadcrumbList","@id":"https:\/\/acompanheseuprojeto.com.br\/acrimat\/com-vendas-fracas-e-frigorificos-em-ferias-mercado-da-carne-segue-em-baixa\/#breadcrumb","itemListElement":[{"@type":"ListItem","position":1,"name":"In\u00edcio","item":"https:\/\/acompanheseuprojeto.com.br\/acrimat\/"},{"@type":"ListItem","position":2,"name":"Com vendas fracas e frigor\u00edficos em f\u00e9rias, mercado da carne segue em baixa"}]},{"@type":"WebSite","@id":"https:\/\/acompanheseuprojeto.com.br\/acrimat\/#website","url":"https:\/\/acompanheseuprojeto.com.br\/acrimat\/","name":"Acrimat","description":"Associa\u00e7\u00e3o dos Criadores de Mato Grosso","publisher":{"@id":"https:\/\/acompanheseuprojeto.com.br\/acrimat\/#organization"},"potentialAction":[{"@type":"SearchAction","target":{"@type":"EntryPoint","urlTemplate":"https:\/\/acompanheseuprojeto.com.br\/acrimat\/?s={search_term_string}"},"query-input":{"@type":"PropertyValueSpecification","valueRequired":true,"valueName":"search_term_string"}}],"inLanguage":"pt-BR"},{"@type":"Organization","@id":"https:\/\/acompanheseuprojeto.com.br\/acrimat\/#organization","name":"Associa\u00e7\u00e3o dos Criadores de Mato Grosso","url":"https:\/\/acompanheseuprojeto.com.br\/acrimat\/","logo":{"@type":"ImageObject","inLanguage":"pt-BR","@id":"https:\/\/acompanheseuprojeto.com.br\/acrimat\/#\/schema\/logo\/image\/","url":"https:\/\/acompanheseuprojeto.com.br\/acrimat\/wp-content\/uploads\/2018\/03\/logo-peq-original.png","contentUrl":"https:\/\/acompanheseuprojeto.com.br\/acrimat\/wp-content\/uploads\/2018\/03\/logo-peq-original.png","width":174,"height":171,"caption":"Associa\u00e7\u00e3o dos Criadores de Mato Grosso"},"image":{"@id":"https:\/\/acompanheseuprojeto.com.br\/acrimat\/#\/schema\/logo\/image\/"}},{"@type":"Person","@id":"https:\/\/acompanheseuprojeto.com.br\/acrimat\/#\/schema\/person\/3d34bb8aba05880dee02197f876f0da3","name":"Comunica\u00e7\u00e3o","image":{"@type":"ImageObject","inLanguage":"pt-BR","@id":"https:\/\/acompanheseuprojeto.com.br\/acrimat\/#\/schema\/person\/image\/","url":"https:\/\/secure.gravatar.com\/avatar\/5d9ac04c8e5020ba74e4c1a116e647dc?s=96&d=mm&r=g","contentUrl":"https:\/\/secure.gravatar.com\/avatar\/5d9ac04c8e5020ba74e4c1a116e647dc?s=96&d=mm&r=g","caption":"Comunica\u00e7\u00e3o"},"url":"https:\/\/acompanheseuprojeto.com.br\/acrimat\/author\/rodrigo\/"}]}},"_links":{"self":[{"href":"https:\/\/acompanheseuprojeto.com.br\/acrimat\/wp-json\/wp\/v2\/posts\/97979986","targetHints":{"allow":["GET"]}}],"collection":[{"href":"https:\/\/acompanheseuprojeto.com.br\/acrimat\/wp-json\/wp\/v2\/posts"}],"about":[{"href":"https:\/\/acompanheseuprojeto.com.br\/acrimat\/wp-json\/wp\/v2\/types\/post"}],"author":[{"embeddable":true,"href":"https:\/\/acompanheseuprojeto.com.br\/acrimat\/wp-json\/wp\/v2\/users\/4"}],"replies":[{"embeddable":true,"href":"https:\/\/acompanheseuprojeto.com.br\/acrimat\/wp-json\/wp\/v2\/comments?post=97979986"}],"version-history":[{"count":1,"href":"https:\/\/acompanheseuprojeto.com.br\/acrimat\/wp-json\/wp\/v2\/posts\/97979986\/revisions"}],"predecessor-version":[{"id":97979987,"href":"https:\/\/acompanheseuprojeto.com.br\/acrimat\/wp-json\/wp\/v2\/posts\/97979986\/revisions\/97979987"}],"wp:attachment":[{"href":"https:\/\/acompanheseuprojeto.com.br\/acrimat\/wp-json\/wp\/v2\/media?parent=97979986"}],"wp:term":[{"taxonomy":"category","embeddable":true,"href":"https:\/\/acompanheseuprojeto.com.br\/acrimat\/wp-json\/wp\/v2\/categories?post=97979986"},{"taxonomy":"post_tag","embeddable":true,"href":"https:\/\/acompanheseuprojeto.com.br\/acrimat\/wp-json\/wp\/v2\/tags?post=97979986"}],"curies":[{"name":"wp","href":"https:\/\/api.w.org\/{rel}","templated":true}]}}