{"id":97979990,"date":"2017-02-13T11:19:32","date_gmt":"2017-02-13T14:19:32","guid":{"rendered":"https:\/\/acompanheseuprojeto.com.br\/acrimat\/?p=97979990"},"modified":"2017-02-13T11:20:00","modified_gmt":"2017-02-13T14:20:00","slug":"pecuaristas-pedem-apoio-de-pedro-taques","status":"publish","type":"post","link":"https:\/\/acompanheseuprojeto.com.br\/acrimat\/pecuaristas-pedem-apoio-de-pedro-taques\/","title":{"rendered":"Pecuaristas pedem apoio de Pedro Taques"},"content":{"rendered":"<p style=\"text-align: justify;\"><a href=\"https:\/\/acompanheseuprojeto.com.br\/acrimat\/wp-content\/uploads\/2017\/02\/500565.jpg\"><img decoding=\"async\" class=\"alignright size-full wp-image-97979991\" src=\"https:\/\/acompanheseuprojeto.com.br\/acrimat\/wp-content\/uploads\/2017\/02\/500565.jpg\" alt=\"\" width=\"243\" height=\"162\" \/><\/a>Em Cuiab\u00e1, um novo cen\u00e1rio para realiza\u00e7\u00e3o de feiras agropecu\u00e1rias e outros eventos similares, \u00e0 altura do patamar mato-grossense na esfera do agroneg\u00f3cio. Essa \u00e9 a meta do sindicato rural, Acrimat e da Nelore Mato Grosso, que a apresentaram ao governador Pedro Taques juntamente com o pedido para que o governo invista nessa proposta. Taques deu o sinal verde, mas o condicionou: quer conhecer o projeto e a defini\u00e7\u00e3o fundi\u00e1ria da \u00e1rea para a constru\u00e7\u00e3o.<\/p>\n<p style=\"text-align: justify;\">Taques foi recebido ontem pelo sindicato rural, Associa\u00e7\u00e3o dos Criadores de Mato Grosso (Acrimat) e da Associa\u00e7\u00e3o dos Criadores de Nelore de Mato Grosso (Nelore Mato Grosso) que lhe ofereceram um caf\u00e9 da manh\u00e3 no Parque de Exposi\u00e7\u00f5es Senador Jonas Pinheiro, onde ouviu a reivindica\u00e7\u00e3o feita pelo empres\u00e1rio e sindicalista rural Jorge Pires, em nome das tr\u00eas entidades do agroneg\u00f3cio.<\/p>\n<p style=\"text-align: justify;\">Jorge Pires explicou que o parque instalado numa \u00e1rea de 17 hectares no bairro Porto, em estrutura acanhada, n\u00e3o \u00e9 boa vitrine para o agroneg\u00f3cio mato-grossense que responde pelo maior rebanho bovino nacional, pela metade do algod\u00e3o brasileiro e lidera a produ\u00e7\u00e3o de soja e milho safrinha no pa\u00eds. A meta \u00e9 a virar a p\u00e1gina atual sem necessidade de sua transfer\u00eancia para outro local e transform\u00e1-lo numa das refer\u00eancias em feiras agropecu\u00e1rias, como parte da moderniza\u00e7\u00e3o da capital para seu tricenten\u00e1rio em 8 de abril de 2019. Para tanto, as tr\u00eas entidades defendem a constru\u00e7\u00e3o de uma estrutura futurista e que ao mesmo tempo tenha funcionalidade. Sem recursos para tanto, os idealizadores do projeto buscaram o apoio do governo estadual.<\/p>\n<p style=\"text-align: justify;\">Taques disse que est\u00e1 disposto a participar, mas para isso precisa conhecer o projeto e quer a defini\u00e7\u00e3o da titularidade da \u00e1rea do parque, porque h\u00e1 d\u00favida quanto a isso. Jorge Pires assegurou ao governador que em 10 ou 15 dias o projeto ser\u00e1 elaborado pelos arquitetos Ant\u00f4nio Carlos C\u00e2ndia e Jhonny Rother. Sobre a titula\u00e7\u00e3o do terreno, ele argumentou que se trata de \u00e1rea p\u00fablica e que sua ocupa\u00e7\u00e3o pelas entidades evitaria inclusive que a mesma fosse invadida. Otimista, o sindicalista definiu que a constru\u00e7\u00e3o come\u00e7ar\u00e1 em 1\u00ba de mar\u00e7o, mas n\u00e3o revelou seu custo global, que somente ser\u00e1 definido ap\u00f3s a conclus\u00e3o do projeto de arquitetura. Anfitri\u00f5es e Taques definiram que o projeto ser\u00e1 apresentado oficialmente numa solenidade no Pal\u00e1cio Paiagu\u00e1s.<\/p>\n<p style=\"text-align: justify;\">O parque se situa numa \u00e1rea que foi alagada quando da grande enchente do rio Cuiab\u00e1 em 1974. Seus antigos moradores foram retirados e posteriormente um acordo entre a prefeitura, governo e o sindicato rural permitiu que a Expoagro, que at\u00e9 ent\u00e3o era realizada numa \u00e1rea do Minist\u00e9rio da Agricultura, no bairro da Manga, em V\u00e1rzea Grande, foi transferida para aquele local.<\/p>\n<p style=\"text-align: justify;\">A cidade cresceu no entorno do parque e em 2010, quando estavam em curso os preparativos para a realiza\u00e7\u00e3o da Copa do Mundo de 2014, o governo, a prefeitura, o sindicato rural e a Acrimat chegaram a um entendimento para transform\u00e1-lo num Fan Park, que ficaria como \u00e1rea de lazer permanente num pacote dos legados da Copa. Em troca o governo cederia em comodato \u00e0s entidades uma \u00e1rea de 100 hectares ao lado da Rodovia Palmiro Paes de Barros, que liga a capital a Santo Ant\u00f4nio de Leverger e doaria recursos para parte da constru\u00e7\u00e3o das instala\u00e7\u00f5es. Esse entendimento foi por \u00e1gua abaixo e nunca saiu do papel. Na Copa o parque de exposi\u00e7\u00f5es foi Fan Park, mas utilizando as arquibancadas j\u00e1 existentes.<\/p>\n<p style=\"text-align: justify;\"><strong>VITRINE \u2013 <\/strong>Ao apresentar a proposta ao governador, Jorge Pires argumentou que Cuiab\u00e1 precisa de uma grande vitrine para o agroneg\u00f3cio mato-grossense. Sua meta \u00e9 transform\u00e1-la num grande polo irradiador da vitalidade desse segmento econ\u00f4mico, tirando proveito dessa condi\u00e7\u00e3o para a economia cuiabana, porque o novo parque poderia sediar permanentemente diversos eventos da cadeia do agroneg\u00f3cio e, com isso, promover o turismo de neg\u00f3cios, o que reduziria a baixa taxa de ocupa\u00e7\u00e3o da rede hoteleira e tamb\u00e9m incrementaria outros setores.<\/p>\n","protected":false},"excerpt":{"rendered":"<p>Ideia \u00e9 edificar onde hoje est\u00e1 o Parque de Exposi\u00e7\u00f5es Senador Jonas Pinheiro, em Cuiab\u00e1<\/p>\n","protected":false},"author":4,"featured_media":97979991,"comment_status":"closed","ping_status":"closed","sticky":false,"template":"","format":"standard","meta":{"footnotes":""},"categories":[6,1],"tags":[],"class_list":["post-97979990","post","type-post","status-publish","format-standard","has-post-thumbnail","hentry","category-destaque","category-noticia"],"yoast_head":"<!-- This site is optimized with the Yoast SEO plugin v24.2 - https:\/\/yoast.com\/wordpress\/plugins\/seo\/ -->\n<title>Pecuaristas pedem apoio de Pedro Taques - Acrimat<\/title>\n<meta name=\"robots\" content=\"index, follow, max-snippet:-1, max-image-preview:large, max-video-preview:-1\" \/>\n<link rel=\"canonical\" href=\"https:\/\/acompanheseuprojeto.com.br\/acrimat\/pecuaristas-pedem-apoio-de-pedro-taques\/\" \/>\n<meta property=\"og:locale\" content=\"pt_BR\" \/>\n<meta property=\"og:type\" content=\"article\" \/>\n<meta property=\"og:title\" content=\"Pecuaristas pedem apoio de Pedro Taques - Acrimat\" \/>\n<meta property=\"og:description\" content=\"Ideia \u00e9 edificar onde hoje est\u00e1 o Parque de Exposi\u00e7\u00f5es Senador Jonas Pinheiro, em Cuiab\u00e1\" \/>\n<meta property=\"og:url\" content=\"https:\/\/acompanheseuprojeto.com.br\/acrimat\/pecuaristas-pedem-apoio-de-pedro-taques\/\" \/>\n<meta property=\"og:site_name\" content=\"Acrimat\" \/>\n<meta property=\"article:published_time\" content=\"2017-02-13T14:19:32+00:00\" \/>\n<meta property=\"article:modified_time\" content=\"2017-02-13T14:20:00+00:00\" \/>\n<meta property=\"og:image\" content=\"https:\/\/acompanheseuprojeto.com.br\/acrimat\/wp-content\/uploads\/2017\/02\/500565.jpg\" \/>\n\t<meta property=\"og:image:width\" content=\"243\" \/>\n\t<meta property=\"og:image:height\" content=\"162\" \/>\n\t<meta property=\"og:image:type\" content=\"image\/jpeg\" \/>\n<meta name=\"author\" content=\"Comunica\u00e7\u00e3o\" \/>\n<meta name=\"twitter:card\" content=\"summary_large_image\" \/>\n<meta name=\"twitter:label1\" content=\"Escrito por\" \/>\n\t<meta name=\"twitter:data1\" content=\"Comunica\u00e7\u00e3o\" \/>\n\t<meta name=\"twitter:label2\" content=\"Est. tempo de leitura\" \/>\n\t<meta name=\"twitter:data2\" content=\"3 minutos\" \/>\n<script type=\"application\/ld+json\" class=\"yoast-schema-graph\">{\"@context\":\"https:\/\/schema.org\",\"@graph\":[{\"@type\":\"Article\",\"@id\":\"https:\/\/acompanheseuprojeto.com.br\/acrimat\/pecuaristas-pedem-apoio-de-pedro-taques\/#article\",\"isPartOf\":{\"@id\":\"https:\/\/acompanheseuprojeto.com.br\/acrimat\/pecuaristas-pedem-apoio-de-pedro-taques\/\"},\"author\":{\"name\":\"Comunica\u00e7\u00e3o\",\"@id\":\"https:\/\/acompanheseuprojeto.com.br\/acrimat\/#\/schema\/person\/3d34bb8aba05880dee02197f876f0da3\"},\"headline\":\"Pecuaristas pedem apoio de Pedro Taques\",\"datePublished\":\"2017-02-13T14:19:32+00:00\",\"dateModified\":\"2017-02-13T14:20:00+00:00\",\"mainEntityOfPage\":{\"@id\":\"https:\/\/acompanheseuprojeto.com.br\/acrimat\/pecuaristas-pedem-apoio-de-pedro-taques\/\"},\"wordCount\":695,\"publisher\":{\"@id\":\"https:\/\/acompanheseuprojeto.com.br\/acrimat\/#organization\"},\"image\":{\"@id\":\"https:\/\/acompanheseuprojeto.com.br\/acrimat\/pecuaristas-pedem-apoio-de-pedro-taques\/#primaryimage\"},\"thumbnailUrl\":\"https:\/\/acompanheseuprojeto.com.br\/acrimat\/wp-content\/uploads\/2017\/02\/500565.jpg\",\"articleSection\":[\"Destaques\",\"Not\u00edcias\"],\"inLanguage\":\"pt-BR\"},{\"@type\":\"WebPage\",\"@id\":\"https:\/\/acompanheseuprojeto.com.br\/acrimat\/pecuaristas-pedem-apoio-de-pedro-taques\/\",\"url\":\"https:\/\/acompanheseuprojeto.com.br\/acrimat\/pecuaristas-pedem-apoio-de-pedro-taques\/\",\"name\":\"Pecuaristas pedem apoio de Pedro Taques - Acrimat\",\"isPartOf\":{\"@id\":\"https:\/\/acompanheseuprojeto.com.br\/acrimat\/#website\"},\"primaryImageOfPage\":{\"@id\":\"https:\/\/acompanheseuprojeto.com.br\/acrimat\/pecuaristas-pedem-apoio-de-pedro-taques\/#primaryimage\"},\"image\":{\"@id\":\"https:\/\/acompanheseuprojeto.com.br\/acrimat\/pecuaristas-pedem-apoio-de-pedro-taques\/#primaryimage\"},\"thumbnailUrl\":\"https:\/\/acompanheseuprojeto.com.br\/acrimat\/wp-content\/uploads\/2017\/02\/500565.jpg\",\"datePublished\":\"2017-02-13T14:19:32+00:00\",\"dateModified\":\"2017-02-13T14:20:00+00:00\",\"breadcrumb\":{\"@id\":\"https:\/\/acompanheseuprojeto.com.br\/acrimat\/pecuaristas-pedem-apoio-de-pedro-taques\/#breadcrumb\"},\"inLanguage\":\"pt-BR\",\"potentialAction\":[{\"@type\":\"ReadAction\",\"target\":[\"https:\/\/acompanheseuprojeto.com.br\/acrimat\/pecuaristas-pedem-apoio-de-pedro-taques\/\"]}]},{\"@type\":\"ImageObject\",\"inLanguage\":\"pt-BR\",\"@id\":\"https:\/\/acompanheseuprojeto.com.br\/acrimat\/pecuaristas-pedem-apoio-de-pedro-taques\/#primaryimage\",\"url\":\"https:\/\/acompanheseuprojeto.com.br\/acrimat\/wp-content\/uploads\/2017\/02\/500565.jpg\",\"contentUrl\":\"https:\/\/acompanheseuprojeto.com.br\/acrimat\/wp-content\/uploads\/2017\/02\/500565.jpg\",\"width\":243,\"height\":162},{\"@type\":\"BreadcrumbList\",\"@id\":\"https:\/\/acompanheseuprojeto.com.br\/acrimat\/pecuaristas-pedem-apoio-de-pedro-taques\/#breadcrumb\",\"itemListElement\":[{\"@type\":\"ListItem\",\"position\":1,\"name\":\"In\u00edcio\",\"item\":\"https:\/\/acompanheseuprojeto.com.br\/acrimat\/\"},{\"@type\":\"ListItem\",\"position\":2,\"name\":\"Pecuaristas pedem apoio de Pedro Taques\"}]},{\"@type\":\"WebSite\",\"@id\":\"https:\/\/acompanheseuprojeto.com.br\/acrimat\/#website\",\"url\":\"https:\/\/acompanheseuprojeto.com.br\/acrimat\/\",\"name\":\"Acrimat\",\"description\":\"Associa\u00e7\u00e3o dos Criadores de Mato Grosso\",\"publisher\":{\"@id\":\"https:\/\/acompanheseuprojeto.com.br\/acrimat\/#organization\"},\"potentialAction\":[{\"@type\":\"SearchAction\",\"target\":{\"@type\":\"EntryPoint\",\"urlTemplate\":\"https:\/\/acompanheseuprojeto.com.br\/acrimat\/?s={search_term_string}\"},\"query-input\":{\"@type\":\"PropertyValueSpecification\",\"valueRequired\":true,\"valueName\":\"search_term_string\"}}],\"inLanguage\":\"pt-BR\"},{\"@type\":\"Organization\",\"@id\":\"https:\/\/acompanheseuprojeto.com.br\/acrimat\/#organization\",\"name\":\"Associa\u00e7\u00e3o dos Criadores de Mato Grosso\",\"url\":\"https:\/\/acompanheseuprojeto.com.br\/acrimat\/\",\"logo\":{\"@type\":\"ImageObject\",\"inLanguage\":\"pt-BR\",\"@id\":\"https:\/\/acompanheseuprojeto.com.br\/acrimat\/#\/schema\/logo\/image\/\",\"url\":\"https:\/\/acompanheseuprojeto.com.br\/acrimat\/wp-content\/uploads\/2018\/03\/logo-peq-original.png\",\"contentUrl\":\"https:\/\/acompanheseuprojeto.com.br\/acrimat\/wp-content\/uploads\/2018\/03\/logo-peq-original.png\",\"width\":174,\"height\":171,\"caption\":\"Associa\u00e7\u00e3o dos Criadores de Mato Grosso\"},\"image\":{\"@id\":\"https:\/\/acompanheseuprojeto.com.br\/acrimat\/#\/schema\/logo\/image\/\"}},{\"@type\":\"Person\",\"@id\":\"https:\/\/acompanheseuprojeto.com.br\/acrimat\/#\/schema\/person\/3d34bb8aba05880dee02197f876f0da3\",\"name\":\"Comunica\u00e7\u00e3o\",\"image\":{\"@type\":\"ImageObject\",\"inLanguage\":\"pt-BR\",\"@id\":\"https:\/\/acompanheseuprojeto.com.br\/acrimat\/#\/schema\/person\/image\/\",\"url\":\"https:\/\/secure.gravatar.com\/avatar\/5d9ac04c8e5020ba74e4c1a116e647dc?s=96&d=mm&r=g\",\"contentUrl\":\"https:\/\/secure.gravatar.com\/avatar\/5d9ac04c8e5020ba74e4c1a116e647dc?s=96&d=mm&r=g\",\"caption\":\"Comunica\u00e7\u00e3o\"},\"url\":\"https:\/\/acompanheseuprojeto.com.br\/acrimat\/author\/rodrigo\/\"}]}<\/script>\n<!-- \/ Yoast SEO plugin. -->","yoast_head_json":{"title":"Pecuaristas pedem apoio de Pedro Taques - Acrimat","robots":{"index":"index","follow":"follow","max-snippet":"max-snippet:-1","max-image-preview":"max-image-preview:large","max-video-preview":"max-video-preview:-1"},"canonical":"https:\/\/acompanheseuprojeto.com.br\/acrimat\/pecuaristas-pedem-apoio-de-pedro-taques\/","og_locale":"pt_BR","og_type":"article","og_title":"Pecuaristas pedem apoio de Pedro Taques - Acrimat","og_description":"Ideia \u00e9 edificar onde hoje est\u00e1 o Parque de Exposi\u00e7\u00f5es Senador Jonas Pinheiro, em Cuiab\u00e1","og_url":"https:\/\/acompanheseuprojeto.com.br\/acrimat\/pecuaristas-pedem-apoio-de-pedro-taques\/","og_site_name":"Acrimat","article_published_time":"2017-02-13T14:19:32+00:00","article_modified_time":"2017-02-13T14:20:00+00:00","og_image":[{"width":243,"height":162,"url":"https:\/\/acompanheseuprojeto.com.br\/acrimat\/wp-content\/uploads\/2017\/02\/500565.jpg","type":"image\/jpeg"}],"author":"Comunica\u00e7\u00e3o","twitter_card":"summary_large_image","twitter_misc":{"Escrito por":"Comunica\u00e7\u00e3o","Est. tempo de leitura":"3 minutos"},"schema":{"@context":"https:\/\/schema.org","@graph":[{"@type":"Article","@id":"https:\/\/acompanheseuprojeto.com.br\/acrimat\/pecuaristas-pedem-apoio-de-pedro-taques\/#article","isPartOf":{"@id":"https:\/\/acompanheseuprojeto.com.br\/acrimat\/pecuaristas-pedem-apoio-de-pedro-taques\/"},"author":{"name":"Comunica\u00e7\u00e3o","@id":"https:\/\/acompanheseuprojeto.com.br\/acrimat\/#\/schema\/person\/3d34bb8aba05880dee02197f876f0da3"},"headline":"Pecuaristas pedem apoio de Pedro Taques","datePublished":"2017-02-13T14:19:32+00:00","dateModified":"2017-02-13T14:20:00+00:00","mainEntityOfPage":{"@id":"https:\/\/acompanheseuprojeto.com.br\/acrimat\/pecuaristas-pedem-apoio-de-pedro-taques\/"},"wordCount":695,"publisher":{"@id":"https:\/\/acompanheseuprojeto.com.br\/acrimat\/#organization"},"image":{"@id":"https:\/\/acompanheseuprojeto.com.br\/acrimat\/pecuaristas-pedem-apoio-de-pedro-taques\/#primaryimage"},"thumbnailUrl":"https:\/\/acompanheseuprojeto.com.br\/acrimat\/wp-content\/uploads\/2017\/02\/500565.jpg","articleSection":["Destaques","Not\u00edcias"],"inLanguage":"pt-BR"},{"@type":"WebPage","@id":"https:\/\/acompanheseuprojeto.com.br\/acrimat\/pecuaristas-pedem-apoio-de-pedro-taques\/","url":"https:\/\/acompanheseuprojeto.com.br\/acrimat\/pecuaristas-pedem-apoio-de-pedro-taques\/","name":"Pecuaristas pedem apoio de Pedro Taques - Acrimat","isPartOf":{"@id":"https:\/\/acompanheseuprojeto.com.br\/acrimat\/#website"},"primaryImageOfPage":{"@id":"https:\/\/acompanheseuprojeto.com.br\/acrimat\/pecuaristas-pedem-apoio-de-pedro-taques\/#primaryimage"},"image":{"@id":"https:\/\/acompanheseuprojeto.com.br\/acrimat\/pecuaristas-pedem-apoio-de-pedro-taques\/#primaryimage"},"thumbnailUrl":"https:\/\/acompanheseuprojeto.com.br\/acrimat\/wp-content\/uploads\/2017\/02\/500565.jpg","datePublished":"2017-02-13T14:19:32+00:00","dateModified":"2017-02-13T14:20:00+00:00","breadcrumb":{"@id":"https:\/\/acompanheseuprojeto.com.br\/acrimat\/pecuaristas-pedem-apoio-de-pedro-taques\/#breadcrumb"},"inLanguage":"pt-BR","potentialAction":[{"@type":"ReadAction","target":["https:\/\/acompanheseuprojeto.com.br\/acrimat\/pecuaristas-pedem-apoio-de-pedro-taques\/"]}]},{"@type":"ImageObject","inLanguage":"pt-BR","@id":"https:\/\/acompanheseuprojeto.com.br\/acrimat\/pecuaristas-pedem-apoio-de-pedro-taques\/#primaryimage","url":"https:\/\/acompanheseuprojeto.com.br\/acrimat\/wp-content\/uploads\/2017\/02\/500565.jpg","contentUrl":"https:\/\/acompanheseuprojeto.com.br\/acrimat\/wp-content\/uploads\/2017\/02\/500565.jpg","width":243,"height":162},{"@type":"BreadcrumbList","@id":"https:\/\/acompanheseuprojeto.com.br\/acrimat\/pecuaristas-pedem-apoio-de-pedro-taques\/#breadcrumb","itemListElement":[{"@type":"ListItem","position":1,"name":"In\u00edcio","item":"https:\/\/acompanheseuprojeto.com.br\/acrimat\/"},{"@type":"ListItem","position":2,"name":"Pecuaristas pedem apoio de Pedro Taques"}]},{"@type":"WebSite","@id":"https:\/\/acompanheseuprojeto.com.br\/acrimat\/#website","url":"https:\/\/acompanheseuprojeto.com.br\/acrimat\/","name":"Acrimat","description":"Associa\u00e7\u00e3o dos Criadores de Mato Grosso","publisher":{"@id":"https:\/\/acompanheseuprojeto.com.br\/acrimat\/#organization"},"potentialAction":[{"@type":"SearchAction","target":{"@type":"EntryPoint","urlTemplate":"https:\/\/acompanheseuprojeto.com.br\/acrimat\/?s={search_term_string}"},"query-input":{"@type":"PropertyValueSpecification","valueRequired":true,"valueName":"search_term_string"}}],"inLanguage":"pt-BR"},{"@type":"Organization","@id":"https:\/\/acompanheseuprojeto.com.br\/acrimat\/#organization","name":"Associa\u00e7\u00e3o dos Criadores de Mato Grosso","url":"https:\/\/acompanheseuprojeto.com.br\/acrimat\/","logo":{"@type":"ImageObject","inLanguage":"pt-BR","@id":"https:\/\/acompanheseuprojeto.com.br\/acrimat\/#\/schema\/logo\/image\/","url":"https:\/\/acompanheseuprojeto.com.br\/acrimat\/wp-content\/uploads\/2018\/03\/logo-peq-original.png","contentUrl":"https:\/\/acompanheseuprojeto.com.br\/acrimat\/wp-content\/uploads\/2018\/03\/logo-peq-original.png","width":174,"height":171,"caption":"Associa\u00e7\u00e3o dos Criadores de Mato Grosso"},"image":{"@id":"https:\/\/acompanheseuprojeto.com.br\/acrimat\/#\/schema\/logo\/image\/"}},{"@type":"Person","@id":"https:\/\/acompanheseuprojeto.com.br\/acrimat\/#\/schema\/person\/3d34bb8aba05880dee02197f876f0da3","name":"Comunica\u00e7\u00e3o","image":{"@type":"ImageObject","inLanguage":"pt-BR","@id":"https:\/\/acompanheseuprojeto.com.br\/acrimat\/#\/schema\/person\/image\/","url":"https:\/\/secure.gravatar.com\/avatar\/5d9ac04c8e5020ba74e4c1a116e647dc?s=96&d=mm&r=g","contentUrl":"https:\/\/secure.gravatar.com\/avatar\/5d9ac04c8e5020ba74e4c1a116e647dc?s=96&d=mm&r=g","caption":"Comunica\u00e7\u00e3o"},"url":"https:\/\/acompanheseuprojeto.com.br\/acrimat\/author\/rodrigo\/"}]}},"_links":{"self":[{"href":"https:\/\/acompanheseuprojeto.com.br\/acrimat\/wp-json\/wp\/v2\/posts\/97979990","targetHints":{"allow":["GET"]}}],"collection":[{"href":"https:\/\/acompanheseuprojeto.com.br\/acrimat\/wp-json\/wp\/v2\/posts"}],"about":[{"href":"https:\/\/acompanheseuprojeto.com.br\/acrimat\/wp-json\/wp\/v2\/types\/post"}],"author":[{"embeddable":true,"href":"https:\/\/acompanheseuprojeto.com.br\/acrimat\/wp-json\/wp\/v2\/users\/4"}],"replies":[{"embeddable":true,"href":"https:\/\/acompanheseuprojeto.com.br\/acrimat\/wp-json\/wp\/v2\/comments?post=97979990"}],"version-history":[{"count":1,"href":"https:\/\/acompanheseuprojeto.com.br\/acrimat\/wp-json\/wp\/v2\/posts\/97979990\/revisions"}],"predecessor-version":[{"id":97979992,"href":"https:\/\/acompanheseuprojeto.com.br\/acrimat\/wp-json\/wp\/v2\/posts\/97979990\/revisions\/97979992"}],"wp:featuredmedia":[{"embeddable":true,"href":"https:\/\/acompanheseuprojeto.com.br\/acrimat\/wp-json\/wp\/v2\/media\/97979991"}],"wp:attachment":[{"href":"https:\/\/acompanheseuprojeto.com.br\/acrimat\/wp-json\/wp\/v2\/media?parent=97979990"}],"wp:term":[{"taxonomy":"category","embeddable":true,"href":"https:\/\/acompanheseuprojeto.com.br\/acrimat\/wp-json\/wp\/v2\/categories?post=97979990"},{"taxonomy":"post_tag","embeddable":true,"href":"https:\/\/acompanheseuprojeto.com.br\/acrimat\/wp-json\/wp\/v2\/tags?post=97979990"}],"curies":[{"name":"wp","href":"https:\/\/api.w.org\/{rel}","templated":true}]}}