{"id":97981062,"date":"2017-04-04T10:38:54","date_gmt":"2017-04-04T13:38:54","guid":{"rendered":"https:\/\/acompanheseuprojeto.com.br\/acrimat\/?p=97981062"},"modified":"2017-04-04T10:38:54","modified_gmt":"2017-04-04T13:38:54","slug":"unidade-do-frigorifico-minerva-em-mato-grosso-concede-ferias-coletivas","status":"publish","type":"post","link":"https:\/\/acompanheseuprojeto.com.br\/acrimat\/unidade-do-frigorifico-minerva-em-mato-grosso-concede-ferias-coletivas\/","title":{"rendered":"Unidade do frigor\u00edfico Minerva em Mato Grosso concede f\u00e9rias coletivas"},"content":{"rendered":"<div id=\"attachment_97981063\" style=\"width: 310px\" class=\"wp-caption alignright\"><a href=\"https:\/\/acompanheseuprojeto.com.br\/acrimat\/wp-content\/uploads\/2017\/04\/1490202084760.jpg\"><img fetchpriority=\"high\" decoding=\"async\" aria-describedby=\"caption-attachment-97981063\" class=\"size-medium wp-image-97981063\" src=\"https:\/\/acompanheseuprojeto.com.br\/acrimat\/wp-content\/uploads\/2017\/04\/1490202084760-300x200.jpg\" alt=\"\" width=\"300\" height=\"200\" srcset=\"https:\/\/acompanheseuprojeto.com.br\/acrimat\/wp-content\/uploads\/2017\/04\/1490202084760-300x200.jpg 300w, https:\/\/acompanheseuprojeto.com.br\/acrimat\/wp-content\/uploads\/2017\/04\/1490202084760-250x166.jpg 250w, https:\/\/acompanheseuprojeto.com.br\/acrimat\/wp-content\/uploads\/2017\/04\/1490202084760-550x366.jpg 550w, https:\/\/acompanheseuprojeto.com.br\/acrimat\/wp-content\/uploads\/2017\/04\/1490202084760-270x180.jpg 270w, https:\/\/acompanheseuprojeto.com.br\/acrimat\/wp-content\/uploads\/2017\/04\/1490202084760-451x300.jpg 451w, https:\/\/acompanheseuprojeto.com.br\/acrimat\/wp-content\/uploads\/2017\/04\/1490202084760-272x182.jpg 272w, https:\/\/acompanheseuprojeto.com.br\/acrimat\/wp-content\/uploads\/2017\/04\/1490202084760.jpg 610w\" sizes=\"(max-width: 300px) 100vw, 300px\" \/><\/a><p id=\"caption-attachment-97981063\" class=\"wp-caption-text\">O ministro da Agricultura acompanhou uma vistoria da qualidade das carnes em um supermercado de Bras\u00edlia<\/p><\/div>\n<p style=\"text-align: justify;\">A unidade de bovinos do Minerva de V\u00e1rzea Grande, em Mato Grosso, entra em f\u00e9rias coletivas a partir de hoje, 4, por um per\u00edodo de 20 dias. Segundo a empresa, o motivo \u00e9 uma parada de rotina para manuten\u00e7\u00e3o de maquin\u00e1rios e instala\u00e7\u00f5es. De acordo com o site do frigor\u00edfico, a f\u00e1brica tem capacidade de abate de 1.500 cabe\u00e7as por dia e de 1.100 cabe\u00e7as para desossa.<\/p>\n<p style=\"text-align: justify;\">Esta paralisa\u00e7\u00e3o deve adicionar mais press\u00e3o ao mercado pecu\u00e1rio do Pa\u00eds que foi fortemente abalado pela Opera\u00e7\u00e3o Carne Fraca da Pol\u00edcia Federal. Como consequ\u00eancia desta a\u00e7\u00e3o, por exemplo, a JBS concede a partir de hoje f\u00e9rias coletivas de 20 dias para 10 de suas 36 unidades de abate de bovinos no Brasil &#8211; uma em S\u00e3o Paulo, tr\u00eas em Mato Grosso do Sul, uma em Goi\u00e1s, quatro em Mato Grosso e uma no Par\u00e1. As f\u00e9rias coletivas podem se estender por mais dez dias. Segundo a empresa, a medida \u00e9 necess\u00e1ria em virtude das suspens\u00f5es tempor\u00e1rias impostas \u00e0 carne brasileira por alguns dos principais pa\u00edses importadores, assim como pela retra\u00e7\u00e3o nas vendas de carne bovina no mercado interno nos \u00faltimos dez dias. O Minerva n\u00e3o foi citado na Opera\u00e7\u00e3o Carne Fraca.<\/p>\n<p style=\"text-align: justify;\"><strong>Mercado pressionado. <\/strong>Os pre\u00e7os dos animais vivos prontos para o abate tiveram forte recuo desde a Opera\u00e7\u00e3o Carne Fraca, deflagrada pela Pol\u00edcia Federal em 17 de mar\u00e7o. Em Mato Grosso, o pre\u00e7o da arroba caiu de 2% a 4% do dia 16 para o dia 28 de mar\u00e7o, reduzindo de R$ 126,81 para R$ 123,11 em m\u00e9dia no Estado, segundo levantamento do Instituto Mato-Grossense de Economia Agropecu\u00e1ria (Imea). A Associa\u00e7\u00e3o dos Criadores de Mato Grosso (Acrimat) afirma que alguns pecuaristas relataram redu\u00e7\u00e3o de at\u00e9 10% no valor da arroba em 12 dias, passando de R$ 126 para at\u00e9 R$ 113 em algumas regi\u00f5es como no norte e noroeste do Estado.<\/p>\n","protected":false},"excerpt":{"rendered":"<p>Motivo \u00e9 uma parada de rotina para manuten\u00e7\u00e3o de maquin\u00e1rios e instala\u00e7\u00f5es; paralisa\u00e7\u00e3o deve adicionar mais press\u00e3o ao mercado pecu\u00e1rio do Pa\u00eds<\/p>\n","protected":false},"author":4,"featured_media":97981063,"comment_status":"closed","ping_status":"closed","sticky":false,"template":"","format":"standard","meta":{"footnotes":""},"categories":[6,1],"tags":[],"class_list":["post-97981062","post","type-post","status-publish","format-standard","has-post-thumbnail","hentry","category-destaque","category-noticia"],"yoast_head":"<!-- This site is optimized with the Yoast SEO plugin v24.2 - https:\/\/yoast.com\/wordpress\/plugins\/seo\/ -->\n<title>Unidade do frigor\u00edfico Minerva em Mato Grosso concede f\u00e9rias coletivas - Acrimat<\/title>\n<meta name=\"robots\" content=\"index, follow, max-snippet:-1, max-image-preview:large, max-video-preview:-1\" \/>\n<link rel=\"canonical\" href=\"https:\/\/acompanheseuprojeto.com.br\/acrimat\/unidade-do-frigorifico-minerva-em-mato-grosso-concede-ferias-coletivas\/\" \/>\n<meta property=\"og:locale\" content=\"pt_BR\" \/>\n<meta property=\"og:type\" content=\"article\" \/>\n<meta property=\"og:title\" content=\"Unidade do frigor\u00edfico Minerva em Mato Grosso concede f\u00e9rias coletivas - Acrimat\" \/>\n<meta property=\"og:description\" content=\"Motivo \u00e9 uma parada de rotina para manuten\u00e7\u00e3o de maquin\u00e1rios e instala\u00e7\u00f5es; paralisa\u00e7\u00e3o deve adicionar mais press\u00e3o ao mercado pecu\u00e1rio do Pa\u00eds\" \/>\n<meta property=\"og:url\" content=\"https:\/\/acompanheseuprojeto.com.br\/acrimat\/unidade-do-frigorifico-minerva-em-mato-grosso-concede-ferias-coletivas\/\" \/>\n<meta property=\"og:site_name\" content=\"Acrimat\" \/>\n<meta property=\"article:published_time\" content=\"2017-04-04T13:38:54+00:00\" \/>\n<meta property=\"og:image\" content=\"https:\/\/acompanheseuprojeto.com.br\/acrimat\/wp-content\/uploads\/2017\/04\/1490202084760.jpg\" \/>\n\t<meta property=\"og:image:width\" content=\"610\" \/>\n\t<meta property=\"og:image:height\" content=\"406\" \/>\n\t<meta property=\"og:image:type\" content=\"image\/jpeg\" \/>\n<meta name=\"author\" content=\"Comunica\u00e7\u00e3o\" \/>\n<meta name=\"twitter:card\" content=\"summary_large_image\" \/>\n<meta name=\"twitter:label1\" content=\"Escrito por\" \/>\n\t<meta name=\"twitter:data1\" content=\"Comunica\u00e7\u00e3o\" \/>\n\t<meta name=\"twitter:label2\" content=\"Est. tempo de leitura\" \/>\n\t<meta name=\"twitter:data2\" content=\"2 minutos\" \/>\n<script type=\"application\/ld+json\" class=\"yoast-schema-graph\">{\"@context\":\"https:\/\/schema.org\",\"@graph\":[{\"@type\":\"Article\",\"@id\":\"https:\/\/acompanheseuprojeto.com.br\/acrimat\/unidade-do-frigorifico-minerva-em-mato-grosso-concede-ferias-coletivas\/#article\",\"isPartOf\":{\"@id\":\"https:\/\/acompanheseuprojeto.com.br\/acrimat\/unidade-do-frigorifico-minerva-em-mato-grosso-concede-ferias-coletivas\/\"},\"author\":{\"name\":\"Comunica\u00e7\u00e3o\",\"@id\":\"https:\/\/acompanheseuprojeto.com.br\/acrimat\/#\/schema\/person\/3d34bb8aba05880dee02197f876f0da3\"},\"headline\":\"Unidade do frigor\u00edfico Minerva em Mato Grosso concede f\u00e9rias coletivas\",\"datePublished\":\"2017-04-04T13:38:54+00:00\",\"dateModified\":\"2017-04-04T13:38:54+00:00\",\"mainEntityOfPage\":{\"@id\":\"https:\/\/acompanheseuprojeto.com.br\/acrimat\/unidade-do-frigorifico-minerva-em-mato-grosso-concede-ferias-coletivas\/\"},\"wordCount\":364,\"publisher\":{\"@id\":\"https:\/\/acompanheseuprojeto.com.br\/acrimat\/#organization\"},\"image\":{\"@id\":\"https:\/\/acompanheseuprojeto.com.br\/acrimat\/unidade-do-frigorifico-minerva-em-mato-grosso-concede-ferias-coletivas\/#primaryimage\"},\"thumbnailUrl\":\"https:\/\/acompanheseuprojeto.com.br\/acrimat\/wp-content\/uploads\/2017\/04\/1490202084760.jpg\",\"articleSection\":[\"Destaques\",\"Not\u00edcias\"],\"inLanguage\":\"pt-BR\"},{\"@type\":\"WebPage\",\"@id\":\"https:\/\/acompanheseuprojeto.com.br\/acrimat\/unidade-do-frigorifico-minerva-em-mato-grosso-concede-ferias-coletivas\/\",\"url\":\"https:\/\/acompanheseuprojeto.com.br\/acrimat\/unidade-do-frigorifico-minerva-em-mato-grosso-concede-ferias-coletivas\/\",\"name\":\"Unidade do frigor\u00edfico Minerva em Mato Grosso concede f\u00e9rias coletivas - Acrimat\",\"isPartOf\":{\"@id\":\"https:\/\/acompanheseuprojeto.com.br\/acrimat\/#website\"},\"primaryImageOfPage\":{\"@id\":\"https:\/\/acompanheseuprojeto.com.br\/acrimat\/unidade-do-frigorifico-minerva-em-mato-grosso-concede-ferias-coletivas\/#primaryimage\"},\"image\":{\"@id\":\"https:\/\/acompanheseuprojeto.com.br\/acrimat\/unidade-do-frigorifico-minerva-em-mato-grosso-concede-ferias-coletivas\/#primaryimage\"},\"thumbnailUrl\":\"https:\/\/acompanheseuprojeto.com.br\/acrimat\/wp-content\/uploads\/2017\/04\/1490202084760.jpg\",\"datePublished\":\"2017-04-04T13:38:54+00:00\",\"dateModified\":\"2017-04-04T13:38:54+00:00\",\"breadcrumb\":{\"@id\":\"https:\/\/acompanheseuprojeto.com.br\/acrimat\/unidade-do-frigorifico-minerva-em-mato-grosso-concede-ferias-coletivas\/#breadcrumb\"},\"inLanguage\":\"pt-BR\",\"potentialAction\":[{\"@type\":\"ReadAction\",\"target\":[\"https:\/\/acompanheseuprojeto.com.br\/acrimat\/unidade-do-frigorifico-minerva-em-mato-grosso-concede-ferias-coletivas\/\"]}]},{\"@type\":\"ImageObject\",\"inLanguage\":\"pt-BR\",\"@id\":\"https:\/\/acompanheseuprojeto.com.br\/acrimat\/unidade-do-frigorifico-minerva-em-mato-grosso-concede-ferias-coletivas\/#primaryimage\",\"url\":\"https:\/\/acompanheseuprojeto.com.br\/acrimat\/wp-content\/uploads\/2017\/04\/1490202084760.jpg\",\"contentUrl\":\"https:\/\/acompanheseuprojeto.com.br\/acrimat\/wp-content\/uploads\/2017\/04\/1490202084760.jpg\",\"width\":610,\"height\":406,\"caption\":\"O ministro da Agricultura acompanhou uma vistoria da qualidade das carnes em um supermercado de Bras\u00edlia\"},{\"@type\":\"BreadcrumbList\",\"@id\":\"https:\/\/acompanheseuprojeto.com.br\/acrimat\/unidade-do-frigorifico-minerva-em-mato-grosso-concede-ferias-coletivas\/#breadcrumb\",\"itemListElement\":[{\"@type\":\"ListItem\",\"position\":1,\"name\":\"In\u00edcio\",\"item\":\"https:\/\/acompanheseuprojeto.com.br\/acrimat\/\"},{\"@type\":\"ListItem\",\"position\":2,\"name\":\"Unidade do frigor\u00edfico Minerva em Mato Grosso concede f\u00e9rias coletivas\"}]},{\"@type\":\"WebSite\",\"@id\":\"https:\/\/acompanheseuprojeto.com.br\/acrimat\/#website\",\"url\":\"https:\/\/acompanheseuprojeto.com.br\/acrimat\/\",\"name\":\"Acrimat\",\"description\":\"Associa\u00e7\u00e3o dos Criadores de Mato Grosso\",\"publisher\":{\"@id\":\"https:\/\/acompanheseuprojeto.com.br\/acrimat\/#organization\"},\"potentialAction\":[{\"@type\":\"SearchAction\",\"target\":{\"@type\":\"EntryPoint\",\"urlTemplate\":\"https:\/\/acompanheseuprojeto.com.br\/acrimat\/?s={search_term_string}\"},\"query-input\":{\"@type\":\"PropertyValueSpecification\",\"valueRequired\":true,\"valueName\":\"search_term_string\"}}],\"inLanguage\":\"pt-BR\"},{\"@type\":\"Organization\",\"@id\":\"https:\/\/acompanheseuprojeto.com.br\/acrimat\/#organization\",\"name\":\"Associa\u00e7\u00e3o dos Criadores de Mato Grosso\",\"url\":\"https:\/\/acompanheseuprojeto.com.br\/acrimat\/\",\"logo\":{\"@type\":\"ImageObject\",\"inLanguage\":\"pt-BR\",\"@id\":\"https:\/\/acompanheseuprojeto.com.br\/acrimat\/#\/schema\/logo\/image\/\",\"url\":\"https:\/\/acompanheseuprojeto.com.br\/acrimat\/wp-content\/uploads\/2018\/03\/logo-peq-original.png\",\"contentUrl\":\"https:\/\/acompanheseuprojeto.com.br\/acrimat\/wp-content\/uploads\/2018\/03\/logo-peq-original.png\",\"width\":174,\"height\":171,\"caption\":\"Associa\u00e7\u00e3o dos Criadores de Mato Grosso\"},\"image\":{\"@id\":\"https:\/\/acompanheseuprojeto.com.br\/acrimat\/#\/schema\/logo\/image\/\"}},{\"@type\":\"Person\",\"@id\":\"https:\/\/acompanheseuprojeto.com.br\/acrimat\/#\/schema\/person\/3d34bb8aba05880dee02197f876f0da3\",\"name\":\"Comunica\u00e7\u00e3o\",\"image\":{\"@type\":\"ImageObject\",\"inLanguage\":\"pt-BR\",\"@id\":\"https:\/\/acompanheseuprojeto.com.br\/acrimat\/#\/schema\/person\/image\/\",\"url\":\"https:\/\/secure.gravatar.com\/avatar\/5d9ac04c8e5020ba74e4c1a116e647dc?s=96&d=mm&r=g\",\"contentUrl\":\"https:\/\/secure.gravatar.com\/avatar\/5d9ac04c8e5020ba74e4c1a116e647dc?s=96&d=mm&r=g\",\"caption\":\"Comunica\u00e7\u00e3o\"},\"url\":\"https:\/\/acompanheseuprojeto.com.br\/acrimat\/author\/rodrigo\/\"}]}<\/script>\n<!-- \/ Yoast SEO plugin. -->","yoast_head_json":{"title":"Unidade do frigor\u00edfico Minerva em Mato Grosso concede f\u00e9rias coletivas - Acrimat","robots":{"index":"index","follow":"follow","max-snippet":"max-snippet:-1","max-image-preview":"max-image-preview:large","max-video-preview":"max-video-preview:-1"},"canonical":"https:\/\/acompanheseuprojeto.com.br\/acrimat\/unidade-do-frigorifico-minerva-em-mato-grosso-concede-ferias-coletivas\/","og_locale":"pt_BR","og_type":"article","og_title":"Unidade do frigor\u00edfico Minerva em Mato Grosso concede f\u00e9rias coletivas - Acrimat","og_description":"Motivo \u00e9 uma parada de rotina para manuten\u00e7\u00e3o de maquin\u00e1rios e instala\u00e7\u00f5es; paralisa\u00e7\u00e3o deve adicionar mais press\u00e3o ao mercado pecu\u00e1rio do Pa\u00eds","og_url":"https:\/\/acompanheseuprojeto.com.br\/acrimat\/unidade-do-frigorifico-minerva-em-mato-grosso-concede-ferias-coletivas\/","og_site_name":"Acrimat","article_published_time":"2017-04-04T13:38:54+00:00","og_image":[{"width":610,"height":406,"url":"https:\/\/acompanheseuprojeto.com.br\/acrimat\/wp-content\/uploads\/2017\/04\/1490202084760.jpg","type":"image\/jpeg"}],"author":"Comunica\u00e7\u00e3o","twitter_card":"summary_large_image","twitter_misc":{"Escrito por":"Comunica\u00e7\u00e3o","Est. tempo de leitura":"2 minutos"},"schema":{"@context":"https:\/\/schema.org","@graph":[{"@type":"Article","@id":"https:\/\/acompanheseuprojeto.com.br\/acrimat\/unidade-do-frigorifico-minerva-em-mato-grosso-concede-ferias-coletivas\/#article","isPartOf":{"@id":"https:\/\/acompanheseuprojeto.com.br\/acrimat\/unidade-do-frigorifico-minerva-em-mato-grosso-concede-ferias-coletivas\/"},"author":{"name":"Comunica\u00e7\u00e3o","@id":"https:\/\/acompanheseuprojeto.com.br\/acrimat\/#\/schema\/person\/3d34bb8aba05880dee02197f876f0da3"},"headline":"Unidade do frigor\u00edfico Minerva em Mato Grosso concede f\u00e9rias coletivas","datePublished":"2017-04-04T13:38:54+00:00","dateModified":"2017-04-04T13:38:54+00:00","mainEntityOfPage":{"@id":"https:\/\/acompanheseuprojeto.com.br\/acrimat\/unidade-do-frigorifico-minerva-em-mato-grosso-concede-ferias-coletivas\/"},"wordCount":364,"publisher":{"@id":"https:\/\/acompanheseuprojeto.com.br\/acrimat\/#organization"},"image":{"@id":"https:\/\/acompanheseuprojeto.com.br\/acrimat\/unidade-do-frigorifico-minerva-em-mato-grosso-concede-ferias-coletivas\/#primaryimage"},"thumbnailUrl":"https:\/\/acompanheseuprojeto.com.br\/acrimat\/wp-content\/uploads\/2017\/04\/1490202084760.jpg","articleSection":["Destaques","Not\u00edcias"],"inLanguage":"pt-BR"},{"@type":"WebPage","@id":"https:\/\/acompanheseuprojeto.com.br\/acrimat\/unidade-do-frigorifico-minerva-em-mato-grosso-concede-ferias-coletivas\/","url":"https:\/\/acompanheseuprojeto.com.br\/acrimat\/unidade-do-frigorifico-minerva-em-mato-grosso-concede-ferias-coletivas\/","name":"Unidade do frigor\u00edfico Minerva em Mato Grosso concede f\u00e9rias coletivas - Acrimat","isPartOf":{"@id":"https:\/\/acompanheseuprojeto.com.br\/acrimat\/#website"},"primaryImageOfPage":{"@id":"https:\/\/acompanheseuprojeto.com.br\/acrimat\/unidade-do-frigorifico-minerva-em-mato-grosso-concede-ferias-coletivas\/#primaryimage"},"image":{"@id":"https:\/\/acompanheseuprojeto.com.br\/acrimat\/unidade-do-frigorifico-minerva-em-mato-grosso-concede-ferias-coletivas\/#primaryimage"},"thumbnailUrl":"https:\/\/acompanheseuprojeto.com.br\/acrimat\/wp-content\/uploads\/2017\/04\/1490202084760.jpg","datePublished":"2017-04-04T13:38:54+00:00","dateModified":"2017-04-04T13:38:54+00:00","breadcrumb":{"@id":"https:\/\/acompanheseuprojeto.com.br\/acrimat\/unidade-do-frigorifico-minerva-em-mato-grosso-concede-ferias-coletivas\/#breadcrumb"},"inLanguage":"pt-BR","potentialAction":[{"@type":"ReadAction","target":["https:\/\/acompanheseuprojeto.com.br\/acrimat\/unidade-do-frigorifico-minerva-em-mato-grosso-concede-ferias-coletivas\/"]}]},{"@type":"ImageObject","inLanguage":"pt-BR","@id":"https:\/\/acompanheseuprojeto.com.br\/acrimat\/unidade-do-frigorifico-minerva-em-mato-grosso-concede-ferias-coletivas\/#primaryimage","url":"https:\/\/acompanheseuprojeto.com.br\/acrimat\/wp-content\/uploads\/2017\/04\/1490202084760.jpg","contentUrl":"https:\/\/acompanheseuprojeto.com.br\/acrimat\/wp-content\/uploads\/2017\/04\/1490202084760.jpg","width":610,"height":406,"caption":"O ministro da Agricultura acompanhou uma vistoria da qualidade das carnes em um supermercado de Bras\u00edlia"},{"@type":"BreadcrumbList","@id":"https:\/\/acompanheseuprojeto.com.br\/acrimat\/unidade-do-frigorifico-minerva-em-mato-grosso-concede-ferias-coletivas\/#breadcrumb","itemListElement":[{"@type":"ListItem","position":1,"name":"In\u00edcio","item":"https:\/\/acompanheseuprojeto.com.br\/acrimat\/"},{"@type":"ListItem","position":2,"name":"Unidade do frigor\u00edfico Minerva em Mato Grosso concede f\u00e9rias coletivas"}]},{"@type":"WebSite","@id":"https:\/\/acompanheseuprojeto.com.br\/acrimat\/#website","url":"https:\/\/acompanheseuprojeto.com.br\/acrimat\/","name":"Acrimat","description":"Associa\u00e7\u00e3o dos Criadores de Mato Grosso","publisher":{"@id":"https:\/\/acompanheseuprojeto.com.br\/acrimat\/#organization"},"potentialAction":[{"@type":"SearchAction","target":{"@type":"EntryPoint","urlTemplate":"https:\/\/acompanheseuprojeto.com.br\/acrimat\/?s={search_term_string}"},"query-input":{"@type":"PropertyValueSpecification","valueRequired":true,"valueName":"search_term_string"}}],"inLanguage":"pt-BR"},{"@type":"Organization","@id":"https:\/\/acompanheseuprojeto.com.br\/acrimat\/#organization","name":"Associa\u00e7\u00e3o dos Criadores de Mato Grosso","url":"https:\/\/acompanheseuprojeto.com.br\/acrimat\/","logo":{"@type":"ImageObject","inLanguage":"pt-BR","@id":"https:\/\/acompanheseuprojeto.com.br\/acrimat\/#\/schema\/logo\/image\/","url":"https:\/\/acompanheseuprojeto.com.br\/acrimat\/wp-content\/uploads\/2018\/03\/logo-peq-original.png","contentUrl":"https:\/\/acompanheseuprojeto.com.br\/acrimat\/wp-content\/uploads\/2018\/03\/logo-peq-original.png","width":174,"height":171,"caption":"Associa\u00e7\u00e3o dos Criadores de Mato Grosso"},"image":{"@id":"https:\/\/acompanheseuprojeto.com.br\/acrimat\/#\/schema\/logo\/image\/"}},{"@type":"Person","@id":"https:\/\/acompanheseuprojeto.com.br\/acrimat\/#\/schema\/person\/3d34bb8aba05880dee02197f876f0da3","name":"Comunica\u00e7\u00e3o","image":{"@type":"ImageObject","inLanguage":"pt-BR","@id":"https:\/\/acompanheseuprojeto.com.br\/acrimat\/#\/schema\/person\/image\/","url":"https:\/\/secure.gravatar.com\/avatar\/5d9ac04c8e5020ba74e4c1a116e647dc?s=96&d=mm&r=g","contentUrl":"https:\/\/secure.gravatar.com\/avatar\/5d9ac04c8e5020ba74e4c1a116e647dc?s=96&d=mm&r=g","caption":"Comunica\u00e7\u00e3o"},"url":"https:\/\/acompanheseuprojeto.com.br\/acrimat\/author\/rodrigo\/"}]}},"_links":{"self":[{"href":"https:\/\/acompanheseuprojeto.com.br\/acrimat\/wp-json\/wp\/v2\/posts\/97981062","targetHints":{"allow":["GET"]}}],"collection":[{"href":"https:\/\/acompanheseuprojeto.com.br\/acrimat\/wp-json\/wp\/v2\/posts"}],"about":[{"href":"https:\/\/acompanheseuprojeto.com.br\/acrimat\/wp-json\/wp\/v2\/types\/post"}],"author":[{"embeddable":true,"href":"https:\/\/acompanheseuprojeto.com.br\/acrimat\/wp-json\/wp\/v2\/users\/4"}],"replies":[{"embeddable":true,"href":"https:\/\/acompanheseuprojeto.com.br\/acrimat\/wp-json\/wp\/v2\/comments?post=97981062"}],"version-history":[{"count":1,"href":"https:\/\/acompanheseuprojeto.com.br\/acrimat\/wp-json\/wp\/v2\/posts\/97981062\/revisions"}],"predecessor-version":[{"id":97981064,"href":"https:\/\/acompanheseuprojeto.com.br\/acrimat\/wp-json\/wp\/v2\/posts\/97981062\/revisions\/97981064"}],"wp:featuredmedia":[{"embeddable":true,"href":"https:\/\/acompanheseuprojeto.com.br\/acrimat\/wp-json\/wp\/v2\/media\/97981063"}],"wp:attachment":[{"href":"https:\/\/acompanheseuprojeto.com.br\/acrimat\/wp-json\/wp\/v2\/media?parent=97981062"}],"wp:term":[{"taxonomy":"category","embeddable":true,"href":"https:\/\/acompanheseuprojeto.com.br\/acrimat\/wp-json\/wp\/v2\/categories?post=97981062"},{"taxonomy":"post_tag","embeddable":true,"href":"https:\/\/acompanheseuprojeto.com.br\/acrimat\/wp-json\/wp\/v2\/tags?post=97981062"}],"curies":[{"name":"wp","href":"https:\/\/api.w.org\/{rel}","templated":true}]}}