{"id":97981384,"date":"2017-04-27T10:37:34","date_gmt":"2017-04-27T13:37:34","guid":{"rendered":"https:\/\/acompanheseuprojeto.com.br\/acrimat\/?p=97981384"},"modified":"2017-04-27T10:37:34","modified_gmt":"2017-04-27T13:37:34","slug":"projeto-do-novo-parque-de-exposicao-e-apresentado-a-taques-por-sindicato","status":"publish","type":"post","link":"https:\/\/acompanheseuprojeto.com.br\/acrimat\/projeto-do-novo-parque-de-exposicao-e-apresentado-a-taques-por-sindicato\/","title":{"rendered":"Projeto do novo Parque de Exposi\u00e7\u00e3o \u00e9 apresentado a Taques por sindicato"},"content":{"rendered":"<div id=\"attachment_97981385\" style=\"width: 310px\" class=\"wp-caption alignright\"><a href=\"https:\/\/acompanheseuprojeto.com.br\/acrimat\/wp-content\/uploads\/2017\/04\/e96e77917554627cfa7e69ab254f4f15.jpg\"><img fetchpriority=\"high\" decoding=\"async\" aria-describedby=\"caption-attachment-97981385\" class=\"size-medium wp-image-97981385\" src=\"https:\/\/acompanheseuprojeto.com.br\/acrimat\/wp-content\/uploads\/2017\/04\/e96e77917554627cfa7e69ab254f4f15-300x200.jpg\" alt=\"\" width=\"300\" height=\"200\" srcset=\"https:\/\/acompanheseuprojeto.com.br\/acrimat\/wp-content\/uploads\/2017\/04\/e96e77917554627cfa7e69ab254f4f15-300x200.jpg 300w, https:\/\/acompanheseuprojeto.com.br\/acrimat\/wp-content\/uploads\/2017\/04\/e96e77917554627cfa7e69ab254f4f15-250x167.jpg 250w, https:\/\/acompanheseuprojeto.com.br\/acrimat\/wp-content\/uploads\/2017\/04\/e96e77917554627cfa7e69ab254f4f15-270x180.jpg 270w, https:\/\/acompanheseuprojeto.com.br\/acrimat\/wp-content\/uploads\/2017\/04\/e96e77917554627cfa7e69ab254f4f15-450x300.jpg 450w, https:\/\/acompanheseuprojeto.com.br\/acrimat\/wp-content\/uploads\/2017\/04\/e96e77917554627cfa7e69ab254f4f15-272x182.jpg 272w, https:\/\/acompanheseuprojeto.com.br\/acrimat\/wp-content\/uploads\/2017\/04\/e96e77917554627cfa7e69ab254f4f15.jpg 500w\" sizes=\"(max-width: 300px) 100vw, 300px\" \/><\/a><p id=\"caption-attachment-97981385\" class=\"wp-caption-text\">Assessoria<\/p><\/div>\n<p style=\"text-align: justify;\">O presidente do Sindicato Rural de Cuiab\u00e1, Jorge Pires de Miranda, apresentou ao governador Pedro Taques, nesta segunda (24), o projeto arquitet\u00f4nico do novo Parque de Exposi\u00e7\u00f5es Senador Jonas Pinheiro. O encontro, que aconteceu na sala de reuni\u00f5es do Pal\u00e1cio Paiagu\u00e1s, contou com a presen\u00e7a de diretores das entidades ligadas \u00e0 agropecu\u00e1ria e ao Parque.<\/p>\n<p style=\"text-align: justify;\">Com a presen\u00e7a do staff do governo e representantes do agroneg\u00f3cio de Mato Grosso, o Plano Diretor desenvolvido pelo Escrit\u00f3rio T\u00e9cnico Antonio Carlos Candia e a Rother Arquitetura, foi oficialmente lan\u00e7ado.<\/p>\n<p style=\"text-align: justify;\">De acordo com o presidente do Sindicato, o Plano Diretor tem metas que dever\u00e3o ser alcan\u00e7adas ao decorrer dos anos, uma forma de contrato de presta\u00e7\u00e3o de servi\u00e7os, composto por plantas t\u00e9cnicas, relat\u00f3rios e diretrizes a serem cumpridas pela gest\u00e3o atuante no Sindicato.<\/p>\n<p style=\"text-align: justify;\">\u201cNossa inten\u00e7\u00e3o \u00e9 levar a fam\u00edlia para dentro do Parque de Exposi\u00e7\u00f5es. Fazer com que n\u00f3s sejamos a vitrine do agroneg\u00f3cio em todo o Estado. Hoje sa\u00edmos deste encontro com um saldo positivo, uma vez que o governador mostrou que ser\u00e1 nosso principal parceiro nesta empreitada\u201d, disse Pires.<\/p>\n<p style=\"text-align: justify;\">Durante a apresenta\u00e7\u00e3o da maquete virtual apresentada pelos respons\u00e1veis t\u00e9cnicos pelo projeto, Taques deu sugest\u00f5es e buscou solu\u00e7\u00f5es junto ao Sindicato Rural.<\/p>\n<p style=\"text-align: justify;\">\u201cGostei do Plano Diretor apresentado, todo o entorno do Parque de Exposi\u00e7\u00f5es ser\u00e1 revitalizado com a iniciativa do Sindicato Rural. A nova cara do Parque ir\u00e1 casar perfeitamente com meu projeto de revitaliza\u00e7\u00e3o do Rio Cuiab\u00e1. A forma de obriga\u00e7\u00e3o na continuidade do Plano Diretor \u00e9 o comprometimento da atual diretoria para com o futuro do Parque\u201d, diz Taques.<\/p>\n<p style=\"text-align: justify;\"><strong>Capital do Agroneg\u00f3cio<\/strong><\/p>\n<p style=\"text-align: justify;\">Pires explica que o intuito da atual gest\u00e3o \u00e9 conquistar o t\u00edtulo de \u201cCapital Nacional do Agroneg\u00f3cio\u201d. Para isso, o Sindicato Rural de Cuiab\u00e1 mobiliza produtores rurais, associa\u00e7\u00f5es de classe, setores p\u00fablicos e privados, para a primeira etapa do projeto.<\/p>\n<p style=\"text-align: justify;\">Palco de grandes eventos agropecu\u00e1rios, o Parque tem 170 mil metros quadrados e ser\u00e1 um centro de integra\u00e7\u00e3o e neg\u00f3cios da agricultura e pecu\u00e1ria nacionais. Uma transforma\u00e7\u00e3o hist\u00f3rica, tanto em infraestrutura, como no conceito de utiliza\u00e7\u00e3o do espa\u00e7o, com investimentos para sua moderniza\u00e7\u00e3o.<\/p>\n<p style=\"text-align: justify;\">\u201cO plano diretor da reforma foi elaborado por profissionais de arquitetura e urbanismo, aprimorando conceitos de destaque de estruturas premiadas nacionalmente que realizam eventos de grande porte na agropecu\u00e1ria, como Agrishow, ExpoInter, Expozebu, entre outros. As diretrizes e conceitos apresentados v\u00e3o desde a sustentabilidade at\u00e9 a forma de utiliza\u00e7\u00e3o dos espa\u00e7os do Parque durante o ano todo, integrando os principais elos da cadeia de todo setor produtivo no Estado em um mesmo ambiente\u201d, finalizou Pires.<\/p>\n","protected":false},"excerpt":{"rendered":"<p>Parque tem 170 mil m2 e ser\u00e1 um centro de integra\u00e7\u00e3o e neg\u00f3cios da agricultura e pecu\u00e1ria nacionais<\/p>\n","protected":false},"author":4,"featured_media":97981385,"comment_status":"closed","ping_status":"closed","sticky":false,"template":"","format":"standard","meta":{"footnotes":""},"categories":[6,1],"tags":[],"class_list":["post-97981384","post","type-post","status-publish","format-standard","has-post-thumbnail","hentry","category-destaque","category-noticia"],"yoast_head":"<!-- This site is optimized with the Yoast SEO plugin v24.2 - https:\/\/yoast.com\/wordpress\/plugins\/seo\/ -->\n<title>Projeto do novo Parque de Exposi\u00e7\u00e3o \u00e9 apresentado a Taques por sindicato - Acrimat<\/title>\n<meta name=\"robots\" content=\"index, follow, max-snippet:-1, max-image-preview:large, max-video-preview:-1\" \/>\n<link rel=\"canonical\" href=\"https:\/\/acompanheseuprojeto.com.br\/acrimat\/projeto-do-novo-parque-de-exposicao-e-apresentado-a-taques-por-sindicato\/\" \/>\n<meta property=\"og:locale\" content=\"pt_BR\" \/>\n<meta property=\"og:type\" content=\"article\" \/>\n<meta property=\"og:title\" content=\"Projeto do novo Parque de Exposi\u00e7\u00e3o \u00e9 apresentado a Taques por sindicato - Acrimat\" \/>\n<meta property=\"og:description\" content=\"Parque tem 170 mil m2 e ser\u00e1 um centro de integra\u00e7\u00e3o e neg\u00f3cios da agricultura e pecu\u00e1ria nacionais\" \/>\n<meta property=\"og:url\" content=\"https:\/\/acompanheseuprojeto.com.br\/acrimat\/projeto-do-novo-parque-de-exposicao-e-apresentado-a-taques-por-sindicato\/\" \/>\n<meta property=\"og:site_name\" content=\"Acrimat\" \/>\n<meta property=\"article:published_time\" content=\"2017-04-27T13:37:34+00:00\" \/>\n<meta property=\"og:image\" content=\"https:\/\/acompanheseuprojeto.com.br\/acrimat\/wp-content\/uploads\/2017\/04\/e96e77917554627cfa7e69ab254f4f15.jpg\" \/>\n\t<meta property=\"og:image:width\" content=\"500\" \/>\n\t<meta property=\"og:image:height\" content=\"333\" \/>\n\t<meta property=\"og:image:type\" content=\"image\/jpeg\" \/>\n<meta name=\"author\" content=\"Comunica\u00e7\u00e3o\" \/>\n<meta name=\"twitter:card\" content=\"summary_large_image\" \/>\n<meta name=\"twitter:label1\" content=\"Escrito por\" \/>\n\t<meta name=\"twitter:data1\" content=\"Comunica\u00e7\u00e3o\" \/>\n\t<meta name=\"twitter:label2\" content=\"Est. tempo de leitura\" \/>\n\t<meta name=\"twitter:data2\" content=\"2 minutos\" \/>\n<script type=\"application\/ld+json\" class=\"yoast-schema-graph\">{\"@context\":\"https:\/\/schema.org\",\"@graph\":[{\"@type\":\"Article\",\"@id\":\"https:\/\/acompanheseuprojeto.com.br\/acrimat\/projeto-do-novo-parque-de-exposicao-e-apresentado-a-taques-por-sindicato\/#article\",\"isPartOf\":{\"@id\":\"https:\/\/acompanheseuprojeto.com.br\/acrimat\/projeto-do-novo-parque-de-exposicao-e-apresentado-a-taques-por-sindicato\/\"},\"author\":{\"name\":\"Comunica\u00e7\u00e3o\",\"@id\":\"https:\/\/acompanheseuprojeto.com.br\/acrimat\/#\/schema\/person\/3d34bb8aba05880dee02197f876f0da3\"},\"headline\":\"Projeto do novo Parque de Exposi\u00e7\u00e3o \u00e9 apresentado a Taques por sindicato\",\"datePublished\":\"2017-04-27T13:37:34+00:00\",\"dateModified\":\"2017-04-27T13:37:34+00:00\",\"mainEntityOfPage\":{\"@id\":\"https:\/\/acompanheseuprojeto.com.br\/acrimat\/projeto-do-novo-parque-de-exposicao-e-apresentado-a-taques-por-sindicato\/\"},\"wordCount\":485,\"publisher\":{\"@id\":\"https:\/\/acompanheseuprojeto.com.br\/acrimat\/#organization\"},\"image\":{\"@id\":\"https:\/\/acompanheseuprojeto.com.br\/acrimat\/projeto-do-novo-parque-de-exposicao-e-apresentado-a-taques-por-sindicato\/#primaryimage\"},\"thumbnailUrl\":\"https:\/\/acompanheseuprojeto.com.br\/acrimat\/wp-content\/uploads\/2017\/04\/e96e77917554627cfa7e69ab254f4f15.jpg\",\"articleSection\":[\"Destaques\",\"Not\u00edcias\"],\"inLanguage\":\"pt-BR\"},{\"@type\":\"WebPage\",\"@id\":\"https:\/\/acompanheseuprojeto.com.br\/acrimat\/projeto-do-novo-parque-de-exposicao-e-apresentado-a-taques-por-sindicato\/\",\"url\":\"https:\/\/acompanheseuprojeto.com.br\/acrimat\/projeto-do-novo-parque-de-exposicao-e-apresentado-a-taques-por-sindicato\/\",\"name\":\"Projeto do novo Parque de Exposi\u00e7\u00e3o \u00e9 apresentado a Taques por sindicato - Acrimat\",\"isPartOf\":{\"@id\":\"https:\/\/acompanheseuprojeto.com.br\/acrimat\/#website\"},\"primaryImageOfPage\":{\"@id\":\"https:\/\/acompanheseuprojeto.com.br\/acrimat\/projeto-do-novo-parque-de-exposicao-e-apresentado-a-taques-por-sindicato\/#primaryimage\"},\"image\":{\"@id\":\"https:\/\/acompanheseuprojeto.com.br\/acrimat\/projeto-do-novo-parque-de-exposicao-e-apresentado-a-taques-por-sindicato\/#primaryimage\"},\"thumbnailUrl\":\"https:\/\/acompanheseuprojeto.com.br\/acrimat\/wp-content\/uploads\/2017\/04\/e96e77917554627cfa7e69ab254f4f15.jpg\",\"datePublished\":\"2017-04-27T13:37:34+00:00\",\"dateModified\":\"2017-04-27T13:37:34+00:00\",\"breadcrumb\":{\"@id\":\"https:\/\/acompanheseuprojeto.com.br\/acrimat\/projeto-do-novo-parque-de-exposicao-e-apresentado-a-taques-por-sindicato\/#breadcrumb\"},\"inLanguage\":\"pt-BR\",\"potentialAction\":[{\"@type\":\"ReadAction\",\"target\":[\"https:\/\/acompanheseuprojeto.com.br\/acrimat\/projeto-do-novo-parque-de-exposicao-e-apresentado-a-taques-por-sindicato\/\"]}]},{\"@type\":\"ImageObject\",\"inLanguage\":\"pt-BR\",\"@id\":\"https:\/\/acompanheseuprojeto.com.br\/acrimat\/projeto-do-novo-parque-de-exposicao-e-apresentado-a-taques-por-sindicato\/#primaryimage\",\"url\":\"https:\/\/acompanheseuprojeto.com.br\/acrimat\/wp-content\/uploads\/2017\/04\/e96e77917554627cfa7e69ab254f4f15.jpg\",\"contentUrl\":\"https:\/\/acompanheseuprojeto.com.br\/acrimat\/wp-content\/uploads\/2017\/04\/e96e77917554627cfa7e69ab254f4f15.jpg\",\"width\":500,\"height\":333,\"caption\":\"Assessoria\"},{\"@type\":\"BreadcrumbList\",\"@id\":\"https:\/\/acompanheseuprojeto.com.br\/acrimat\/projeto-do-novo-parque-de-exposicao-e-apresentado-a-taques-por-sindicato\/#breadcrumb\",\"itemListElement\":[{\"@type\":\"ListItem\",\"position\":1,\"name\":\"In\u00edcio\",\"item\":\"https:\/\/acompanheseuprojeto.com.br\/acrimat\/\"},{\"@type\":\"ListItem\",\"position\":2,\"name\":\"Projeto do novo Parque de Exposi\u00e7\u00e3o \u00e9 apresentado a Taques por sindicato\"}]},{\"@type\":\"WebSite\",\"@id\":\"https:\/\/acompanheseuprojeto.com.br\/acrimat\/#website\",\"url\":\"https:\/\/acompanheseuprojeto.com.br\/acrimat\/\",\"name\":\"Acrimat\",\"description\":\"Associa\u00e7\u00e3o dos Criadores de Mato Grosso\",\"publisher\":{\"@id\":\"https:\/\/acompanheseuprojeto.com.br\/acrimat\/#organization\"},\"potentialAction\":[{\"@type\":\"SearchAction\",\"target\":{\"@type\":\"EntryPoint\",\"urlTemplate\":\"https:\/\/acompanheseuprojeto.com.br\/acrimat\/?s={search_term_string}\"},\"query-input\":{\"@type\":\"PropertyValueSpecification\",\"valueRequired\":true,\"valueName\":\"search_term_string\"}}],\"inLanguage\":\"pt-BR\"},{\"@type\":\"Organization\",\"@id\":\"https:\/\/acompanheseuprojeto.com.br\/acrimat\/#organization\",\"name\":\"Associa\u00e7\u00e3o dos Criadores de Mato Grosso\",\"url\":\"https:\/\/acompanheseuprojeto.com.br\/acrimat\/\",\"logo\":{\"@type\":\"ImageObject\",\"inLanguage\":\"pt-BR\",\"@id\":\"https:\/\/acompanheseuprojeto.com.br\/acrimat\/#\/schema\/logo\/image\/\",\"url\":\"https:\/\/acompanheseuprojeto.com.br\/acrimat\/wp-content\/uploads\/2018\/03\/logo-peq-original.png\",\"contentUrl\":\"https:\/\/acompanheseuprojeto.com.br\/acrimat\/wp-content\/uploads\/2018\/03\/logo-peq-original.png\",\"width\":174,\"height\":171,\"caption\":\"Associa\u00e7\u00e3o dos Criadores de Mato Grosso\"},\"image\":{\"@id\":\"https:\/\/acompanheseuprojeto.com.br\/acrimat\/#\/schema\/logo\/image\/\"}},{\"@type\":\"Person\",\"@id\":\"https:\/\/acompanheseuprojeto.com.br\/acrimat\/#\/schema\/person\/3d34bb8aba05880dee02197f876f0da3\",\"name\":\"Comunica\u00e7\u00e3o\",\"image\":{\"@type\":\"ImageObject\",\"inLanguage\":\"pt-BR\",\"@id\":\"https:\/\/acompanheseuprojeto.com.br\/acrimat\/#\/schema\/person\/image\/\",\"url\":\"https:\/\/secure.gravatar.com\/avatar\/5d9ac04c8e5020ba74e4c1a116e647dc?s=96&d=mm&r=g\",\"contentUrl\":\"https:\/\/secure.gravatar.com\/avatar\/5d9ac04c8e5020ba74e4c1a116e647dc?s=96&d=mm&r=g\",\"caption\":\"Comunica\u00e7\u00e3o\"},\"url\":\"https:\/\/acompanheseuprojeto.com.br\/acrimat\/author\/rodrigo\/\"}]}<\/script>\n<!-- \/ Yoast SEO plugin. -->","yoast_head_json":{"title":"Projeto do novo Parque de Exposi\u00e7\u00e3o \u00e9 apresentado a Taques por sindicato - Acrimat","robots":{"index":"index","follow":"follow","max-snippet":"max-snippet:-1","max-image-preview":"max-image-preview:large","max-video-preview":"max-video-preview:-1"},"canonical":"https:\/\/acompanheseuprojeto.com.br\/acrimat\/projeto-do-novo-parque-de-exposicao-e-apresentado-a-taques-por-sindicato\/","og_locale":"pt_BR","og_type":"article","og_title":"Projeto do novo Parque de Exposi\u00e7\u00e3o \u00e9 apresentado a Taques por sindicato - Acrimat","og_description":"Parque tem 170 mil m2 e ser\u00e1 um centro de integra\u00e7\u00e3o e neg\u00f3cios da agricultura e pecu\u00e1ria nacionais","og_url":"https:\/\/acompanheseuprojeto.com.br\/acrimat\/projeto-do-novo-parque-de-exposicao-e-apresentado-a-taques-por-sindicato\/","og_site_name":"Acrimat","article_published_time":"2017-04-27T13:37:34+00:00","og_image":[{"width":500,"height":333,"url":"https:\/\/acompanheseuprojeto.com.br\/acrimat\/wp-content\/uploads\/2017\/04\/e96e77917554627cfa7e69ab254f4f15.jpg","type":"image\/jpeg"}],"author":"Comunica\u00e7\u00e3o","twitter_card":"summary_large_image","twitter_misc":{"Escrito por":"Comunica\u00e7\u00e3o","Est. tempo de leitura":"2 minutos"},"schema":{"@context":"https:\/\/schema.org","@graph":[{"@type":"Article","@id":"https:\/\/acompanheseuprojeto.com.br\/acrimat\/projeto-do-novo-parque-de-exposicao-e-apresentado-a-taques-por-sindicato\/#article","isPartOf":{"@id":"https:\/\/acompanheseuprojeto.com.br\/acrimat\/projeto-do-novo-parque-de-exposicao-e-apresentado-a-taques-por-sindicato\/"},"author":{"name":"Comunica\u00e7\u00e3o","@id":"https:\/\/acompanheseuprojeto.com.br\/acrimat\/#\/schema\/person\/3d34bb8aba05880dee02197f876f0da3"},"headline":"Projeto do novo Parque de Exposi\u00e7\u00e3o \u00e9 apresentado a Taques por sindicato","datePublished":"2017-04-27T13:37:34+00:00","dateModified":"2017-04-27T13:37:34+00:00","mainEntityOfPage":{"@id":"https:\/\/acompanheseuprojeto.com.br\/acrimat\/projeto-do-novo-parque-de-exposicao-e-apresentado-a-taques-por-sindicato\/"},"wordCount":485,"publisher":{"@id":"https:\/\/acompanheseuprojeto.com.br\/acrimat\/#organization"},"image":{"@id":"https:\/\/acompanheseuprojeto.com.br\/acrimat\/projeto-do-novo-parque-de-exposicao-e-apresentado-a-taques-por-sindicato\/#primaryimage"},"thumbnailUrl":"https:\/\/acompanheseuprojeto.com.br\/acrimat\/wp-content\/uploads\/2017\/04\/e96e77917554627cfa7e69ab254f4f15.jpg","articleSection":["Destaques","Not\u00edcias"],"inLanguage":"pt-BR"},{"@type":"WebPage","@id":"https:\/\/acompanheseuprojeto.com.br\/acrimat\/projeto-do-novo-parque-de-exposicao-e-apresentado-a-taques-por-sindicato\/","url":"https:\/\/acompanheseuprojeto.com.br\/acrimat\/projeto-do-novo-parque-de-exposicao-e-apresentado-a-taques-por-sindicato\/","name":"Projeto do novo Parque de Exposi\u00e7\u00e3o \u00e9 apresentado a Taques por sindicato - Acrimat","isPartOf":{"@id":"https:\/\/acompanheseuprojeto.com.br\/acrimat\/#website"},"primaryImageOfPage":{"@id":"https:\/\/acompanheseuprojeto.com.br\/acrimat\/projeto-do-novo-parque-de-exposicao-e-apresentado-a-taques-por-sindicato\/#primaryimage"},"image":{"@id":"https:\/\/acompanheseuprojeto.com.br\/acrimat\/projeto-do-novo-parque-de-exposicao-e-apresentado-a-taques-por-sindicato\/#primaryimage"},"thumbnailUrl":"https:\/\/acompanheseuprojeto.com.br\/acrimat\/wp-content\/uploads\/2017\/04\/e96e77917554627cfa7e69ab254f4f15.jpg","datePublished":"2017-04-27T13:37:34+00:00","dateModified":"2017-04-27T13:37:34+00:00","breadcrumb":{"@id":"https:\/\/acompanheseuprojeto.com.br\/acrimat\/projeto-do-novo-parque-de-exposicao-e-apresentado-a-taques-por-sindicato\/#breadcrumb"},"inLanguage":"pt-BR","potentialAction":[{"@type":"ReadAction","target":["https:\/\/acompanheseuprojeto.com.br\/acrimat\/projeto-do-novo-parque-de-exposicao-e-apresentado-a-taques-por-sindicato\/"]}]},{"@type":"ImageObject","inLanguage":"pt-BR","@id":"https:\/\/acompanheseuprojeto.com.br\/acrimat\/projeto-do-novo-parque-de-exposicao-e-apresentado-a-taques-por-sindicato\/#primaryimage","url":"https:\/\/acompanheseuprojeto.com.br\/acrimat\/wp-content\/uploads\/2017\/04\/e96e77917554627cfa7e69ab254f4f15.jpg","contentUrl":"https:\/\/acompanheseuprojeto.com.br\/acrimat\/wp-content\/uploads\/2017\/04\/e96e77917554627cfa7e69ab254f4f15.jpg","width":500,"height":333,"caption":"Assessoria"},{"@type":"BreadcrumbList","@id":"https:\/\/acompanheseuprojeto.com.br\/acrimat\/projeto-do-novo-parque-de-exposicao-e-apresentado-a-taques-por-sindicato\/#breadcrumb","itemListElement":[{"@type":"ListItem","position":1,"name":"In\u00edcio","item":"https:\/\/acompanheseuprojeto.com.br\/acrimat\/"},{"@type":"ListItem","position":2,"name":"Projeto do novo Parque de Exposi\u00e7\u00e3o \u00e9 apresentado a Taques por sindicato"}]},{"@type":"WebSite","@id":"https:\/\/acompanheseuprojeto.com.br\/acrimat\/#website","url":"https:\/\/acompanheseuprojeto.com.br\/acrimat\/","name":"Acrimat","description":"Associa\u00e7\u00e3o dos Criadores de Mato Grosso","publisher":{"@id":"https:\/\/acompanheseuprojeto.com.br\/acrimat\/#organization"},"potentialAction":[{"@type":"SearchAction","target":{"@type":"EntryPoint","urlTemplate":"https:\/\/acompanheseuprojeto.com.br\/acrimat\/?s={search_term_string}"},"query-input":{"@type":"PropertyValueSpecification","valueRequired":true,"valueName":"search_term_string"}}],"inLanguage":"pt-BR"},{"@type":"Organization","@id":"https:\/\/acompanheseuprojeto.com.br\/acrimat\/#organization","name":"Associa\u00e7\u00e3o dos Criadores de Mato Grosso","url":"https:\/\/acompanheseuprojeto.com.br\/acrimat\/","logo":{"@type":"ImageObject","inLanguage":"pt-BR","@id":"https:\/\/acompanheseuprojeto.com.br\/acrimat\/#\/schema\/logo\/image\/","url":"https:\/\/acompanheseuprojeto.com.br\/acrimat\/wp-content\/uploads\/2018\/03\/logo-peq-original.png","contentUrl":"https:\/\/acompanheseuprojeto.com.br\/acrimat\/wp-content\/uploads\/2018\/03\/logo-peq-original.png","width":174,"height":171,"caption":"Associa\u00e7\u00e3o dos Criadores de Mato Grosso"},"image":{"@id":"https:\/\/acompanheseuprojeto.com.br\/acrimat\/#\/schema\/logo\/image\/"}},{"@type":"Person","@id":"https:\/\/acompanheseuprojeto.com.br\/acrimat\/#\/schema\/person\/3d34bb8aba05880dee02197f876f0da3","name":"Comunica\u00e7\u00e3o","image":{"@type":"ImageObject","inLanguage":"pt-BR","@id":"https:\/\/acompanheseuprojeto.com.br\/acrimat\/#\/schema\/person\/image\/","url":"https:\/\/secure.gravatar.com\/avatar\/5d9ac04c8e5020ba74e4c1a116e647dc?s=96&d=mm&r=g","contentUrl":"https:\/\/secure.gravatar.com\/avatar\/5d9ac04c8e5020ba74e4c1a116e647dc?s=96&d=mm&r=g","caption":"Comunica\u00e7\u00e3o"},"url":"https:\/\/acompanheseuprojeto.com.br\/acrimat\/author\/rodrigo\/"}]}},"_links":{"self":[{"href":"https:\/\/acompanheseuprojeto.com.br\/acrimat\/wp-json\/wp\/v2\/posts\/97981384","targetHints":{"allow":["GET"]}}],"collection":[{"href":"https:\/\/acompanheseuprojeto.com.br\/acrimat\/wp-json\/wp\/v2\/posts"}],"about":[{"href":"https:\/\/acompanheseuprojeto.com.br\/acrimat\/wp-json\/wp\/v2\/types\/post"}],"author":[{"embeddable":true,"href":"https:\/\/acompanheseuprojeto.com.br\/acrimat\/wp-json\/wp\/v2\/users\/4"}],"replies":[{"embeddable":true,"href":"https:\/\/acompanheseuprojeto.com.br\/acrimat\/wp-json\/wp\/v2\/comments?post=97981384"}],"version-history":[{"count":1,"href":"https:\/\/acompanheseuprojeto.com.br\/acrimat\/wp-json\/wp\/v2\/posts\/97981384\/revisions"}],"predecessor-version":[{"id":97981386,"href":"https:\/\/acompanheseuprojeto.com.br\/acrimat\/wp-json\/wp\/v2\/posts\/97981384\/revisions\/97981386"}],"wp:featuredmedia":[{"embeddable":true,"href":"https:\/\/acompanheseuprojeto.com.br\/acrimat\/wp-json\/wp\/v2\/media\/97981385"}],"wp:attachment":[{"href":"https:\/\/acompanheseuprojeto.com.br\/acrimat\/wp-json\/wp\/v2\/media?parent=97981384"}],"wp:term":[{"taxonomy":"category","embeddable":true,"href":"https:\/\/acompanheseuprojeto.com.br\/acrimat\/wp-json\/wp\/v2\/categories?post=97981384"},{"taxonomy":"post_tag","embeddable":true,"href":"https:\/\/acompanheseuprojeto.com.br\/acrimat\/wp-json\/wp\/v2\/tags?post=97981384"}],"curies":[{"name":"wp","href":"https:\/\/api.w.org\/{rel}","templated":true}]}}