{"id":97982220,"date":"2017-06-08T11:48:22","date_gmt":"2017-06-08T14:48:22","guid":{"rendered":"https:\/\/acompanheseuprojeto.com.br\/acrimat\/?p=97982220"},"modified":"2017-06-08T11:55:45","modified_gmt":"2017-06-08T14:55:45","slug":"produtor-tera-90-dias-para-fazer-adequacoes-no-novo-sistema-de-cadastro-ambiental-rural","status":"publish","type":"post","link":"https:\/\/acompanheseuprojeto.com.br\/acrimat\/produtor-tera-90-dias-para-fazer-adequacoes-no-novo-sistema-de-cadastro-ambiental-rural\/","title":{"rendered":"Produtor ter\u00e1 90 dias para fazer adequa\u00e7\u00f5es no novo sistema de Cadastro Ambiental Rural"},"content":{"rendered":"<p><a href=\"https:\/\/acompanheseuprojeto.com.br\/acrimat\/wp-content\/uploads\/2017\/06\/a-afazenda3.jpg\"><img fetchpriority=\"high\" decoding=\"async\" class=\"size-medium wp-image-97982223 alignleft\" src=\"https:\/\/acompanheseuprojeto.com.br\/acrimat\/wp-content\/uploads\/2017\/06\/a-afazenda3-300x167.jpg\" alt=\"\" width=\"300\" height=\"167\" srcset=\"https:\/\/acompanheseuprojeto.com.br\/acrimat\/wp-content\/uploads\/2017\/06\/a-afazenda3-300x167.jpg 300w, https:\/\/acompanheseuprojeto.com.br\/acrimat\/wp-content\/uploads\/2017\/06\/a-afazenda3-768x428.jpg 768w, https:\/\/acompanheseuprojeto.com.br\/acrimat\/wp-content\/uploads\/2017\/06\/a-afazenda3-250x139.jpg 250w, https:\/\/acompanheseuprojeto.com.br\/acrimat\/wp-content\/uploads\/2017\/06\/a-afazenda3-550x307.jpg 550w, https:\/\/acompanheseuprojeto.com.br\/acrimat\/wp-content\/uploads\/2017\/06\/a-afazenda3-800x446.jpg 800w, https:\/\/acompanheseuprojeto.com.br\/acrimat\/wp-content\/uploads\/2017\/06\/a-afazenda3-323x180.jpg 323w, https:\/\/acompanheseuprojeto.com.br\/acrimat\/wp-content\/uploads\/2017\/06\/a-afazenda3-538x300.jpg 538w, https:\/\/acompanheseuprojeto.com.br\/acrimat\/wp-content\/uploads\/2017\/06\/a-afazenda3.jpg 834w\" sizes=\"(max-width: 300px) 100vw, 300px\" \/><\/a>Os produtores rurais de Mato Grosso ter\u00e3o o prazo de 90 dias, a partir do dia 2 de junho, para acessar o novo Sistema de Cadastro Ambiental Rural (Simcar) e adequar as informa\u00e7\u00f5es. Al\u00e9m de permitir o desembargo a cerca de 10 mil im\u00f3veis rurais, a ferramenta serve como porta de entrada para os demais servi\u00e7os da Secretaria de Estado de Meio Ambiente (Sema), entre eles, o licenciamento ambiental.<\/p>\n<p>Conforme o secret\u00e1rio de Meio Ambiente e vice-governador, Carlos F\u00e1varo, a secretaria tem 113,5 mil im\u00f3veis rurais em sua base de dados, mas, em tr\u00eas anos de utiliza\u00e7\u00e3o do Sistema Nacional de Cadastro Ambiental Rural (Sicar), pouco mais de 2,5 mil cadastros foram analisados e menos de 100 aprovados.<\/p>\n<p>\u201cUma das minhas primeiras a\u00e7\u00f5es quando assumi a Sema, em abril do ano passado, foi preparar um relat\u00f3rio sobre o sistema e buscar solu\u00e7\u00f5es para destrav\u00e1-lo. A alternativa mais vi\u00e1vel encontrada foi retomar a gest\u00e3o do sistema, que passou a ser novamente estadual e tem uma grande miss\u00e3o pela frente, que \u00e9 promover a regulariza\u00e7\u00e3o ambiental no Estado\u201d.<\/p>\n<p>O Cadastro Ambiental Rural (CAR) \u00e9 um registro eletr\u00f4nico obrigat\u00f3rio para todos os im\u00f3veis rurais, com a finalidade de integrar as informa\u00e7\u00f5es ambientais das propriedades e posses rurais do pa\u00eds, compondo base de dados para controle, monitoramento, planejamento ambiental e econ\u00f4mico e combate ao desmatamento. Aquelas propriedades que ainda n\u00e3o est\u00e3o cadastradas dever\u00e3o se inscrever, j\u00e1 no novo sistema, at\u00e9 31 de dezembro deste ano.<\/p>\n<p>Para facilitar o acesso, o produtor poder\u00e1 acompanhar na p\u00e1gina da Sema (<span style=\"color: #0000ff;\"><a style=\"color: #0000ff;\" href=\"http:\/\/www.sema.mt.gov.br\">www.sema.mt.gov.br<\/a><\/span> &#8211; CAR) ou <span style=\"color: #0000ff;\"><a style=\"color: #0000ff;\" href=\"https:\/\/monitoramento.sema.mt.gov.br\/simcar\/tecnico.app\/autenticar\">neste link<\/a><\/span> os v\u00eddeos explicativos com o passo-a-passo da atualiza\u00e7\u00e3o de informa\u00e7\u00f5es, que inclui o envio de documentos comprobat\u00f3rios. \u201cAo contr\u00e1rio do Sicar, que era declarat\u00f3rio, o Simcar traz um cadastro completo com informa\u00e7\u00f5es obrigat\u00f3rias e valida\u00e7\u00f5es autom\u00e1ticas. Com ele, os nossos t\u00e9cnicos v\u00e3o trabalhar com mais seguran\u00e7a, agilidade e em um menor prazo\u201d, acrescenta o secret\u00e1rio adjunto de Gest\u00e3o Ambiental, Alex Sandro Marega.<\/p>\n<p><strong>Como acessar o Simcar<\/strong><\/p>\n<p>O novo sistema, Simcar, e o PRA foram institu\u00eddos por meio da Lei Complementar n\u00b0 592, publicada no Di\u00e1rio Oficial no dia 26 de maio deste ano e regulamentado pelo Decreto n\u00ba 1.031, de 2 de junho. Primeiramente, o usu\u00e1rio ter\u00e1 que se cadastrar no Siga (Sistema Integrado de Gest\u00e3o Ambiental), na p\u00e1gina da Sema (www.sema.mt.gov.br) ou neste link, onde obter\u00e1 um login e uma senha. A partir dele, \u00e9 poss\u00edvel acessa o Simcar.<\/p>\n<p>Ap\u00f3s an\u00e1lise, o CAR ter\u00e1 tr\u00eas status: ativo; suspenso &#8211; por n\u00e3o atendimento de notifica\u00e7\u00e3o ou of\u00edcio pend\u00eancia, descumprimento de termo de compromisso e\/ou ocorr\u00eancia de nova infra\u00e7\u00e3o ambiental ap\u00f3s a sua valida\u00e7\u00e3o; e cancelado, que \u00e9 a condi\u00e7\u00e3o quando constatada a inexist\u00eancia f\u00edsica da propriedade ou posse rural, no local identificado na planta ou memorial descritivo apresentado no ato de inscri\u00e7\u00e3o no Simcar.<\/p>\n<p>Quanto ao PRA, poder\u00e1 ser acessado ap\u00f3s fase de an\u00e1lise e valida\u00e7\u00e3o das informa\u00e7\u00f5es declaradas no Simcar e proposta de regulariza\u00e7\u00e3o dos passivos ambientais de \u00c1reas de Preserva\u00e7\u00e3o Permanente, Reserva Legal ou Uso Restrito, com a consequente assinatura do correspondente Termo de Compromisso. As propriedades que apresentarem ativos ambientais ter\u00e3o oportunidade de aderirem a programas de pagamentos por servi\u00e7os ambientais REDD+ (Redu\u00e7\u00e3o das Emiss\u00f5es por Desmatamento e Degrada\u00e7\u00e3o florestal).<\/p>\n<p><strong>V\u00eddeo aulas<\/strong><\/p>\n<p>A Sema preparou um material explicativo com v\u00eddeo aulas mostrando o passo a passo aos usu\u00e1rios, esse material cont\u00e9m 4 v\u00eddeos: 1 &#8211; manual do sistema Siga (porta de entrada para o Simcar), 2 \u2013 cadastramento do im\u00f3vel rural, 3 \u2013 como fazer download do mapa e das imagens da regi\u00e3o onde a propriedade est\u00e1 inserida (arquivo para sistemas de geoprocessamento \u2013 Sapefile), 4 \u2013 como utilizar o desenhador on-line, traz as ferramentas de geoprocessamento no pr\u00f3prio sistema. Acesse neste link.<\/p>\n<p>Um kit com os v\u00eddeos ser\u00e1 disponibilizado \u00e0s entidades que representam o setor produtivo de Mato Grosso, como Federa\u00e7\u00e3o da Agricultura e Pecu\u00e1ria do Estado de Mato Grosso (Famato) e Centro das Ind\u00fastrias Produtoras e Exportadoras de Madeira do Estado de Mato Grosso (Cipem), para contribu\u00edrem com a distribui\u00e7\u00e3o do material nos munic\u00edpios e sindicatos rurais.<\/p>\n<p>Em caso de d\u00favidas, ligar para o Atendimento Cidad\u00e3o 0800-647-0111, onde h\u00e1 uma equipe especializada para fazer os esclarecimentos referentes ao Simcar.<\/p>\n<p><strong>Sobre o Siga<\/strong><\/p>\n<p>O Sistema Integrado de Gest\u00e3o Ambiental (Siga) foi desenvolvido pela Sema como uma ferramenta centralizar\u00e1 todos os servi\u00e7os, tanto internos quanto externos, disponibilizando e armazenado os dados pessoais dos usu\u00e1rios e hist\u00f3rico. Inicialmente o Siga ser\u00e1 utilizado apenas para realizar os cadastros de pessoas que utilizar\u00e3o o Simcar. Posteriormente, todos os sistemas da secretaria contar\u00e3o com a ferramenta. Com o Siga, o usu\u00e1rio ter\u00e1 apenas um login e uma senha para acessar tudo o que a secretaria oferece.<\/p>\n","protected":false},"excerpt":{"rendered":"<p>Al\u00e9m de permitir o desembargo a cerca de 10 mil im\u00f3veis rurais, a ferramenta serve como porta de entrada para os demais servi\u00e7os da Secretaria de Estado de Meio Ambiente (Sema), entre eles, o licenciamento ambiental<\/p>\n","protected":false},"author":4,"featured_media":97982223,"comment_status":"closed","ping_status":"closed","sticky":false,"template":"","format":"standard","meta":{"footnotes":""},"categories":[6,1],"tags":[],"class_list":["post-97982220","post","type-post","status-publish","format-standard","has-post-thumbnail","hentry","category-destaque","category-noticia"],"yoast_head":"<!-- This site is optimized with the Yoast SEO plugin v24.2 - https:\/\/yoast.com\/wordpress\/plugins\/seo\/ -->\n<title>Produtor ter\u00e1 90 dias para fazer adequa\u00e7\u00f5es no novo sistema de Cadastro Ambiental Rural - Acrimat<\/title>\n<meta name=\"robots\" content=\"index, follow, max-snippet:-1, max-image-preview:large, max-video-preview:-1\" \/>\n<link rel=\"canonical\" href=\"https:\/\/acompanheseuprojeto.com.br\/acrimat\/produtor-tera-90-dias-para-fazer-adequacoes-no-novo-sistema-de-cadastro-ambiental-rural\/\" \/>\n<meta property=\"og:locale\" content=\"pt_BR\" \/>\n<meta property=\"og:type\" content=\"article\" \/>\n<meta property=\"og:title\" content=\"Produtor ter\u00e1 90 dias para fazer adequa\u00e7\u00f5es no novo sistema de Cadastro Ambiental Rural - Acrimat\" \/>\n<meta property=\"og:description\" content=\"Al\u00e9m de permitir o desembargo a cerca de 10 mil im\u00f3veis rurais, a ferramenta serve como porta de entrada para os demais servi\u00e7os da Secretaria de Estado de Meio Ambiente (Sema), entre eles, o licenciamento ambiental\" \/>\n<meta property=\"og:url\" content=\"https:\/\/acompanheseuprojeto.com.br\/acrimat\/produtor-tera-90-dias-para-fazer-adequacoes-no-novo-sistema-de-cadastro-ambiental-rural\/\" \/>\n<meta property=\"og:site_name\" content=\"Acrimat\" \/>\n<meta property=\"article:published_time\" content=\"2017-06-08T14:48:22+00:00\" \/>\n<meta property=\"article:modified_time\" content=\"2017-06-08T14:55:45+00:00\" \/>\n<meta property=\"og:image\" content=\"https:\/\/acompanheseuprojeto.com.br\/acrimat\/wp-content\/uploads\/2017\/06\/a-afazenda3.jpg\" \/>\n\t<meta property=\"og:image:width\" content=\"834\" \/>\n\t<meta property=\"og:image:height\" content=\"465\" \/>\n\t<meta property=\"og:image:type\" content=\"image\/jpeg\" \/>\n<meta name=\"author\" content=\"Comunica\u00e7\u00e3o\" \/>\n<meta name=\"twitter:card\" content=\"summary_large_image\" \/>\n<meta name=\"twitter:label1\" content=\"Escrito por\" \/>\n\t<meta name=\"twitter:data1\" content=\"Comunica\u00e7\u00e3o\" \/>\n\t<meta name=\"twitter:label2\" content=\"Est. tempo de leitura\" \/>\n\t<meta name=\"twitter:data2\" content=\"4 minutos\" \/>\n<script type=\"application\/ld+json\" class=\"yoast-schema-graph\">{\"@context\":\"https:\/\/schema.org\",\"@graph\":[{\"@type\":\"Article\",\"@id\":\"https:\/\/acompanheseuprojeto.com.br\/acrimat\/produtor-tera-90-dias-para-fazer-adequacoes-no-novo-sistema-de-cadastro-ambiental-rural\/#article\",\"isPartOf\":{\"@id\":\"https:\/\/acompanheseuprojeto.com.br\/acrimat\/produtor-tera-90-dias-para-fazer-adequacoes-no-novo-sistema-de-cadastro-ambiental-rural\/\"},\"author\":{\"name\":\"Comunica\u00e7\u00e3o\",\"@id\":\"https:\/\/acompanheseuprojeto.com.br\/acrimat\/#\/schema\/person\/3d34bb8aba05880dee02197f876f0da3\"},\"headline\":\"Produtor ter\u00e1 90 dias para fazer adequa\u00e7\u00f5es no novo sistema de Cadastro Ambiental Rural\",\"datePublished\":\"2017-06-08T14:48:22+00:00\",\"dateModified\":\"2017-06-08T14:55:45+00:00\",\"mainEntityOfPage\":{\"@id\":\"https:\/\/acompanheseuprojeto.com.br\/acrimat\/produtor-tera-90-dias-para-fazer-adequacoes-no-novo-sistema-de-cadastro-ambiental-rural\/\"},\"wordCount\":873,\"publisher\":{\"@id\":\"https:\/\/acompanheseuprojeto.com.br\/acrimat\/#organization\"},\"image\":{\"@id\":\"https:\/\/acompanheseuprojeto.com.br\/acrimat\/produtor-tera-90-dias-para-fazer-adequacoes-no-novo-sistema-de-cadastro-ambiental-rural\/#primaryimage\"},\"thumbnailUrl\":\"https:\/\/acompanheseuprojeto.com.br\/acrimat\/wp-content\/uploads\/2017\/06\/a-afazenda3.jpg\",\"articleSection\":[\"Destaques\",\"Not\u00edcias\"],\"inLanguage\":\"pt-BR\"},{\"@type\":\"WebPage\",\"@id\":\"https:\/\/acompanheseuprojeto.com.br\/acrimat\/produtor-tera-90-dias-para-fazer-adequacoes-no-novo-sistema-de-cadastro-ambiental-rural\/\",\"url\":\"https:\/\/acompanheseuprojeto.com.br\/acrimat\/produtor-tera-90-dias-para-fazer-adequacoes-no-novo-sistema-de-cadastro-ambiental-rural\/\",\"name\":\"Produtor ter\u00e1 90 dias para fazer adequa\u00e7\u00f5es no novo sistema de Cadastro Ambiental Rural - Acrimat\",\"isPartOf\":{\"@id\":\"https:\/\/acompanheseuprojeto.com.br\/acrimat\/#website\"},\"primaryImageOfPage\":{\"@id\":\"https:\/\/acompanheseuprojeto.com.br\/acrimat\/produtor-tera-90-dias-para-fazer-adequacoes-no-novo-sistema-de-cadastro-ambiental-rural\/#primaryimage\"},\"image\":{\"@id\":\"https:\/\/acompanheseuprojeto.com.br\/acrimat\/produtor-tera-90-dias-para-fazer-adequacoes-no-novo-sistema-de-cadastro-ambiental-rural\/#primaryimage\"},\"thumbnailUrl\":\"https:\/\/acompanheseuprojeto.com.br\/acrimat\/wp-content\/uploads\/2017\/06\/a-afazenda3.jpg\",\"datePublished\":\"2017-06-08T14:48:22+00:00\",\"dateModified\":\"2017-06-08T14:55:45+00:00\",\"breadcrumb\":{\"@id\":\"https:\/\/acompanheseuprojeto.com.br\/acrimat\/produtor-tera-90-dias-para-fazer-adequacoes-no-novo-sistema-de-cadastro-ambiental-rural\/#breadcrumb\"},\"inLanguage\":\"pt-BR\",\"potentialAction\":[{\"@type\":\"ReadAction\",\"target\":[\"https:\/\/acompanheseuprojeto.com.br\/acrimat\/produtor-tera-90-dias-para-fazer-adequacoes-no-novo-sistema-de-cadastro-ambiental-rural\/\"]}]},{\"@type\":\"ImageObject\",\"inLanguage\":\"pt-BR\",\"@id\":\"https:\/\/acompanheseuprojeto.com.br\/acrimat\/produtor-tera-90-dias-para-fazer-adequacoes-no-novo-sistema-de-cadastro-ambiental-rural\/#primaryimage\",\"url\":\"https:\/\/acompanheseuprojeto.com.br\/acrimat\/wp-content\/uploads\/2017\/06\/a-afazenda3.jpg\",\"contentUrl\":\"https:\/\/acompanheseuprojeto.com.br\/acrimat\/wp-content\/uploads\/2017\/06\/a-afazenda3.jpg\",\"width\":834,\"height\":465},{\"@type\":\"BreadcrumbList\",\"@id\":\"https:\/\/acompanheseuprojeto.com.br\/acrimat\/produtor-tera-90-dias-para-fazer-adequacoes-no-novo-sistema-de-cadastro-ambiental-rural\/#breadcrumb\",\"itemListElement\":[{\"@type\":\"ListItem\",\"position\":1,\"name\":\"In\u00edcio\",\"item\":\"https:\/\/acompanheseuprojeto.com.br\/acrimat\/\"},{\"@type\":\"ListItem\",\"position\":2,\"name\":\"Produtor ter\u00e1 90 dias para fazer adequa\u00e7\u00f5es no novo sistema de Cadastro Ambiental Rural\"}]},{\"@type\":\"WebSite\",\"@id\":\"https:\/\/acompanheseuprojeto.com.br\/acrimat\/#website\",\"url\":\"https:\/\/acompanheseuprojeto.com.br\/acrimat\/\",\"name\":\"Acrimat\",\"description\":\"Associa\u00e7\u00e3o dos Criadores de Mato Grosso\",\"publisher\":{\"@id\":\"https:\/\/acompanheseuprojeto.com.br\/acrimat\/#organization\"},\"potentialAction\":[{\"@type\":\"SearchAction\",\"target\":{\"@type\":\"EntryPoint\",\"urlTemplate\":\"https:\/\/acompanheseuprojeto.com.br\/acrimat\/?s={search_term_string}\"},\"query-input\":{\"@type\":\"PropertyValueSpecification\",\"valueRequired\":true,\"valueName\":\"search_term_string\"}}],\"inLanguage\":\"pt-BR\"},{\"@type\":\"Organization\",\"@id\":\"https:\/\/acompanheseuprojeto.com.br\/acrimat\/#organization\",\"name\":\"Associa\u00e7\u00e3o dos Criadores de Mato Grosso\",\"url\":\"https:\/\/acompanheseuprojeto.com.br\/acrimat\/\",\"logo\":{\"@type\":\"ImageObject\",\"inLanguage\":\"pt-BR\",\"@id\":\"https:\/\/acompanheseuprojeto.com.br\/acrimat\/#\/schema\/logo\/image\/\",\"url\":\"https:\/\/acompanheseuprojeto.com.br\/acrimat\/wp-content\/uploads\/2018\/03\/logo-peq-original.png\",\"contentUrl\":\"https:\/\/acompanheseuprojeto.com.br\/acrimat\/wp-content\/uploads\/2018\/03\/logo-peq-original.png\",\"width\":174,\"height\":171,\"caption\":\"Associa\u00e7\u00e3o dos Criadores de Mato Grosso\"},\"image\":{\"@id\":\"https:\/\/acompanheseuprojeto.com.br\/acrimat\/#\/schema\/logo\/image\/\"}},{\"@type\":\"Person\",\"@id\":\"https:\/\/acompanheseuprojeto.com.br\/acrimat\/#\/schema\/person\/3d34bb8aba05880dee02197f876f0da3\",\"name\":\"Comunica\u00e7\u00e3o\",\"image\":{\"@type\":\"ImageObject\",\"inLanguage\":\"pt-BR\",\"@id\":\"https:\/\/acompanheseuprojeto.com.br\/acrimat\/#\/schema\/person\/image\/\",\"url\":\"https:\/\/secure.gravatar.com\/avatar\/5d9ac04c8e5020ba74e4c1a116e647dc?s=96&d=mm&r=g\",\"contentUrl\":\"https:\/\/secure.gravatar.com\/avatar\/5d9ac04c8e5020ba74e4c1a116e647dc?s=96&d=mm&r=g\",\"caption\":\"Comunica\u00e7\u00e3o\"},\"url\":\"https:\/\/acompanheseuprojeto.com.br\/acrimat\/author\/rodrigo\/\"}]}<\/script>\n<!-- \/ Yoast SEO plugin. -->","yoast_head_json":{"title":"Produtor ter\u00e1 90 dias para fazer adequa\u00e7\u00f5es no novo sistema de Cadastro Ambiental Rural - Acrimat","robots":{"index":"index","follow":"follow","max-snippet":"max-snippet:-1","max-image-preview":"max-image-preview:large","max-video-preview":"max-video-preview:-1"},"canonical":"https:\/\/acompanheseuprojeto.com.br\/acrimat\/produtor-tera-90-dias-para-fazer-adequacoes-no-novo-sistema-de-cadastro-ambiental-rural\/","og_locale":"pt_BR","og_type":"article","og_title":"Produtor ter\u00e1 90 dias para fazer adequa\u00e7\u00f5es no novo sistema de Cadastro Ambiental Rural - Acrimat","og_description":"Al\u00e9m de permitir o desembargo a cerca de 10 mil im\u00f3veis rurais, a ferramenta serve como porta de entrada para os demais servi\u00e7os da Secretaria de Estado de Meio Ambiente (Sema), entre eles, o licenciamento ambiental","og_url":"https:\/\/acompanheseuprojeto.com.br\/acrimat\/produtor-tera-90-dias-para-fazer-adequacoes-no-novo-sistema-de-cadastro-ambiental-rural\/","og_site_name":"Acrimat","article_published_time":"2017-06-08T14:48:22+00:00","article_modified_time":"2017-06-08T14:55:45+00:00","og_image":[{"width":834,"height":465,"url":"https:\/\/acompanheseuprojeto.com.br\/acrimat\/wp-content\/uploads\/2017\/06\/a-afazenda3.jpg","type":"image\/jpeg"}],"author":"Comunica\u00e7\u00e3o","twitter_card":"summary_large_image","twitter_misc":{"Escrito por":"Comunica\u00e7\u00e3o","Est. tempo de leitura":"4 minutos"},"schema":{"@context":"https:\/\/schema.org","@graph":[{"@type":"Article","@id":"https:\/\/acompanheseuprojeto.com.br\/acrimat\/produtor-tera-90-dias-para-fazer-adequacoes-no-novo-sistema-de-cadastro-ambiental-rural\/#article","isPartOf":{"@id":"https:\/\/acompanheseuprojeto.com.br\/acrimat\/produtor-tera-90-dias-para-fazer-adequacoes-no-novo-sistema-de-cadastro-ambiental-rural\/"},"author":{"name":"Comunica\u00e7\u00e3o","@id":"https:\/\/acompanheseuprojeto.com.br\/acrimat\/#\/schema\/person\/3d34bb8aba05880dee02197f876f0da3"},"headline":"Produtor ter\u00e1 90 dias para fazer adequa\u00e7\u00f5es no novo sistema de Cadastro Ambiental Rural","datePublished":"2017-06-08T14:48:22+00:00","dateModified":"2017-06-08T14:55:45+00:00","mainEntityOfPage":{"@id":"https:\/\/acompanheseuprojeto.com.br\/acrimat\/produtor-tera-90-dias-para-fazer-adequacoes-no-novo-sistema-de-cadastro-ambiental-rural\/"},"wordCount":873,"publisher":{"@id":"https:\/\/acompanheseuprojeto.com.br\/acrimat\/#organization"},"image":{"@id":"https:\/\/acompanheseuprojeto.com.br\/acrimat\/produtor-tera-90-dias-para-fazer-adequacoes-no-novo-sistema-de-cadastro-ambiental-rural\/#primaryimage"},"thumbnailUrl":"https:\/\/acompanheseuprojeto.com.br\/acrimat\/wp-content\/uploads\/2017\/06\/a-afazenda3.jpg","articleSection":["Destaques","Not\u00edcias"],"inLanguage":"pt-BR"},{"@type":"WebPage","@id":"https:\/\/acompanheseuprojeto.com.br\/acrimat\/produtor-tera-90-dias-para-fazer-adequacoes-no-novo-sistema-de-cadastro-ambiental-rural\/","url":"https:\/\/acompanheseuprojeto.com.br\/acrimat\/produtor-tera-90-dias-para-fazer-adequacoes-no-novo-sistema-de-cadastro-ambiental-rural\/","name":"Produtor ter\u00e1 90 dias para fazer adequa\u00e7\u00f5es no novo sistema de Cadastro Ambiental Rural - Acrimat","isPartOf":{"@id":"https:\/\/acompanheseuprojeto.com.br\/acrimat\/#website"},"primaryImageOfPage":{"@id":"https:\/\/acompanheseuprojeto.com.br\/acrimat\/produtor-tera-90-dias-para-fazer-adequacoes-no-novo-sistema-de-cadastro-ambiental-rural\/#primaryimage"},"image":{"@id":"https:\/\/acompanheseuprojeto.com.br\/acrimat\/produtor-tera-90-dias-para-fazer-adequacoes-no-novo-sistema-de-cadastro-ambiental-rural\/#primaryimage"},"thumbnailUrl":"https:\/\/acompanheseuprojeto.com.br\/acrimat\/wp-content\/uploads\/2017\/06\/a-afazenda3.jpg","datePublished":"2017-06-08T14:48:22+00:00","dateModified":"2017-06-08T14:55:45+00:00","breadcrumb":{"@id":"https:\/\/acompanheseuprojeto.com.br\/acrimat\/produtor-tera-90-dias-para-fazer-adequacoes-no-novo-sistema-de-cadastro-ambiental-rural\/#breadcrumb"},"inLanguage":"pt-BR","potentialAction":[{"@type":"ReadAction","target":["https:\/\/acompanheseuprojeto.com.br\/acrimat\/produtor-tera-90-dias-para-fazer-adequacoes-no-novo-sistema-de-cadastro-ambiental-rural\/"]}]},{"@type":"ImageObject","inLanguage":"pt-BR","@id":"https:\/\/acompanheseuprojeto.com.br\/acrimat\/produtor-tera-90-dias-para-fazer-adequacoes-no-novo-sistema-de-cadastro-ambiental-rural\/#primaryimage","url":"https:\/\/acompanheseuprojeto.com.br\/acrimat\/wp-content\/uploads\/2017\/06\/a-afazenda3.jpg","contentUrl":"https:\/\/acompanheseuprojeto.com.br\/acrimat\/wp-content\/uploads\/2017\/06\/a-afazenda3.jpg","width":834,"height":465},{"@type":"BreadcrumbList","@id":"https:\/\/acompanheseuprojeto.com.br\/acrimat\/produtor-tera-90-dias-para-fazer-adequacoes-no-novo-sistema-de-cadastro-ambiental-rural\/#breadcrumb","itemListElement":[{"@type":"ListItem","position":1,"name":"In\u00edcio","item":"https:\/\/acompanheseuprojeto.com.br\/acrimat\/"},{"@type":"ListItem","position":2,"name":"Produtor ter\u00e1 90 dias para fazer adequa\u00e7\u00f5es no novo sistema de Cadastro Ambiental Rural"}]},{"@type":"WebSite","@id":"https:\/\/acompanheseuprojeto.com.br\/acrimat\/#website","url":"https:\/\/acompanheseuprojeto.com.br\/acrimat\/","name":"Acrimat","description":"Associa\u00e7\u00e3o dos Criadores de Mato Grosso","publisher":{"@id":"https:\/\/acompanheseuprojeto.com.br\/acrimat\/#organization"},"potentialAction":[{"@type":"SearchAction","target":{"@type":"EntryPoint","urlTemplate":"https:\/\/acompanheseuprojeto.com.br\/acrimat\/?s={search_term_string}"},"query-input":{"@type":"PropertyValueSpecification","valueRequired":true,"valueName":"search_term_string"}}],"inLanguage":"pt-BR"},{"@type":"Organization","@id":"https:\/\/acompanheseuprojeto.com.br\/acrimat\/#organization","name":"Associa\u00e7\u00e3o dos Criadores de Mato Grosso","url":"https:\/\/acompanheseuprojeto.com.br\/acrimat\/","logo":{"@type":"ImageObject","inLanguage":"pt-BR","@id":"https:\/\/acompanheseuprojeto.com.br\/acrimat\/#\/schema\/logo\/image\/","url":"https:\/\/acompanheseuprojeto.com.br\/acrimat\/wp-content\/uploads\/2018\/03\/logo-peq-original.png","contentUrl":"https:\/\/acompanheseuprojeto.com.br\/acrimat\/wp-content\/uploads\/2018\/03\/logo-peq-original.png","width":174,"height":171,"caption":"Associa\u00e7\u00e3o dos Criadores de Mato Grosso"},"image":{"@id":"https:\/\/acompanheseuprojeto.com.br\/acrimat\/#\/schema\/logo\/image\/"}},{"@type":"Person","@id":"https:\/\/acompanheseuprojeto.com.br\/acrimat\/#\/schema\/person\/3d34bb8aba05880dee02197f876f0da3","name":"Comunica\u00e7\u00e3o","image":{"@type":"ImageObject","inLanguage":"pt-BR","@id":"https:\/\/acompanheseuprojeto.com.br\/acrimat\/#\/schema\/person\/image\/","url":"https:\/\/secure.gravatar.com\/avatar\/5d9ac04c8e5020ba74e4c1a116e647dc?s=96&d=mm&r=g","contentUrl":"https:\/\/secure.gravatar.com\/avatar\/5d9ac04c8e5020ba74e4c1a116e647dc?s=96&d=mm&r=g","caption":"Comunica\u00e7\u00e3o"},"url":"https:\/\/acompanheseuprojeto.com.br\/acrimat\/author\/rodrigo\/"}]}},"_links":{"self":[{"href":"https:\/\/acompanheseuprojeto.com.br\/acrimat\/wp-json\/wp\/v2\/posts\/97982220","targetHints":{"allow":["GET"]}}],"collection":[{"href":"https:\/\/acompanheseuprojeto.com.br\/acrimat\/wp-json\/wp\/v2\/posts"}],"about":[{"href":"https:\/\/acompanheseuprojeto.com.br\/acrimat\/wp-json\/wp\/v2\/types\/post"}],"author":[{"embeddable":true,"href":"https:\/\/acompanheseuprojeto.com.br\/acrimat\/wp-json\/wp\/v2\/users\/4"}],"replies":[{"embeddable":true,"href":"https:\/\/acompanheseuprojeto.com.br\/acrimat\/wp-json\/wp\/v2\/comments?post=97982220"}],"version-history":[{"count":4,"href":"https:\/\/acompanheseuprojeto.com.br\/acrimat\/wp-json\/wp\/v2\/posts\/97982220\/revisions"}],"predecessor-version":[{"id":97982227,"href":"https:\/\/acompanheseuprojeto.com.br\/acrimat\/wp-json\/wp\/v2\/posts\/97982220\/revisions\/97982227"}],"wp:featuredmedia":[{"embeddable":true,"href":"https:\/\/acompanheseuprojeto.com.br\/acrimat\/wp-json\/wp\/v2\/media\/97982223"}],"wp:attachment":[{"href":"https:\/\/acompanheseuprojeto.com.br\/acrimat\/wp-json\/wp\/v2\/media?parent=97982220"}],"wp:term":[{"taxonomy":"category","embeddable":true,"href":"https:\/\/acompanheseuprojeto.com.br\/acrimat\/wp-json\/wp\/v2\/categories?post=97982220"},{"taxonomy":"post_tag","embeddable":true,"href":"https:\/\/acompanheseuprojeto.com.br\/acrimat\/wp-json\/wp\/v2\/tags?post=97982220"}],"curies":[{"name":"wp","href":"https:\/\/api.w.org\/{rel}","templated":true}]}}