{"id":97982225,"date":"2017-06-08T11:54:56","date_gmt":"2017-06-08T14:54:56","guid":{"rendered":"https:\/\/acompanheseuprojeto.com.br\/acrimat\/?p=97982225"},"modified":"2017-06-08T11:54:56","modified_gmt":"2017-06-08T14:54:56","slug":"criadores-reforcam-a-solicitacao-de-isencao","status":"publish","type":"post","link":"https:\/\/acompanheseuprojeto.com.br\/acrimat\/criadores-reforcam-a-solicitacao-de-isencao\/","title":{"rendered":"Criadores refor\u00e7am a  solicita\u00e7\u00e3o de isen\u00e7\u00e3o"},"content":{"rendered":"<p><a href=\"https:\/\/acompanheseuprojeto.com.br\/acrimat\/wp-content\/uploads\/2016\/06\/GADO5.jpg\"><img fetchpriority=\"high\" decoding=\"async\" class=\"alignright size-medium wp-image-97975763\" src=\"https:\/\/acompanheseuprojeto.com.br\/acrimat\/wp-content\/uploads\/2016\/06\/GADO5-300x206.jpg\" alt=\"\" width=\"300\" height=\"206\" srcset=\"https:\/\/acompanheseuprojeto.com.br\/acrimat\/wp-content\/uploads\/2016\/06\/GADO5-300x206.jpg 300w, https:\/\/acompanheseuprojeto.com.br\/acrimat\/wp-content\/uploads\/2016\/06\/GADO5-250x172.jpg 250w, https:\/\/acompanheseuprojeto.com.br\/acrimat\/wp-content\/uploads\/2016\/06\/GADO5-550x378.jpg 550w, https:\/\/acompanheseuprojeto.com.br\/acrimat\/wp-content\/uploads\/2016\/06\/GADO5-262x180.jpg 262w, https:\/\/acompanheseuprojeto.com.br\/acrimat\/wp-content\/uploads\/2016\/06\/GADO5-436x300.jpg 436w, https:\/\/acompanheseuprojeto.com.br\/acrimat\/wp-content\/uploads\/2016\/06\/GADO5.jpg 640w\" sizes=\"(max-width: 300px) 100vw, 300px\" \/><\/a>A Associa\u00e7\u00e3o dos Criadores de Mato Grosso (Acrimat) formalizou nesta quarta-feira (7) o 2\u00ba pedido de isen\u00e7\u00e3o do Imposto sobre Circula\u00e7\u00e3o de Mercadoria e Servi\u00e7o (ICMS) para abate de gado em outros estados. A solicita\u00e7\u00e3o foi feita ao governo estadual pela 1\u00aa vez em 19 de maio, e foi refor\u00e7ada por meio de novo of\u00edcio protocolizado na Secretaria de Fazenda (Sefaz).<\/p>\n<p>Em reuni\u00e3o com pecuaristas no dia 24 de maio, o vice-governador Carlos F\u00e1- varo e o secret\u00e1rio de Desenvolvimento Econ\u00f4mico, Ricardo Tomczyk, anunciaram a proposta de redu\u00e7\u00e3o da al\u00edquota do ICMS para a sa\u00edda do boi em p\u00e9 para 2,5%, igualando \u00e0 taxa praticada aos frigor\u00edficos. Hoje, a al\u00edquota \u00e9 de 7%. Desde a ent\u00e3o, a proposta da Sedec aguarda an\u00e1lise da Sefaz. Segundo a Acrimat, at\u00e9 o momento a entidade n\u00e3o recebeu nenhuma resposta oficial do governo do Estado e por isso refor\u00e7ou a cobran\u00e7a.<\/p>\n<p>Em maio, o pre\u00e7o da arroba desvalorizou 3%, chegando a R$ 120,90. Comparado ao ano passado, a retra\u00e7\u00e3o \u00e9 de 8,3%. Levantamento do Instituto Mato-grossense de Economia Agropecu\u00e1ria (Imea) mostra que maio teve o maior n\u00famero de abates do ano, com 435 mil animais. O volume supera o mesmo m\u00eas de 2016 (413 mil cabe\u00e7as). Sobre abril, o aumento foi de 53%, j\u00e1 que o m\u00eas contou com suspens\u00e3o tempor\u00e1ria das atividades em 7 plantas frigor\u00edficas no Estado.<\/p>\n<p>O vice-presidente da Acrimat, Lu\u00eds Fernando Conte, destaca que a associa\u00e7\u00e3o sofre h\u00e1 anos com a concentra\u00e7\u00e3o da ind\u00fastria frigor\u00edfica. \u201cJ\u00e1 \u00e9ramos ref\u00e9ns de 4 grandes grupos, sendo o principal dele detentor de 48% do mercado. Agora, em virtude de crises pol\u00edticas e da corrup\u00e7\u00e3o, o pre\u00e7o est\u00e1 em queda e o produtor cada dia mais descapitalizado\u201d. Segundo ele, o pecuarista est\u00e1 com a renda comprometida, com contas a pagar e investimentos a serem feitos. \u201cCaso nenhuma provid\u00eancia seja adotada pelo poder p\u00fablico, corremos o risco de perder muitos produtores para outra atividade\u201d.<\/p>\n<p>O secret\u00e1rio de Fazenda, Gustavo Oliveira, informa que o governo vem monitorando o mercado e a desvaloriza\u00e7\u00e3o da arroba, mas considera a ociosidade dos frigor\u00edficos. \u201cN\u00f3s estamos monitorando o comportamento do mercado do boi em p\u00e9 e o abate nos frigor\u00edficos de Mato Grosso, que n\u00e3o pertencem ao grupo afetado e est\u00e3o operando com 60% da capacidade. Mas, \u00e9 fato tamb\u00e9m que nos outros estados o pre\u00e7o da arroba do boi em p\u00e9 vem caindo em m\u00e9dia 10% no \u00faltimo ano e 8% nos \u00faltimos 30 dias. Isso inviabiliza a comercializa\u00e7\u00e3o com lucro do boi em p\u00e9\u201d. Segundo ele, alternativas ser\u00e3o discutidas com o setor, mas o problema \u00e9 nacional, e n\u00e3o local.<\/p>\n","protected":false},"excerpt":{"rendered":"<p>Pecuaristas querem enviar gado para abater em outros estados<\/p>\n","protected":false},"author":4,"featured_media":97975763,"comment_status":"closed","ping_status":"closed","sticky":false,"template":"","format":"standard","meta":{"footnotes":""},"categories":[6,1],"tags":[],"class_list":["post-97982225","post","type-post","status-publish","format-standard","has-post-thumbnail","hentry","category-destaque","category-noticia"],"yoast_head":"<!-- This site is optimized with the Yoast SEO plugin v24.2 - https:\/\/yoast.com\/wordpress\/plugins\/seo\/ -->\n<title>Criadores refor\u00e7am a solicita\u00e7\u00e3o de isen\u00e7\u00e3o - Acrimat<\/title>\n<meta name=\"robots\" content=\"index, follow, max-snippet:-1, max-image-preview:large, max-video-preview:-1\" \/>\n<link rel=\"canonical\" href=\"https:\/\/acompanheseuprojeto.com.br\/acrimat\/criadores-reforcam-a-solicitacao-de-isencao\/\" \/>\n<meta property=\"og:locale\" content=\"pt_BR\" \/>\n<meta property=\"og:type\" content=\"article\" \/>\n<meta property=\"og:title\" content=\"Criadores refor\u00e7am a solicita\u00e7\u00e3o de isen\u00e7\u00e3o - Acrimat\" \/>\n<meta property=\"og:description\" content=\"Pecuaristas querem enviar gado para abater em outros estados\" \/>\n<meta property=\"og:url\" content=\"https:\/\/acompanheseuprojeto.com.br\/acrimat\/criadores-reforcam-a-solicitacao-de-isencao\/\" \/>\n<meta property=\"og:site_name\" content=\"Acrimat\" \/>\n<meta property=\"article:published_time\" content=\"2017-06-08T14:54:56+00:00\" \/>\n<meta property=\"og:image\" content=\"https:\/\/acompanheseuprojeto.com.br\/acrimat\/wp-content\/uploads\/2016\/06\/GADO5.jpg\" \/>\n\t<meta property=\"og:image:width\" content=\"640\" \/>\n\t<meta property=\"og:image:height\" content=\"440\" \/>\n\t<meta property=\"og:image:type\" content=\"image\/jpeg\" \/>\n<meta name=\"author\" content=\"Comunica\u00e7\u00e3o\" \/>\n<meta name=\"twitter:card\" content=\"summary_large_image\" \/>\n<meta name=\"twitter:label1\" content=\"Escrito por\" \/>\n\t<meta name=\"twitter:data1\" content=\"Comunica\u00e7\u00e3o\" \/>\n\t<meta name=\"twitter:label2\" content=\"Est. tempo de leitura\" \/>\n\t<meta name=\"twitter:data2\" content=\"2 minutos\" \/>\n<script type=\"application\/ld+json\" class=\"yoast-schema-graph\">{\"@context\":\"https:\/\/schema.org\",\"@graph\":[{\"@type\":\"Article\",\"@id\":\"https:\/\/acompanheseuprojeto.com.br\/acrimat\/criadores-reforcam-a-solicitacao-de-isencao\/#article\",\"isPartOf\":{\"@id\":\"https:\/\/acompanheseuprojeto.com.br\/acrimat\/criadores-reforcam-a-solicitacao-de-isencao\/\"},\"author\":{\"name\":\"Comunica\u00e7\u00e3o\",\"@id\":\"https:\/\/acompanheseuprojeto.com.br\/acrimat\/#\/schema\/person\/3d34bb8aba05880dee02197f876f0da3\"},\"headline\":\"Criadores refor\u00e7am a solicita\u00e7\u00e3o de isen\u00e7\u00e3o\",\"datePublished\":\"2017-06-08T14:54:56+00:00\",\"dateModified\":\"2017-06-08T14:54:56+00:00\",\"mainEntityOfPage\":{\"@id\":\"https:\/\/acompanheseuprojeto.com.br\/acrimat\/criadores-reforcam-a-solicitacao-de-isencao\/\"},\"wordCount\":469,\"publisher\":{\"@id\":\"https:\/\/acompanheseuprojeto.com.br\/acrimat\/#organization\"},\"image\":{\"@id\":\"https:\/\/acompanheseuprojeto.com.br\/acrimat\/criadores-reforcam-a-solicitacao-de-isencao\/#primaryimage\"},\"thumbnailUrl\":\"https:\/\/acompanheseuprojeto.com.br\/acrimat\/wp-content\/uploads\/2016\/06\/GADO5.jpg\",\"articleSection\":[\"Destaques\",\"Not\u00edcias\"],\"inLanguage\":\"pt-BR\"},{\"@type\":\"WebPage\",\"@id\":\"https:\/\/acompanheseuprojeto.com.br\/acrimat\/criadores-reforcam-a-solicitacao-de-isencao\/\",\"url\":\"https:\/\/acompanheseuprojeto.com.br\/acrimat\/criadores-reforcam-a-solicitacao-de-isencao\/\",\"name\":\"Criadores refor\u00e7am a solicita\u00e7\u00e3o de isen\u00e7\u00e3o - Acrimat\",\"isPartOf\":{\"@id\":\"https:\/\/acompanheseuprojeto.com.br\/acrimat\/#website\"},\"primaryImageOfPage\":{\"@id\":\"https:\/\/acompanheseuprojeto.com.br\/acrimat\/criadores-reforcam-a-solicitacao-de-isencao\/#primaryimage\"},\"image\":{\"@id\":\"https:\/\/acompanheseuprojeto.com.br\/acrimat\/criadores-reforcam-a-solicitacao-de-isencao\/#primaryimage\"},\"thumbnailUrl\":\"https:\/\/acompanheseuprojeto.com.br\/acrimat\/wp-content\/uploads\/2016\/06\/GADO5.jpg\",\"datePublished\":\"2017-06-08T14:54:56+00:00\",\"dateModified\":\"2017-06-08T14:54:56+00:00\",\"breadcrumb\":{\"@id\":\"https:\/\/acompanheseuprojeto.com.br\/acrimat\/criadores-reforcam-a-solicitacao-de-isencao\/#breadcrumb\"},\"inLanguage\":\"pt-BR\",\"potentialAction\":[{\"@type\":\"ReadAction\",\"target\":[\"https:\/\/acompanheseuprojeto.com.br\/acrimat\/criadores-reforcam-a-solicitacao-de-isencao\/\"]}]},{\"@type\":\"ImageObject\",\"inLanguage\":\"pt-BR\",\"@id\":\"https:\/\/acompanheseuprojeto.com.br\/acrimat\/criadores-reforcam-a-solicitacao-de-isencao\/#primaryimage\",\"url\":\"https:\/\/acompanheseuprojeto.com.br\/acrimat\/wp-content\/uploads\/2016\/06\/GADO5.jpg\",\"contentUrl\":\"https:\/\/acompanheseuprojeto.com.br\/acrimat\/wp-content\/uploads\/2016\/06\/GADO5.jpg\",\"width\":640,\"height\":440},{\"@type\":\"BreadcrumbList\",\"@id\":\"https:\/\/acompanheseuprojeto.com.br\/acrimat\/criadores-reforcam-a-solicitacao-de-isencao\/#breadcrumb\",\"itemListElement\":[{\"@type\":\"ListItem\",\"position\":1,\"name\":\"In\u00edcio\",\"item\":\"https:\/\/acompanheseuprojeto.com.br\/acrimat\/\"},{\"@type\":\"ListItem\",\"position\":2,\"name\":\"Criadores refor\u00e7am a solicita\u00e7\u00e3o de isen\u00e7\u00e3o\"}]},{\"@type\":\"WebSite\",\"@id\":\"https:\/\/acompanheseuprojeto.com.br\/acrimat\/#website\",\"url\":\"https:\/\/acompanheseuprojeto.com.br\/acrimat\/\",\"name\":\"Acrimat\",\"description\":\"Associa\u00e7\u00e3o dos Criadores de Mato Grosso\",\"publisher\":{\"@id\":\"https:\/\/acompanheseuprojeto.com.br\/acrimat\/#organization\"},\"potentialAction\":[{\"@type\":\"SearchAction\",\"target\":{\"@type\":\"EntryPoint\",\"urlTemplate\":\"https:\/\/acompanheseuprojeto.com.br\/acrimat\/?s={search_term_string}\"},\"query-input\":{\"@type\":\"PropertyValueSpecification\",\"valueRequired\":true,\"valueName\":\"search_term_string\"}}],\"inLanguage\":\"pt-BR\"},{\"@type\":\"Organization\",\"@id\":\"https:\/\/acompanheseuprojeto.com.br\/acrimat\/#organization\",\"name\":\"Associa\u00e7\u00e3o dos Criadores de Mato Grosso\",\"url\":\"https:\/\/acompanheseuprojeto.com.br\/acrimat\/\",\"logo\":{\"@type\":\"ImageObject\",\"inLanguage\":\"pt-BR\",\"@id\":\"https:\/\/acompanheseuprojeto.com.br\/acrimat\/#\/schema\/logo\/image\/\",\"url\":\"https:\/\/acompanheseuprojeto.com.br\/acrimat\/wp-content\/uploads\/2018\/03\/logo-peq-original.png\",\"contentUrl\":\"https:\/\/acompanheseuprojeto.com.br\/acrimat\/wp-content\/uploads\/2018\/03\/logo-peq-original.png\",\"width\":174,\"height\":171,\"caption\":\"Associa\u00e7\u00e3o dos Criadores de Mato Grosso\"},\"image\":{\"@id\":\"https:\/\/acompanheseuprojeto.com.br\/acrimat\/#\/schema\/logo\/image\/\"}},{\"@type\":\"Person\",\"@id\":\"https:\/\/acompanheseuprojeto.com.br\/acrimat\/#\/schema\/person\/3d34bb8aba05880dee02197f876f0da3\",\"name\":\"Comunica\u00e7\u00e3o\",\"image\":{\"@type\":\"ImageObject\",\"inLanguage\":\"pt-BR\",\"@id\":\"https:\/\/acompanheseuprojeto.com.br\/acrimat\/#\/schema\/person\/image\/\",\"url\":\"https:\/\/secure.gravatar.com\/avatar\/5d9ac04c8e5020ba74e4c1a116e647dc?s=96&d=mm&r=g\",\"contentUrl\":\"https:\/\/secure.gravatar.com\/avatar\/5d9ac04c8e5020ba74e4c1a116e647dc?s=96&d=mm&r=g\",\"caption\":\"Comunica\u00e7\u00e3o\"},\"url\":\"https:\/\/acompanheseuprojeto.com.br\/acrimat\/author\/rodrigo\/\"}]}<\/script>\n<!-- \/ Yoast SEO plugin. -->","yoast_head_json":{"title":"Criadores refor\u00e7am a solicita\u00e7\u00e3o de isen\u00e7\u00e3o - Acrimat","robots":{"index":"index","follow":"follow","max-snippet":"max-snippet:-1","max-image-preview":"max-image-preview:large","max-video-preview":"max-video-preview:-1"},"canonical":"https:\/\/acompanheseuprojeto.com.br\/acrimat\/criadores-reforcam-a-solicitacao-de-isencao\/","og_locale":"pt_BR","og_type":"article","og_title":"Criadores refor\u00e7am a solicita\u00e7\u00e3o de isen\u00e7\u00e3o - Acrimat","og_description":"Pecuaristas querem enviar gado para abater em outros estados","og_url":"https:\/\/acompanheseuprojeto.com.br\/acrimat\/criadores-reforcam-a-solicitacao-de-isencao\/","og_site_name":"Acrimat","article_published_time":"2017-06-08T14:54:56+00:00","og_image":[{"width":640,"height":440,"url":"https:\/\/acompanheseuprojeto.com.br\/acrimat\/wp-content\/uploads\/2016\/06\/GADO5.jpg","type":"image\/jpeg"}],"author":"Comunica\u00e7\u00e3o","twitter_card":"summary_large_image","twitter_misc":{"Escrito por":"Comunica\u00e7\u00e3o","Est. tempo de leitura":"2 minutos"},"schema":{"@context":"https:\/\/schema.org","@graph":[{"@type":"Article","@id":"https:\/\/acompanheseuprojeto.com.br\/acrimat\/criadores-reforcam-a-solicitacao-de-isencao\/#article","isPartOf":{"@id":"https:\/\/acompanheseuprojeto.com.br\/acrimat\/criadores-reforcam-a-solicitacao-de-isencao\/"},"author":{"name":"Comunica\u00e7\u00e3o","@id":"https:\/\/acompanheseuprojeto.com.br\/acrimat\/#\/schema\/person\/3d34bb8aba05880dee02197f876f0da3"},"headline":"Criadores refor\u00e7am a solicita\u00e7\u00e3o de isen\u00e7\u00e3o","datePublished":"2017-06-08T14:54:56+00:00","dateModified":"2017-06-08T14:54:56+00:00","mainEntityOfPage":{"@id":"https:\/\/acompanheseuprojeto.com.br\/acrimat\/criadores-reforcam-a-solicitacao-de-isencao\/"},"wordCount":469,"publisher":{"@id":"https:\/\/acompanheseuprojeto.com.br\/acrimat\/#organization"},"image":{"@id":"https:\/\/acompanheseuprojeto.com.br\/acrimat\/criadores-reforcam-a-solicitacao-de-isencao\/#primaryimage"},"thumbnailUrl":"https:\/\/acompanheseuprojeto.com.br\/acrimat\/wp-content\/uploads\/2016\/06\/GADO5.jpg","articleSection":["Destaques","Not\u00edcias"],"inLanguage":"pt-BR"},{"@type":"WebPage","@id":"https:\/\/acompanheseuprojeto.com.br\/acrimat\/criadores-reforcam-a-solicitacao-de-isencao\/","url":"https:\/\/acompanheseuprojeto.com.br\/acrimat\/criadores-reforcam-a-solicitacao-de-isencao\/","name":"Criadores refor\u00e7am a solicita\u00e7\u00e3o de isen\u00e7\u00e3o - Acrimat","isPartOf":{"@id":"https:\/\/acompanheseuprojeto.com.br\/acrimat\/#website"},"primaryImageOfPage":{"@id":"https:\/\/acompanheseuprojeto.com.br\/acrimat\/criadores-reforcam-a-solicitacao-de-isencao\/#primaryimage"},"image":{"@id":"https:\/\/acompanheseuprojeto.com.br\/acrimat\/criadores-reforcam-a-solicitacao-de-isencao\/#primaryimage"},"thumbnailUrl":"https:\/\/acompanheseuprojeto.com.br\/acrimat\/wp-content\/uploads\/2016\/06\/GADO5.jpg","datePublished":"2017-06-08T14:54:56+00:00","dateModified":"2017-06-08T14:54:56+00:00","breadcrumb":{"@id":"https:\/\/acompanheseuprojeto.com.br\/acrimat\/criadores-reforcam-a-solicitacao-de-isencao\/#breadcrumb"},"inLanguage":"pt-BR","potentialAction":[{"@type":"ReadAction","target":["https:\/\/acompanheseuprojeto.com.br\/acrimat\/criadores-reforcam-a-solicitacao-de-isencao\/"]}]},{"@type":"ImageObject","inLanguage":"pt-BR","@id":"https:\/\/acompanheseuprojeto.com.br\/acrimat\/criadores-reforcam-a-solicitacao-de-isencao\/#primaryimage","url":"https:\/\/acompanheseuprojeto.com.br\/acrimat\/wp-content\/uploads\/2016\/06\/GADO5.jpg","contentUrl":"https:\/\/acompanheseuprojeto.com.br\/acrimat\/wp-content\/uploads\/2016\/06\/GADO5.jpg","width":640,"height":440},{"@type":"BreadcrumbList","@id":"https:\/\/acompanheseuprojeto.com.br\/acrimat\/criadores-reforcam-a-solicitacao-de-isencao\/#breadcrumb","itemListElement":[{"@type":"ListItem","position":1,"name":"In\u00edcio","item":"https:\/\/acompanheseuprojeto.com.br\/acrimat\/"},{"@type":"ListItem","position":2,"name":"Criadores refor\u00e7am a solicita\u00e7\u00e3o de isen\u00e7\u00e3o"}]},{"@type":"WebSite","@id":"https:\/\/acompanheseuprojeto.com.br\/acrimat\/#website","url":"https:\/\/acompanheseuprojeto.com.br\/acrimat\/","name":"Acrimat","description":"Associa\u00e7\u00e3o dos Criadores de Mato Grosso","publisher":{"@id":"https:\/\/acompanheseuprojeto.com.br\/acrimat\/#organization"},"potentialAction":[{"@type":"SearchAction","target":{"@type":"EntryPoint","urlTemplate":"https:\/\/acompanheseuprojeto.com.br\/acrimat\/?s={search_term_string}"},"query-input":{"@type":"PropertyValueSpecification","valueRequired":true,"valueName":"search_term_string"}}],"inLanguage":"pt-BR"},{"@type":"Organization","@id":"https:\/\/acompanheseuprojeto.com.br\/acrimat\/#organization","name":"Associa\u00e7\u00e3o dos Criadores de Mato Grosso","url":"https:\/\/acompanheseuprojeto.com.br\/acrimat\/","logo":{"@type":"ImageObject","inLanguage":"pt-BR","@id":"https:\/\/acompanheseuprojeto.com.br\/acrimat\/#\/schema\/logo\/image\/","url":"https:\/\/acompanheseuprojeto.com.br\/acrimat\/wp-content\/uploads\/2018\/03\/logo-peq-original.png","contentUrl":"https:\/\/acompanheseuprojeto.com.br\/acrimat\/wp-content\/uploads\/2018\/03\/logo-peq-original.png","width":174,"height":171,"caption":"Associa\u00e7\u00e3o dos Criadores de Mato Grosso"},"image":{"@id":"https:\/\/acompanheseuprojeto.com.br\/acrimat\/#\/schema\/logo\/image\/"}},{"@type":"Person","@id":"https:\/\/acompanheseuprojeto.com.br\/acrimat\/#\/schema\/person\/3d34bb8aba05880dee02197f876f0da3","name":"Comunica\u00e7\u00e3o","image":{"@type":"ImageObject","inLanguage":"pt-BR","@id":"https:\/\/acompanheseuprojeto.com.br\/acrimat\/#\/schema\/person\/image\/","url":"https:\/\/secure.gravatar.com\/avatar\/5d9ac04c8e5020ba74e4c1a116e647dc?s=96&d=mm&r=g","contentUrl":"https:\/\/secure.gravatar.com\/avatar\/5d9ac04c8e5020ba74e4c1a116e647dc?s=96&d=mm&r=g","caption":"Comunica\u00e7\u00e3o"},"url":"https:\/\/acompanheseuprojeto.com.br\/acrimat\/author\/rodrigo\/"}]}},"_links":{"self":[{"href":"https:\/\/acompanheseuprojeto.com.br\/acrimat\/wp-json\/wp\/v2\/posts\/97982225","targetHints":{"allow":["GET"]}}],"collection":[{"href":"https:\/\/acompanheseuprojeto.com.br\/acrimat\/wp-json\/wp\/v2\/posts"}],"about":[{"href":"https:\/\/acompanheseuprojeto.com.br\/acrimat\/wp-json\/wp\/v2\/types\/post"}],"author":[{"embeddable":true,"href":"https:\/\/acompanheseuprojeto.com.br\/acrimat\/wp-json\/wp\/v2\/users\/4"}],"replies":[{"embeddable":true,"href":"https:\/\/acompanheseuprojeto.com.br\/acrimat\/wp-json\/wp\/v2\/comments?post=97982225"}],"version-history":[{"count":1,"href":"https:\/\/acompanheseuprojeto.com.br\/acrimat\/wp-json\/wp\/v2\/posts\/97982225\/revisions"}],"predecessor-version":[{"id":97982226,"href":"https:\/\/acompanheseuprojeto.com.br\/acrimat\/wp-json\/wp\/v2\/posts\/97982225\/revisions\/97982226"}],"wp:featuredmedia":[{"embeddable":true,"href":"https:\/\/acompanheseuprojeto.com.br\/acrimat\/wp-json\/wp\/v2\/media\/97975763"}],"wp:attachment":[{"href":"https:\/\/acompanheseuprojeto.com.br\/acrimat\/wp-json\/wp\/v2\/media?parent=97982225"}],"wp:term":[{"taxonomy":"category","embeddable":true,"href":"https:\/\/acompanheseuprojeto.com.br\/acrimat\/wp-json\/wp\/v2\/categories?post=97982225"},{"taxonomy":"post_tag","embeddable":true,"href":"https:\/\/acompanheseuprojeto.com.br\/acrimat\/wp-json\/wp\/v2\/tags?post=97982225"}],"curies":[{"name":"wp","href":"https:\/\/api.w.org\/{rel}","templated":true}]}}