{"id":97982239,"date":"2017-06-09T10:41:33","date_gmt":"2017-06-09T13:41:33","guid":{"rendered":"https:\/\/acompanheseuprojeto.com.br\/acrimat\/?p=97982239"},"modified":"2017-06-09T10:41:33","modified_gmt":"2017-06-09T13:41:33","slug":"pecuarista-reduz-confinamento-em-meio-a-escandalos-no-setor","status":"publish","type":"post","link":"https:\/\/acompanheseuprojeto.com.br\/acrimat\/pecuarista-reduz-confinamento-em-meio-a-escandalos-no-setor\/","title":{"rendered":"Pecuarista reduz confinamento em meio a esc\u00e2ndalos no setor"},"content":{"rendered":"<p><a href=\"https:\/\/acompanheseuprojeto.com.br\/acrimat\/wp-content\/uploads\/2016\/05\/confinamento6.jpg\"><img fetchpriority=\"high\" decoding=\"async\" class=\"alignright size-medium wp-image-97975281\" src=\"https:\/\/acompanheseuprojeto.com.br\/acrimat\/wp-content\/uploads\/2016\/05\/confinamento6-300x225.jpg\" alt=\"\" width=\"300\" height=\"225\" \/><\/a>A incerteza gerada pelos esc\u00e2ndalos envolvendo a carne bovina brasileira derrubou a inten\u00e7\u00e3o de confinamento para 2017. O n\u00famero de animais deve crescer at\u00e9 15% em rela\u00e7\u00e3o ao ano passado, mas n\u00e3o deve chegar aos 25% de alta previstos inicialmente.<\/p>\n<p>&#8220;\u00c9 poss\u00edvel que o incremento fique entre 10% e 15% em rela\u00e7\u00e3o aos 3,2 milh\u00f5es de animais confinados em 2016, o que n\u00e3o \u00e9 nem perto do projetado inicialmente, mas \u00e9 mais realista&#8221;, afirma o gerente da Associa\u00e7\u00e3o Nacional dos Confinadores (Assocon), Bruno Andrade.<\/p>\n<p>Os produtores est\u00e3o preocupados com os rumos do mercado, o que fez com que adiassem a decis\u00e3o de confinar, mesmo diante de um cen\u00e1rio de pre\u00e7os de insumos favor\u00e1vel. &#8220;A opera\u00e7\u00e3o Carne Fraca, a Carne Fria, a dela\u00e7\u00e3o dos fundadores da JBS e o retorno da cobran\u00e7a do Funrural deixaram o produtor receoso em rela\u00e7\u00e3o ao que esperar no segundo semestre&#8221;, avalia.<\/p>\n<p>O pre\u00e7o projetado para a arroba no mercado futuro tamb\u00e9m t\u00eam pesado na decis\u00e3o. O animal que for terminado no cocho entre junho e agosto dever\u00e1 ser entregue para abate entre outubro e dezembro. &#8220;Com os pre\u00e7os que temos a conta do confinamento ou empata ou gera preju\u00edzo para o produtor que precisa comprar boi magro&#8221;, salienta o propriet\u00e1rio da Scot Consultoria, Alcides Torres. &#8220;Pode ser que daqui a algumas semanas esse cen\u00e1rio mude, mas o problema \u00e9 se isso acontece em tempo h\u00e1bil para o produtor confinar&#8221;, diz o analista.<\/p>\n<p>A cota\u00e7\u00e3o da arroba para outubro, m\u00eas de maior n\u00famero de contratos negociados na bolsa (B3), est\u00e1 em R$ 130,04, inferior ao mercado f\u00edsico, que fechou ontem em R$ 130,21. &#8220;Isso desestimula o pecuarista&#8221;, destaca gerente executivo de intelig\u00eancia de mercado do frigor\u00edfico Minerva, Leonardo Alencar. A companhia projeta alta de 2,6% no n\u00famero de cabe\u00e7as confinadas em 2017 ante o ano passado, para 4 milh\u00f5es animais.<\/p>\n<p>&#8220;O resultado poderia ser maior n\u00e3o fosse a d\u00favida em rela\u00e7\u00e3o ao pre\u00e7o&#8221;, acrescenta.<\/p>\n<p>A capacidade de pagamento da JBS, maior empresa de prote\u00edna animal do mundo, tamb\u00e9m \u00e9 alvo de questionamento no mercado. H\u00e1 pouco mais de um m\u00eas a companhia dos irm\u00e3os Wesley e Joesley Batista anunciou que pagaria os produtores apenas \u00e0 prazo, quando o formato usual \u00e9 a op\u00e7\u00e3o \u00e0 vista. &#8220;O momento requer cautela do produtor para que ele possa procurar neg\u00f3cios que remunerem a atividade. Orientamos o produtor a vender \u00e0 vista&#8221;, completou o diretor da Associa\u00e7\u00e3o dos Criadores de Mato Grosso (<span class=\"marcado bold\" data-title=\"\">Acrimat<\/span>), Luciano Vacari.<\/p>\n<p>O Estado possui o maior rebanho do Pa\u00eds, com 30 milh\u00f5es de cabe\u00e7as, e 11 das 24 das unidades de abate est\u00e3o nas m\u00e3os do JBS. Al\u00e9m do receio com o pagamento a prazo, h\u00e1 relatos de produtores com dificuldades de descontar as Notas Promiss\u00f3rias Rurais (NPRs) emitidas pela companhia nas vendas a prazo. As NPRs s\u00e3o um adiantamento dos valores a serem pagos e podem ser descontadas nos bancos. &#8220;Se o frigor\u00edfico n\u00e3o pagar, o preju\u00edzo \u00e9 do produtor&#8221;, alerta Torres.<\/p>\n<p>Dados do Instituto Mato-Grossense de Economia Agropecu\u00e1ria (Imea) divulgados na \u00faltima segunda-feira (5), mostram que o Estado deve registrar crescimento de 14% no confinamento, para 701,8 mil animais. No entanto, o n\u00famero de produtores indecisos \u00e9 o maior da hist\u00f3ria: 24%, segundo a primeira pesquisa de inten\u00e7\u00e3o de confinamento feita pela entidade neste ano.<\/p>\n<p>A JBS vendeu suas opera\u00e7\u00f5es de carnes na Argentina e no Uruguai para a concorrente Minerva. O neg\u00f3cio, anunciado ontem (6) foi de US$ 300 milh\u00f5es, recurso que devem ser utilizados para reduzir as d\u00edvidas da empresa. No Brasil, a companhia informou que n\u00e3o pretende vender ativos. No entanto, deu f\u00e9rias coletivas aos funcion\u00e1rios da unidade de Ponta Por\u00e3, em Mato Grosso do Sul.<\/p>\n<p><strong>Consumidor<\/strong><\/p>\n<p>As d\u00favidas n\u00e3o se restringem ao campo e chegaram tamb\u00e9m ao consumidor, que amea\u00e7a boicotar as marcas do grupo JBS. Frente a isso, empresas decidiram se posicionar. A pizzaria norte-americana Domino\u00b4s anunciou na \u00faltima sexta-feira (2) que n\u00e3o utilizar\u00e1 nenhum produto da marca JBS. A empresa possui 180 lojas no Brasil e mais de 10 mil estabelecimentos no mundo.<\/p>\n<p>O Instituto de Defesa do Consumidor (IDEC) tamb\u00e9m manifestou apoio ao boicote proposto nas redes sociais aos produtos da marca. &#8220;Deixar de comprar \u00e9 um importante instrumento de press\u00e3o da sociedade para que empresas passem mudem comportamentos danosos e anti\u00e9ticos&#8221;, disse o Idec em comunicado.<\/p>\n<p><strong>Retomada<\/strong><\/p>\n<p>O crescimento do confinamento, mesmo que menor que o esperado, se deve aos pre\u00e7os da mat\u00e9ria-prima, como o milho e o boi magro. &#8220;Muitos produtores est\u00e3o retomando os planos em fun\u00e7\u00e3o da queda nos custos de alimeta\u00e7\u00e3o&#8221;, afirma o gerente de confinamento da DSM Tortuga, Marcos Baruselli.<\/p>\n<p>Em S\u00e3o Paulo, por exemplo, a saca de 60 quilos do gr\u00e3o est\u00e1 sendo vendida a R$ 25, em m\u00e9dia. &#8220;Em estados como Mato Grosso a cota\u00e7\u00e3o da saca bateu R$ 13&#8221;. A queda \u00e9 resultado da supersafra do gr\u00e3o, que chegar\u00e1 a 100 milh\u00f5es de toneladas.<\/p>\n<p>Os valores de reposi\u00e7\u00e3o tamb\u00e9m est\u00e3o competitivos. O bezerro, em S\u00e3o Paulo, custa em m\u00e9dia R$ 1,5 mil, enquanto o valor do boi magro gira em torno de R$ 1,7 mil. &#8220;Considerando S\u00e3o Paulo, os custos de produ\u00e7\u00e3o oscilam entre R$ 90 a R$ 100, menores que o valor da arroba mesmo diante de incertezas.&#8221;<\/p>\n<p>Alencar, do frigor\u00edfico Minerva, acrescenta que alternativas como o semi-confinamento e a intensifica\u00e7\u00e3o a pasto tamb\u00e9m devem crescer na prefer\u00eancia do produtor. &#8220;Os custos s\u00e3o mais baixos em rela\u00e7\u00e3o ao confinamento e o Pa\u00eds tem uma disponibilidade grande de pasto&#8221;.<\/p>\n","protected":false},"excerpt":{"rendered":"<p>Opera\u00e7\u00e3o Carne Fraca, a dela\u00e7\u00e3o dos fundadores da JBS e o retorno da cobran\u00e7a do Funrural deixaram os produtores mais receosos com rela\u00e7\u00e3o ao cen\u00e1rio no segundo semestre<\/p>\n","protected":false},"author":4,"featured_media":0,"comment_status":"closed","ping_status":"closed","sticky":false,"template":"","format":"standard","meta":{"footnotes":""},"categories":[6,1],"tags":[],"class_list":["post-97982239","post","type-post","status-publish","format-standard","hentry","category-destaque","category-noticia"],"yoast_head":"<!-- This site is optimized with the Yoast SEO plugin v24.2 - https:\/\/yoast.com\/wordpress\/plugins\/seo\/ -->\n<title>Pecuarista reduz confinamento em meio a esc\u00e2ndalos no setor - Acrimat<\/title>\n<meta name=\"robots\" content=\"index, follow, max-snippet:-1, max-image-preview:large, max-video-preview:-1\" \/>\n<link rel=\"canonical\" href=\"https:\/\/acompanheseuprojeto.com.br\/acrimat\/pecuarista-reduz-confinamento-em-meio-a-escandalos-no-setor\/\" \/>\n<meta property=\"og:locale\" content=\"pt_BR\" \/>\n<meta property=\"og:type\" content=\"article\" \/>\n<meta property=\"og:title\" content=\"Pecuarista reduz confinamento em meio a esc\u00e2ndalos no setor - Acrimat\" \/>\n<meta property=\"og:description\" content=\"Opera\u00e7\u00e3o Carne Fraca, a dela\u00e7\u00e3o dos fundadores da JBS e o retorno da cobran\u00e7a do Funrural deixaram os produtores mais receosos com rela\u00e7\u00e3o ao cen\u00e1rio no segundo semestre\" \/>\n<meta property=\"og:url\" content=\"https:\/\/acompanheseuprojeto.com.br\/acrimat\/pecuarista-reduz-confinamento-em-meio-a-escandalos-no-setor\/\" \/>\n<meta property=\"og:site_name\" content=\"Acrimat\" \/>\n<meta property=\"article:published_time\" content=\"2017-06-09T13:41:33+00:00\" \/>\n<meta property=\"og:image\" content=\"https:\/\/acompanheseuprojeto.com.br\/acrimat\/wp-content\/uploads\/2016\/05\/confinamento6-300x225.jpg\" \/>\n<meta name=\"author\" content=\"Comunica\u00e7\u00e3o\" \/>\n<meta name=\"twitter:card\" content=\"summary_large_image\" \/>\n<meta name=\"twitter:label1\" content=\"Escrito por\" \/>\n\t<meta name=\"twitter:data1\" content=\"Comunica\u00e7\u00e3o\" \/>\n\t<meta name=\"twitter:label2\" content=\"Est. tempo de leitura\" \/>\n\t<meta name=\"twitter:data2\" content=\"5 minutos\" \/>\n<script type=\"application\/ld+json\" class=\"yoast-schema-graph\">{\"@context\":\"https:\/\/schema.org\",\"@graph\":[{\"@type\":\"Article\",\"@id\":\"https:\/\/acompanheseuprojeto.com.br\/acrimat\/pecuarista-reduz-confinamento-em-meio-a-escandalos-no-setor\/#article\",\"isPartOf\":{\"@id\":\"https:\/\/acompanheseuprojeto.com.br\/acrimat\/pecuarista-reduz-confinamento-em-meio-a-escandalos-no-setor\/\"},\"author\":{\"name\":\"Comunica\u00e7\u00e3o\",\"@id\":\"https:\/\/acompanheseuprojeto.com.br\/acrimat\/#\/schema\/person\/3d34bb8aba05880dee02197f876f0da3\"},\"headline\":\"Pecuarista reduz confinamento em meio a esc\u00e2ndalos no setor\",\"datePublished\":\"2017-06-09T13:41:33+00:00\",\"dateModified\":\"2017-06-09T13:41:33+00:00\",\"mainEntityOfPage\":{\"@id\":\"https:\/\/acompanheseuprojeto.com.br\/acrimat\/pecuarista-reduz-confinamento-em-meio-a-escandalos-no-setor\/\"},\"wordCount\":969,\"publisher\":{\"@id\":\"https:\/\/acompanheseuprojeto.com.br\/acrimat\/#organization\"},\"image\":{\"@id\":\"https:\/\/acompanheseuprojeto.com.br\/acrimat\/pecuarista-reduz-confinamento-em-meio-a-escandalos-no-setor\/#primaryimage\"},\"thumbnailUrl\":\"https:\/\/acompanheseuprojeto.com.br\/acrimat\/wp-content\/uploads\/2016\/05\/confinamento6-300x225.jpg\",\"articleSection\":[\"Destaques\",\"Not\u00edcias\"],\"inLanguage\":\"pt-BR\"},{\"@type\":\"WebPage\",\"@id\":\"https:\/\/acompanheseuprojeto.com.br\/acrimat\/pecuarista-reduz-confinamento-em-meio-a-escandalos-no-setor\/\",\"url\":\"https:\/\/acompanheseuprojeto.com.br\/acrimat\/pecuarista-reduz-confinamento-em-meio-a-escandalos-no-setor\/\",\"name\":\"Pecuarista reduz confinamento em meio a esc\u00e2ndalos no setor - Acrimat\",\"isPartOf\":{\"@id\":\"https:\/\/acompanheseuprojeto.com.br\/acrimat\/#website\"},\"primaryImageOfPage\":{\"@id\":\"https:\/\/acompanheseuprojeto.com.br\/acrimat\/pecuarista-reduz-confinamento-em-meio-a-escandalos-no-setor\/#primaryimage\"},\"image\":{\"@id\":\"https:\/\/acompanheseuprojeto.com.br\/acrimat\/pecuarista-reduz-confinamento-em-meio-a-escandalos-no-setor\/#primaryimage\"},\"thumbnailUrl\":\"https:\/\/acompanheseuprojeto.com.br\/acrimat\/wp-content\/uploads\/2016\/05\/confinamento6-300x225.jpg\",\"datePublished\":\"2017-06-09T13:41:33+00:00\",\"dateModified\":\"2017-06-09T13:41:33+00:00\",\"breadcrumb\":{\"@id\":\"https:\/\/acompanheseuprojeto.com.br\/acrimat\/pecuarista-reduz-confinamento-em-meio-a-escandalos-no-setor\/#breadcrumb\"},\"inLanguage\":\"pt-BR\",\"potentialAction\":[{\"@type\":\"ReadAction\",\"target\":[\"https:\/\/acompanheseuprojeto.com.br\/acrimat\/pecuarista-reduz-confinamento-em-meio-a-escandalos-no-setor\/\"]}]},{\"@type\":\"ImageObject\",\"inLanguage\":\"pt-BR\",\"@id\":\"https:\/\/acompanheseuprojeto.com.br\/acrimat\/pecuarista-reduz-confinamento-em-meio-a-escandalos-no-setor\/#primaryimage\",\"url\":\"https:\/\/acompanheseuprojeto.com.br\/acrimat\/wp-content\/uploads\/2016\/05\/confinamento6-300x225.jpg\",\"contentUrl\":\"https:\/\/acompanheseuprojeto.com.br\/acrimat\/wp-content\/uploads\/2016\/05\/confinamento6-300x225.jpg\"},{\"@type\":\"BreadcrumbList\",\"@id\":\"https:\/\/acompanheseuprojeto.com.br\/acrimat\/pecuarista-reduz-confinamento-em-meio-a-escandalos-no-setor\/#breadcrumb\",\"itemListElement\":[{\"@type\":\"ListItem\",\"position\":1,\"name\":\"In\u00edcio\",\"item\":\"https:\/\/acompanheseuprojeto.com.br\/acrimat\/\"},{\"@type\":\"ListItem\",\"position\":2,\"name\":\"Pecuarista reduz confinamento em meio a esc\u00e2ndalos no setor\"}]},{\"@type\":\"WebSite\",\"@id\":\"https:\/\/acompanheseuprojeto.com.br\/acrimat\/#website\",\"url\":\"https:\/\/acompanheseuprojeto.com.br\/acrimat\/\",\"name\":\"Acrimat\",\"description\":\"Associa\u00e7\u00e3o dos Criadores de Mato Grosso\",\"publisher\":{\"@id\":\"https:\/\/acompanheseuprojeto.com.br\/acrimat\/#organization\"},\"potentialAction\":[{\"@type\":\"SearchAction\",\"target\":{\"@type\":\"EntryPoint\",\"urlTemplate\":\"https:\/\/acompanheseuprojeto.com.br\/acrimat\/?s={search_term_string}\"},\"query-input\":{\"@type\":\"PropertyValueSpecification\",\"valueRequired\":true,\"valueName\":\"search_term_string\"}}],\"inLanguage\":\"pt-BR\"},{\"@type\":\"Organization\",\"@id\":\"https:\/\/acompanheseuprojeto.com.br\/acrimat\/#organization\",\"name\":\"Associa\u00e7\u00e3o dos Criadores de Mato Grosso\",\"url\":\"https:\/\/acompanheseuprojeto.com.br\/acrimat\/\",\"logo\":{\"@type\":\"ImageObject\",\"inLanguage\":\"pt-BR\",\"@id\":\"https:\/\/acompanheseuprojeto.com.br\/acrimat\/#\/schema\/logo\/image\/\",\"url\":\"https:\/\/acompanheseuprojeto.com.br\/acrimat\/wp-content\/uploads\/2018\/03\/logo-peq-original.png\",\"contentUrl\":\"https:\/\/acompanheseuprojeto.com.br\/acrimat\/wp-content\/uploads\/2018\/03\/logo-peq-original.png\",\"width\":174,\"height\":171,\"caption\":\"Associa\u00e7\u00e3o dos Criadores de Mato Grosso\"},\"image\":{\"@id\":\"https:\/\/acompanheseuprojeto.com.br\/acrimat\/#\/schema\/logo\/image\/\"}},{\"@type\":\"Person\",\"@id\":\"https:\/\/acompanheseuprojeto.com.br\/acrimat\/#\/schema\/person\/3d34bb8aba05880dee02197f876f0da3\",\"name\":\"Comunica\u00e7\u00e3o\",\"image\":{\"@type\":\"ImageObject\",\"inLanguage\":\"pt-BR\",\"@id\":\"https:\/\/acompanheseuprojeto.com.br\/acrimat\/#\/schema\/person\/image\/\",\"url\":\"https:\/\/secure.gravatar.com\/avatar\/5d9ac04c8e5020ba74e4c1a116e647dc?s=96&d=mm&r=g\",\"contentUrl\":\"https:\/\/secure.gravatar.com\/avatar\/5d9ac04c8e5020ba74e4c1a116e647dc?s=96&d=mm&r=g\",\"caption\":\"Comunica\u00e7\u00e3o\"},\"url\":\"https:\/\/acompanheseuprojeto.com.br\/acrimat\/author\/rodrigo\/\"}]}<\/script>\n<!-- \/ Yoast SEO plugin. -->","yoast_head_json":{"title":"Pecuarista reduz confinamento em meio a esc\u00e2ndalos no setor - Acrimat","robots":{"index":"index","follow":"follow","max-snippet":"max-snippet:-1","max-image-preview":"max-image-preview:large","max-video-preview":"max-video-preview:-1"},"canonical":"https:\/\/acompanheseuprojeto.com.br\/acrimat\/pecuarista-reduz-confinamento-em-meio-a-escandalos-no-setor\/","og_locale":"pt_BR","og_type":"article","og_title":"Pecuarista reduz confinamento em meio a esc\u00e2ndalos no setor - Acrimat","og_description":"Opera\u00e7\u00e3o Carne Fraca, a dela\u00e7\u00e3o dos fundadores da JBS e o retorno da cobran\u00e7a do Funrural deixaram os produtores mais receosos com rela\u00e7\u00e3o ao cen\u00e1rio no segundo semestre","og_url":"https:\/\/acompanheseuprojeto.com.br\/acrimat\/pecuarista-reduz-confinamento-em-meio-a-escandalos-no-setor\/","og_site_name":"Acrimat","article_published_time":"2017-06-09T13:41:33+00:00","og_image":[{"url":"https:\/\/acompanheseuprojeto.com.br\/acrimat\/wp-content\/uploads\/2016\/05\/confinamento6-300x225.jpg","type":"","width":"","height":""}],"author":"Comunica\u00e7\u00e3o","twitter_card":"summary_large_image","twitter_misc":{"Escrito por":"Comunica\u00e7\u00e3o","Est. tempo de leitura":"5 minutos"},"schema":{"@context":"https:\/\/schema.org","@graph":[{"@type":"Article","@id":"https:\/\/acompanheseuprojeto.com.br\/acrimat\/pecuarista-reduz-confinamento-em-meio-a-escandalos-no-setor\/#article","isPartOf":{"@id":"https:\/\/acompanheseuprojeto.com.br\/acrimat\/pecuarista-reduz-confinamento-em-meio-a-escandalos-no-setor\/"},"author":{"name":"Comunica\u00e7\u00e3o","@id":"https:\/\/acompanheseuprojeto.com.br\/acrimat\/#\/schema\/person\/3d34bb8aba05880dee02197f876f0da3"},"headline":"Pecuarista reduz confinamento em meio a esc\u00e2ndalos no setor","datePublished":"2017-06-09T13:41:33+00:00","dateModified":"2017-06-09T13:41:33+00:00","mainEntityOfPage":{"@id":"https:\/\/acompanheseuprojeto.com.br\/acrimat\/pecuarista-reduz-confinamento-em-meio-a-escandalos-no-setor\/"},"wordCount":969,"publisher":{"@id":"https:\/\/acompanheseuprojeto.com.br\/acrimat\/#organization"},"image":{"@id":"https:\/\/acompanheseuprojeto.com.br\/acrimat\/pecuarista-reduz-confinamento-em-meio-a-escandalos-no-setor\/#primaryimage"},"thumbnailUrl":"https:\/\/acompanheseuprojeto.com.br\/acrimat\/wp-content\/uploads\/2016\/05\/confinamento6-300x225.jpg","articleSection":["Destaques","Not\u00edcias"],"inLanguage":"pt-BR"},{"@type":"WebPage","@id":"https:\/\/acompanheseuprojeto.com.br\/acrimat\/pecuarista-reduz-confinamento-em-meio-a-escandalos-no-setor\/","url":"https:\/\/acompanheseuprojeto.com.br\/acrimat\/pecuarista-reduz-confinamento-em-meio-a-escandalos-no-setor\/","name":"Pecuarista reduz confinamento em meio a esc\u00e2ndalos no setor - Acrimat","isPartOf":{"@id":"https:\/\/acompanheseuprojeto.com.br\/acrimat\/#website"},"primaryImageOfPage":{"@id":"https:\/\/acompanheseuprojeto.com.br\/acrimat\/pecuarista-reduz-confinamento-em-meio-a-escandalos-no-setor\/#primaryimage"},"image":{"@id":"https:\/\/acompanheseuprojeto.com.br\/acrimat\/pecuarista-reduz-confinamento-em-meio-a-escandalos-no-setor\/#primaryimage"},"thumbnailUrl":"https:\/\/acompanheseuprojeto.com.br\/acrimat\/wp-content\/uploads\/2016\/05\/confinamento6-300x225.jpg","datePublished":"2017-06-09T13:41:33+00:00","dateModified":"2017-06-09T13:41:33+00:00","breadcrumb":{"@id":"https:\/\/acompanheseuprojeto.com.br\/acrimat\/pecuarista-reduz-confinamento-em-meio-a-escandalos-no-setor\/#breadcrumb"},"inLanguage":"pt-BR","potentialAction":[{"@type":"ReadAction","target":["https:\/\/acompanheseuprojeto.com.br\/acrimat\/pecuarista-reduz-confinamento-em-meio-a-escandalos-no-setor\/"]}]},{"@type":"ImageObject","inLanguage":"pt-BR","@id":"https:\/\/acompanheseuprojeto.com.br\/acrimat\/pecuarista-reduz-confinamento-em-meio-a-escandalos-no-setor\/#primaryimage","url":"https:\/\/acompanheseuprojeto.com.br\/acrimat\/wp-content\/uploads\/2016\/05\/confinamento6-300x225.jpg","contentUrl":"https:\/\/acompanheseuprojeto.com.br\/acrimat\/wp-content\/uploads\/2016\/05\/confinamento6-300x225.jpg"},{"@type":"BreadcrumbList","@id":"https:\/\/acompanheseuprojeto.com.br\/acrimat\/pecuarista-reduz-confinamento-em-meio-a-escandalos-no-setor\/#breadcrumb","itemListElement":[{"@type":"ListItem","position":1,"name":"In\u00edcio","item":"https:\/\/acompanheseuprojeto.com.br\/acrimat\/"},{"@type":"ListItem","position":2,"name":"Pecuarista reduz confinamento em meio a esc\u00e2ndalos no setor"}]},{"@type":"WebSite","@id":"https:\/\/acompanheseuprojeto.com.br\/acrimat\/#website","url":"https:\/\/acompanheseuprojeto.com.br\/acrimat\/","name":"Acrimat","description":"Associa\u00e7\u00e3o dos Criadores de Mato Grosso","publisher":{"@id":"https:\/\/acompanheseuprojeto.com.br\/acrimat\/#organization"},"potentialAction":[{"@type":"SearchAction","target":{"@type":"EntryPoint","urlTemplate":"https:\/\/acompanheseuprojeto.com.br\/acrimat\/?s={search_term_string}"},"query-input":{"@type":"PropertyValueSpecification","valueRequired":true,"valueName":"search_term_string"}}],"inLanguage":"pt-BR"},{"@type":"Organization","@id":"https:\/\/acompanheseuprojeto.com.br\/acrimat\/#organization","name":"Associa\u00e7\u00e3o dos Criadores de Mato Grosso","url":"https:\/\/acompanheseuprojeto.com.br\/acrimat\/","logo":{"@type":"ImageObject","inLanguage":"pt-BR","@id":"https:\/\/acompanheseuprojeto.com.br\/acrimat\/#\/schema\/logo\/image\/","url":"https:\/\/acompanheseuprojeto.com.br\/acrimat\/wp-content\/uploads\/2018\/03\/logo-peq-original.png","contentUrl":"https:\/\/acompanheseuprojeto.com.br\/acrimat\/wp-content\/uploads\/2018\/03\/logo-peq-original.png","width":174,"height":171,"caption":"Associa\u00e7\u00e3o dos Criadores de Mato Grosso"},"image":{"@id":"https:\/\/acompanheseuprojeto.com.br\/acrimat\/#\/schema\/logo\/image\/"}},{"@type":"Person","@id":"https:\/\/acompanheseuprojeto.com.br\/acrimat\/#\/schema\/person\/3d34bb8aba05880dee02197f876f0da3","name":"Comunica\u00e7\u00e3o","image":{"@type":"ImageObject","inLanguage":"pt-BR","@id":"https:\/\/acompanheseuprojeto.com.br\/acrimat\/#\/schema\/person\/image\/","url":"https:\/\/secure.gravatar.com\/avatar\/5d9ac04c8e5020ba74e4c1a116e647dc?s=96&d=mm&r=g","contentUrl":"https:\/\/secure.gravatar.com\/avatar\/5d9ac04c8e5020ba74e4c1a116e647dc?s=96&d=mm&r=g","caption":"Comunica\u00e7\u00e3o"},"url":"https:\/\/acompanheseuprojeto.com.br\/acrimat\/author\/rodrigo\/"}]}},"_links":{"self":[{"href":"https:\/\/acompanheseuprojeto.com.br\/acrimat\/wp-json\/wp\/v2\/posts\/97982239","targetHints":{"allow":["GET"]}}],"collection":[{"href":"https:\/\/acompanheseuprojeto.com.br\/acrimat\/wp-json\/wp\/v2\/posts"}],"about":[{"href":"https:\/\/acompanheseuprojeto.com.br\/acrimat\/wp-json\/wp\/v2\/types\/post"}],"author":[{"embeddable":true,"href":"https:\/\/acompanheseuprojeto.com.br\/acrimat\/wp-json\/wp\/v2\/users\/4"}],"replies":[{"embeddable":true,"href":"https:\/\/acompanheseuprojeto.com.br\/acrimat\/wp-json\/wp\/v2\/comments?post=97982239"}],"version-history":[{"count":1,"href":"https:\/\/acompanheseuprojeto.com.br\/acrimat\/wp-json\/wp\/v2\/posts\/97982239\/revisions"}],"predecessor-version":[{"id":97982240,"href":"https:\/\/acompanheseuprojeto.com.br\/acrimat\/wp-json\/wp\/v2\/posts\/97982239\/revisions\/97982240"}],"wp:attachment":[{"href":"https:\/\/acompanheseuprojeto.com.br\/acrimat\/wp-json\/wp\/v2\/media?parent=97982239"}],"wp:term":[{"taxonomy":"category","embeddable":true,"href":"https:\/\/acompanheseuprojeto.com.br\/acrimat\/wp-json\/wp\/v2\/categories?post=97982239"},{"taxonomy":"post_tag","embeddable":true,"href":"https:\/\/acompanheseuprojeto.com.br\/acrimat\/wp-json\/wp\/v2\/tags?post=97982239"}],"curies":[{"name":"wp","href":"https:\/\/api.w.org\/{rel}","templated":true}]}}