{"id":97982265,"date":"2017-06-12T13:23:56","date_gmt":"2017-06-12T16:23:56","guid":{"rendered":"https:\/\/acompanheseuprojeto.com.br\/acrimat\/?p=97982265"},"modified":"2017-06-12T13:23:56","modified_gmt":"2017-06-12T16:23:56","slug":"seis-municipios-do-norte-de-mato-grosso-participam-do-acrimat-em-acao","status":"publish","type":"post","link":"https:\/\/acompanheseuprojeto.com.br\/acrimat\/seis-municipios-do-norte-de-mato-grosso-participam-do-acrimat-em-acao\/","title":{"rendered":"Seis munic\u00edpios do norte de Mato Grosso participam do Acrimat em A\u00e7\u00e3o"},"content":{"rendered":"<p>&nbsp;<\/p>\n<p>A \u00faltima rota do Acrimat em A\u00e7\u00e3o 2017 foi realizada em seis munic\u00edpios da regi\u00e3o norte do Estado e mobilizou 831 pessoas. Na pr\u00f3xima segunda-feira (19), a Associa\u00e7\u00e3o dos Criadores de Mato Grosso (Acrimat) encerra o maior projeto itinerante da pecu\u00e1ria de corte em Rondon\u00f3polis, a partir das 19h, no Parque de Exposi\u00e7\u00f5es. At\u00e9 o momento, 4,4 mil pecuaristas participaram do Acrimat em A\u00e7\u00e3o nos 30 munic\u00edpios j\u00e1 visitados.<\/p>\n<p>Este ano, o Acrimat em A\u00e7\u00e3o apresenta a palestra Mercado Pecu\u00e1rio: como transformar desafios em oportunidades, com a pesquisadora do Centro de Estudos Avan\u00e7ados em Economia Aplicada (Cepea), Mariane Crespoline. A palestra aponta alternativas para a pecu\u00e1ria de corte e maneiras de melhorar a produtividade e a renda na atividade.<\/p>\n<p>O pecuarista e conselheiro da Acrimat, N\u00e9rio Humberto Assis, destaca que est\u00e1 entre as prioridades da entidade a aproxima\u00e7\u00e3o com o produtor por meio de eventos que levem informa\u00e7\u00f5es t\u00e9cnicas, mas que tamb\u00e9m identifiquem as demandas regionais. \u201cCom o Acrimat em A\u00e7\u00e3o, conseguimos ir nos locais mais distantes onde existe pecu\u00e1ria, ver como est\u00e1 o setor e depois buscamos meios para atender cada regi\u00e3o, seja com a\u00e7\u00f5es pol\u00edticas ou t\u00e9cnicas&#8221;, afirma.<\/p>\n<p>Em Nova Bandeirantes, a informa\u00e7\u00e3o tamb\u00e9m \u00e9 muito valorizada porque o acesso n\u00e3o \u00e9 f\u00e1cil. \u201cA informa\u00e7\u00e3o \u00e9 a melhor maneira de aperfei\u00e7oar,\u00a0 principalmente em nosso setor e a mais de mil quil\u00f4metros da capital. Ent\u00e3o \u00e9 muito importante eventos como este que a Acrimat faz\u201d, destaca Anderlino Rossi, presidente do Sindicato Rural.<\/p>\n<p>Durante o Acrimat em A\u00e7\u00e3o, al\u00e9m da palestra t\u00e9cnica, a entidade tamb\u00e9m faz um bala\u00e7o dos trabalhos realizados em prol do fortalecimento da atividade. Nesta etapa, a Acrimat mostrou a todos os participantes as medidas adotadas no intuito de preservar o setor, visto que o pre\u00e7o da arroba est\u00e1 desvalorizada e h\u00e1 muitas incertezas sobre o mercado. No \u00faltimo m\u00eas a entidade solicitou a isen\u00e7\u00e3o do Imposto Sobre Circula\u00e7\u00e3o de Mercadorias e Servi\u00e7o (ICMS) para o gado em p\u00e9 e acelera\u00e7\u00e3o da ades\u00e3o do Estado ao Sistema Brasileiro de Inspe\u00e7\u00e3o de Produtos de Origem Animal (Sisbi-Poa) por meio do Sistema Unificado de Aten\u00e7\u00e3o \u00e0 Sanidade Agropecu\u00e1ria (Suasa).<\/p>\n<p><strong>Parceiros<\/strong><\/p>\n<p>O \u201cAcrimat em A\u00e7\u00e3o 2017\u201d conta com a parceria de empresas e entidades que acreditam que o conhecimento \u00e9 indispens\u00e1vel para o desenvolvimento econ\u00f4mico e social. Em 2017, \u00a0o evento tem cinco parceiros. S\u00e3o eles Servi\u00e7o Nacional de Aprendizagem Rural (Senar), Sicredi, Concession\u00e1rias Trescinco e Ariel, Ouro Fino Sa\u00fade Animal e CRI Gen\u00e9tica.<\/p>\n<p>&nbsp;<\/p>\n<p>&nbsp;<\/p>\n","protected":false},"excerpt":{"rendered":"<p>Encerramento acontece na pr\u00f3xima semana, em Rondon\u00f3polis<\/p>\n","protected":false},"author":4,"featured_media":97982266,"comment_status":"closed","ping_status":"closed","sticky":false,"template":"","format":"standard","meta":{"footnotes":""},"categories":[6,1],"tags":[],"class_list":["post-97982265","post","type-post","status-publish","format-standard","has-post-thumbnail","hentry","category-destaque","category-noticia"],"yoast_head":"<!-- This site is optimized with the Yoast SEO plugin v24.2 - https:\/\/yoast.com\/wordpress\/plugins\/seo\/ -->\n<title>Seis munic\u00edpios do norte de Mato Grosso participam do Acrimat em A\u00e7\u00e3o - Acrimat<\/title>\n<meta name=\"robots\" content=\"index, follow, max-snippet:-1, max-image-preview:large, max-video-preview:-1\" \/>\n<link rel=\"canonical\" href=\"https:\/\/acompanheseuprojeto.com.br\/acrimat\/seis-municipios-do-norte-de-mato-grosso-participam-do-acrimat-em-acao\/\" \/>\n<meta property=\"og:locale\" content=\"pt_BR\" \/>\n<meta property=\"og:type\" content=\"article\" \/>\n<meta property=\"og:title\" content=\"Seis munic\u00edpios do norte de Mato Grosso participam do Acrimat em A\u00e7\u00e3o - Acrimat\" \/>\n<meta property=\"og:description\" content=\"Encerramento acontece na pr\u00f3xima semana, em Rondon\u00f3polis\" \/>\n<meta property=\"og:url\" content=\"https:\/\/acompanheseuprojeto.com.br\/acrimat\/seis-municipios-do-norte-de-mato-grosso-participam-do-acrimat-em-acao\/\" \/>\n<meta property=\"og:site_name\" content=\"Acrimat\" \/>\n<meta property=\"article:published_time\" content=\"2017-06-12T16:23:56+00:00\" \/>\n<meta property=\"og:image\" content=\"https:\/\/acompanheseuprojeto.com.br\/acrimat\/wp-content\/uploads\/2017\/06\/4.jpeg\" \/>\n\t<meta property=\"og:image:width\" content=\"1280\" \/>\n\t<meta property=\"og:image:height\" content=\"720\" \/>\n\t<meta property=\"og:image:type\" content=\"image\/jpeg\" \/>\n<meta name=\"author\" content=\"Comunica\u00e7\u00e3o\" \/>\n<meta name=\"twitter:card\" content=\"summary_large_image\" \/>\n<meta name=\"twitter:label1\" content=\"Escrito por\" \/>\n\t<meta name=\"twitter:data1\" content=\"Comunica\u00e7\u00e3o\" \/>\n\t<meta name=\"twitter:label2\" content=\"Est. tempo de leitura\" \/>\n\t<meta name=\"twitter:data2\" content=\"2 minutos\" \/>\n<script type=\"application\/ld+json\" class=\"yoast-schema-graph\">{\"@context\":\"https:\/\/schema.org\",\"@graph\":[{\"@type\":\"Article\",\"@id\":\"https:\/\/acompanheseuprojeto.com.br\/acrimat\/seis-municipios-do-norte-de-mato-grosso-participam-do-acrimat-em-acao\/#article\",\"isPartOf\":{\"@id\":\"https:\/\/acompanheseuprojeto.com.br\/acrimat\/seis-municipios-do-norte-de-mato-grosso-participam-do-acrimat-em-acao\/\"},\"author\":{\"name\":\"Comunica\u00e7\u00e3o\",\"@id\":\"https:\/\/acompanheseuprojeto.com.br\/acrimat\/#\/schema\/person\/3d34bb8aba05880dee02197f876f0da3\"},\"headline\":\"Seis munic\u00edpios do norte de Mato Grosso participam do Acrimat em A\u00e7\u00e3o\",\"datePublished\":\"2017-06-12T16:23:56+00:00\",\"dateModified\":\"2017-06-12T16:23:56+00:00\",\"mainEntityOfPage\":{\"@id\":\"https:\/\/acompanheseuprojeto.com.br\/acrimat\/seis-municipios-do-norte-de-mato-grosso-participam-do-acrimat-em-acao\/\"},\"wordCount\":464,\"publisher\":{\"@id\":\"https:\/\/acompanheseuprojeto.com.br\/acrimat\/#organization\"},\"image\":{\"@id\":\"https:\/\/acompanheseuprojeto.com.br\/acrimat\/seis-municipios-do-norte-de-mato-grosso-participam-do-acrimat-em-acao\/#primaryimage\"},\"thumbnailUrl\":\"https:\/\/acompanheseuprojeto.com.br\/acrimat\/wp-content\/uploads\/2017\/06\/4.jpeg\",\"articleSection\":[\"Destaques\",\"Not\u00edcias\"],\"inLanguage\":\"pt-BR\"},{\"@type\":\"WebPage\",\"@id\":\"https:\/\/acompanheseuprojeto.com.br\/acrimat\/seis-municipios-do-norte-de-mato-grosso-participam-do-acrimat-em-acao\/\",\"url\":\"https:\/\/acompanheseuprojeto.com.br\/acrimat\/seis-municipios-do-norte-de-mato-grosso-participam-do-acrimat-em-acao\/\",\"name\":\"Seis munic\u00edpios do norte de Mato Grosso participam do Acrimat em A\u00e7\u00e3o - Acrimat\",\"isPartOf\":{\"@id\":\"https:\/\/acompanheseuprojeto.com.br\/acrimat\/#website\"},\"primaryImageOfPage\":{\"@id\":\"https:\/\/acompanheseuprojeto.com.br\/acrimat\/seis-municipios-do-norte-de-mato-grosso-participam-do-acrimat-em-acao\/#primaryimage\"},\"image\":{\"@id\":\"https:\/\/acompanheseuprojeto.com.br\/acrimat\/seis-municipios-do-norte-de-mato-grosso-participam-do-acrimat-em-acao\/#primaryimage\"},\"thumbnailUrl\":\"https:\/\/acompanheseuprojeto.com.br\/acrimat\/wp-content\/uploads\/2017\/06\/4.jpeg\",\"datePublished\":\"2017-06-12T16:23:56+00:00\",\"dateModified\":\"2017-06-12T16:23:56+00:00\",\"breadcrumb\":{\"@id\":\"https:\/\/acompanheseuprojeto.com.br\/acrimat\/seis-municipios-do-norte-de-mato-grosso-participam-do-acrimat-em-acao\/#breadcrumb\"},\"inLanguage\":\"pt-BR\",\"potentialAction\":[{\"@type\":\"ReadAction\",\"target\":[\"https:\/\/acompanheseuprojeto.com.br\/acrimat\/seis-municipios-do-norte-de-mato-grosso-participam-do-acrimat-em-acao\/\"]}]},{\"@type\":\"ImageObject\",\"inLanguage\":\"pt-BR\",\"@id\":\"https:\/\/acompanheseuprojeto.com.br\/acrimat\/seis-municipios-do-norte-de-mato-grosso-participam-do-acrimat-em-acao\/#primaryimage\",\"url\":\"https:\/\/acompanheseuprojeto.com.br\/acrimat\/wp-content\/uploads\/2017\/06\/4.jpeg\",\"contentUrl\":\"https:\/\/acompanheseuprojeto.com.br\/acrimat\/wp-content\/uploads\/2017\/06\/4.jpeg\",\"width\":1280,\"height\":720},{\"@type\":\"BreadcrumbList\",\"@id\":\"https:\/\/acompanheseuprojeto.com.br\/acrimat\/seis-municipios-do-norte-de-mato-grosso-participam-do-acrimat-em-acao\/#breadcrumb\",\"itemListElement\":[{\"@type\":\"ListItem\",\"position\":1,\"name\":\"In\u00edcio\",\"item\":\"https:\/\/acompanheseuprojeto.com.br\/acrimat\/\"},{\"@type\":\"ListItem\",\"position\":2,\"name\":\"Seis munic\u00edpios do norte de Mato Grosso participam do Acrimat em A\u00e7\u00e3o\"}]},{\"@type\":\"WebSite\",\"@id\":\"https:\/\/acompanheseuprojeto.com.br\/acrimat\/#website\",\"url\":\"https:\/\/acompanheseuprojeto.com.br\/acrimat\/\",\"name\":\"Acrimat\",\"description\":\"Associa\u00e7\u00e3o dos Criadores de Mato Grosso\",\"publisher\":{\"@id\":\"https:\/\/acompanheseuprojeto.com.br\/acrimat\/#organization\"},\"potentialAction\":[{\"@type\":\"SearchAction\",\"target\":{\"@type\":\"EntryPoint\",\"urlTemplate\":\"https:\/\/acompanheseuprojeto.com.br\/acrimat\/?s={search_term_string}\"},\"query-input\":{\"@type\":\"PropertyValueSpecification\",\"valueRequired\":true,\"valueName\":\"search_term_string\"}}],\"inLanguage\":\"pt-BR\"},{\"@type\":\"Organization\",\"@id\":\"https:\/\/acompanheseuprojeto.com.br\/acrimat\/#organization\",\"name\":\"Associa\u00e7\u00e3o dos Criadores de Mato Grosso\",\"url\":\"https:\/\/acompanheseuprojeto.com.br\/acrimat\/\",\"logo\":{\"@type\":\"ImageObject\",\"inLanguage\":\"pt-BR\",\"@id\":\"https:\/\/acompanheseuprojeto.com.br\/acrimat\/#\/schema\/logo\/image\/\",\"url\":\"https:\/\/acompanheseuprojeto.com.br\/acrimat\/wp-content\/uploads\/2018\/03\/logo-peq-original.png\",\"contentUrl\":\"https:\/\/acompanheseuprojeto.com.br\/acrimat\/wp-content\/uploads\/2018\/03\/logo-peq-original.png\",\"width\":174,\"height\":171,\"caption\":\"Associa\u00e7\u00e3o dos Criadores de Mato Grosso\"},\"image\":{\"@id\":\"https:\/\/acompanheseuprojeto.com.br\/acrimat\/#\/schema\/logo\/image\/\"}},{\"@type\":\"Person\",\"@id\":\"https:\/\/acompanheseuprojeto.com.br\/acrimat\/#\/schema\/person\/3d34bb8aba05880dee02197f876f0da3\",\"name\":\"Comunica\u00e7\u00e3o\",\"image\":{\"@type\":\"ImageObject\",\"inLanguage\":\"pt-BR\",\"@id\":\"https:\/\/acompanheseuprojeto.com.br\/acrimat\/#\/schema\/person\/image\/\",\"url\":\"https:\/\/secure.gravatar.com\/avatar\/5d9ac04c8e5020ba74e4c1a116e647dc?s=96&d=mm&r=g\",\"contentUrl\":\"https:\/\/secure.gravatar.com\/avatar\/5d9ac04c8e5020ba74e4c1a116e647dc?s=96&d=mm&r=g\",\"caption\":\"Comunica\u00e7\u00e3o\"},\"url\":\"https:\/\/acompanheseuprojeto.com.br\/acrimat\/author\/rodrigo\/\"}]}<\/script>\n<!-- \/ Yoast SEO plugin. -->","yoast_head_json":{"title":"Seis munic\u00edpios do norte de Mato Grosso participam do Acrimat em A\u00e7\u00e3o - Acrimat","robots":{"index":"index","follow":"follow","max-snippet":"max-snippet:-1","max-image-preview":"max-image-preview:large","max-video-preview":"max-video-preview:-1"},"canonical":"https:\/\/acompanheseuprojeto.com.br\/acrimat\/seis-municipios-do-norte-de-mato-grosso-participam-do-acrimat-em-acao\/","og_locale":"pt_BR","og_type":"article","og_title":"Seis munic\u00edpios do norte de Mato Grosso participam do Acrimat em A\u00e7\u00e3o - Acrimat","og_description":"Encerramento acontece na pr\u00f3xima semana, em Rondon\u00f3polis","og_url":"https:\/\/acompanheseuprojeto.com.br\/acrimat\/seis-municipios-do-norte-de-mato-grosso-participam-do-acrimat-em-acao\/","og_site_name":"Acrimat","article_published_time":"2017-06-12T16:23:56+00:00","og_image":[{"width":1280,"height":720,"url":"https:\/\/acompanheseuprojeto.com.br\/acrimat\/wp-content\/uploads\/2017\/06\/4.jpeg","type":"image\/jpeg"}],"author":"Comunica\u00e7\u00e3o","twitter_card":"summary_large_image","twitter_misc":{"Escrito por":"Comunica\u00e7\u00e3o","Est. tempo de leitura":"2 minutos"},"schema":{"@context":"https:\/\/schema.org","@graph":[{"@type":"Article","@id":"https:\/\/acompanheseuprojeto.com.br\/acrimat\/seis-municipios-do-norte-de-mato-grosso-participam-do-acrimat-em-acao\/#article","isPartOf":{"@id":"https:\/\/acompanheseuprojeto.com.br\/acrimat\/seis-municipios-do-norte-de-mato-grosso-participam-do-acrimat-em-acao\/"},"author":{"name":"Comunica\u00e7\u00e3o","@id":"https:\/\/acompanheseuprojeto.com.br\/acrimat\/#\/schema\/person\/3d34bb8aba05880dee02197f876f0da3"},"headline":"Seis munic\u00edpios do norte de Mato Grosso participam do Acrimat em A\u00e7\u00e3o","datePublished":"2017-06-12T16:23:56+00:00","dateModified":"2017-06-12T16:23:56+00:00","mainEntityOfPage":{"@id":"https:\/\/acompanheseuprojeto.com.br\/acrimat\/seis-municipios-do-norte-de-mato-grosso-participam-do-acrimat-em-acao\/"},"wordCount":464,"publisher":{"@id":"https:\/\/acompanheseuprojeto.com.br\/acrimat\/#organization"},"image":{"@id":"https:\/\/acompanheseuprojeto.com.br\/acrimat\/seis-municipios-do-norte-de-mato-grosso-participam-do-acrimat-em-acao\/#primaryimage"},"thumbnailUrl":"https:\/\/acompanheseuprojeto.com.br\/acrimat\/wp-content\/uploads\/2017\/06\/4.jpeg","articleSection":["Destaques","Not\u00edcias"],"inLanguage":"pt-BR"},{"@type":"WebPage","@id":"https:\/\/acompanheseuprojeto.com.br\/acrimat\/seis-municipios-do-norte-de-mato-grosso-participam-do-acrimat-em-acao\/","url":"https:\/\/acompanheseuprojeto.com.br\/acrimat\/seis-municipios-do-norte-de-mato-grosso-participam-do-acrimat-em-acao\/","name":"Seis munic\u00edpios do norte de Mato Grosso participam do Acrimat em A\u00e7\u00e3o - Acrimat","isPartOf":{"@id":"https:\/\/acompanheseuprojeto.com.br\/acrimat\/#website"},"primaryImageOfPage":{"@id":"https:\/\/acompanheseuprojeto.com.br\/acrimat\/seis-municipios-do-norte-de-mato-grosso-participam-do-acrimat-em-acao\/#primaryimage"},"image":{"@id":"https:\/\/acompanheseuprojeto.com.br\/acrimat\/seis-municipios-do-norte-de-mato-grosso-participam-do-acrimat-em-acao\/#primaryimage"},"thumbnailUrl":"https:\/\/acompanheseuprojeto.com.br\/acrimat\/wp-content\/uploads\/2017\/06\/4.jpeg","datePublished":"2017-06-12T16:23:56+00:00","dateModified":"2017-06-12T16:23:56+00:00","breadcrumb":{"@id":"https:\/\/acompanheseuprojeto.com.br\/acrimat\/seis-municipios-do-norte-de-mato-grosso-participam-do-acrimat-em-acao\/#breadcrumb"},"inLanguage":"pt-BR","potentialAction":[{"@type":"ReadAction","target":["https:\/\/acompanheseuprojeto.com.br\/acrimat\/seis-municipios-do-norte-de-mato-grosso-participam-do-acrimat-em-acao\/"]}]},{"@type":"ImageObject","inLanguage":"pt-BR","@id":"https:\/\/acompanheseuprojeto.com.br\/acrimat\/seis-municipios-do-norte-de-mato-grosso-participam-do-acrimat-em-acao\/#primaryimage","url":"https:\/\/acompanheseuprojeto.com.br\/acrimat\/wp-content\/uploads\/2017\/06\/4.jpeg","contentUrl":"https:\/\/acompanheseuprojeto.com.br\/acrimat\/wp-content\/uploads\/2017\/06\/4.jpeg","width":1280,"height":720},{"@type":"BreadcrumbList","@id":"https:\/\/acompanheseuprojeto.com.br\/acrimat\/seis-municipios-do-norte-de-mato-grosso-participam-do-acrimat-em-acao\/#breadcrumb","itemListElement":[{"@type":"ListItem","position":1,"name":"In\u00edcio","item":"https:\/\/acompanheseuprojeto.com.br\/acrimat\/"},{"@type":"ListItem","position":2,"name":"Seis munic\u00edpios do norte de Mato Grosso participam do Acrimat em A\u00e7\u00e3o"}]},{"@type":"WebSite","@id":"https:\/\/acompanheseuprojeto.com.br\/acrimat\/#website","url":"https:\/\/acompanheseuprojeto.com.br\/acrimat\/","name":"Acrimat","description":"Associa\u00e7\u00e3o dos Criadores de Mato Grosso","publisher":{"@id":"https:\/\/acompanheseuprojeto.com.br\/acrimat\/#organization"},"potentialAction":[{"@type":"SearchAction","target":{"@type":"EntryPoint","urlTemplate":"https:\/\/acompanheseuprojeto.com.br\/acrimat\/?s={search_term_string}"},"query-input":{"@type":"PropertyValueSpecification","valueRequired":true,"valueName":"search_term_string"}}],"inLanguage":"pt-BR"},{"@type":"Organization","@id":"https:\/\/acompanheseuprojeto.com.br\/acrimat\/#organization","name":"Associa\u00e7\u00e3o dos Criadores de Mato Grosso","url":"https:\/\/acompanheseuprojeto.com.br\/acrimat\/","logo":{"@type":"ImageObject","inLanguage":"pt-BR","@id":"https:\/\/acompanheseuprojeto.com.br\/acrimat\/#\/schema\/logo\/image\/","url":"https:\/\/acompanheseuprojeto.com.br\/acrimat\/wp-content\/uploads\/2018\/03\/logo-peq-original.png","contentUrl":"https:\/\/acompanheseuprojeto.com.br\/acrimat\/wp-content\/uploads\/2018\/03\/logo-peq-original.png","width":174,"height":171,"caption":"Associa\u00e7\u00e3o dos Criadores de Mato Grosso"},"image":{"@id":"https:\/\/acompanheseuprojeto.com.br\/acrimat\/#\/schema\/logo\/image\/"}},{"@type":"Person","@id":"https:\/\/acompanheseuprojeto.com.br\/acrimat\/#\/schema\/person\/3d34bb8aba05880dee02197f876f0da3","name":"Comunica\u00e7\u00e3o","image":{"@type":"ImageObject","inLanguage":"pt-BR","@id":"https:\/\/acompanheseuprojeto.com.br\/acrimat\/#\/schema\/person\/image\/","url":"https:\/\/secure.gravatar.com\/avatar\/5d9ac04c8e5020ba74e4c1a116e647dc?s=96&d=mm&r=g","contentUrl":"https:\/\/secure.gravatar.com\/avatar\/5d9ac04c8e5020ba74e4c1a116e647dc?s=96&d=mm&r=g","caption":"Comunica\u00e7\u00e3o"},"url":"https:\/\/acompanheseuprojeto.com.br\/acrimat\/author\/rodrigo\/"}]}},"_links":{"self":[{"href":"https:\/\/acompanheseuprojeto.com.br\/acrimat\/wp-json\/wp\/v2\/posts\/97982265","targetHints":{"allow":["GET"]}}],"collection":[{"href":"https:\/\/acompanheseuprojeto.com.br\/acrimat\/wp-json\/wp\/v2\/posts"}],"about":[{"href":"https:\/\/acompanheseuprojeto.com.br\/acrimat\/wp-json\/wp\/v2\/types\/post"}],"author":[{"embeddable":true,"href":"https:\/\/acompanheseuprojeto.com.br\/acrimat\/wp-json\/wp\/v2\/users\/4"}],"replies":[{"embeddable":true,"href":"https:\/\/acompanheseuprojeto.com.br\/acrimat\/wp-json\/wp\/v2\/comments?post=97982265"}],"version-history":[{"count":1,"href":"https:\/\/acompanheseuprojeto.com.br\/acrimat\/wp-json\/wp\/v2\/posts\/97982265\/revisions"}],"predecessor-version":[{"id":97982267,"href":"https:\/\/acompanheseuprojeto.com.br\/acrimat\/wp-json\/wp\/v2\/posts\/97982265\/revisions\/97982267"}],"wp:featuredmedia":[{"embeddable":true,"href":"https:\/\/acompanheseuprojeto.com.br\/acrimat\/wp-json\/wp\/v2\/media\/97982266"}],"wp:attachment":[{"href":"https:\/\/acompanheseuprojeto.com.br\/acrimat\/wp-json\/wp\/v2\/media?parent=97982265"}],"wp:term":[{"taxonomy":"category","embeddable":true,"href":"https:\/\/acompanheseuprojeto.com.br\/acrimat\/wp-json\/wp\/v2\/categories?post=97982265"},{"taxonomy":"post_tag","embeddable":true,"href":"https:\/\/acompanheseuprojeto.com.br\/acrimat\/wp-json\/wp\/v2\/tags?post=97982265"}],"curies":[{"name":"wp","href":"https:\/\/api.w.org\/{rel}","templated":true}]}}