{"id":97982273,"date":"2017-06-13T10:08:11","date_gmt":"2017-06-13T13:08:11","guid":{"rendered":"https:\/\/acompanheseuprojeto.com.br\/acrimat\/?p=97982273"},"modified":"2017-06-13T10:08:11","modified_gmt":"2017-06-13T13:08:11","slug":"minerva-reabre-frigorifico-em-mt-para-ganhar-terreno-em-meio-a-crise-da-jbs","status":"publish","type":"post","link":"https:\/\/acompanheseuprojeto.com.br\/acrimat\/minerva-reabre-frigorifico-em-mt-para-ganhar-terreno-em-meio-a-crise-da-jbs\/","title":{"rendered":"Minerva reabre frigor\u00edfico em MT para ganhar terreno em meio \u00e0 crise da JBS"},"content":{"rendered":"<p><a href=\"https:\/\/acompanheseuprojeto.com.br\/acrimat\/wp-content\/uploads\/2016\/08\/FRIGORIFICO-.jpg\"><img fetchpriority=\"high\" decoding=\"async\" class=\"alignright size-medium wp-image-97977116\" src=\"https:\/\/acompanheseuprojeto.com.br\/acrimat\/wp-content\/uploads\/2016\/08\/FRIGORIFICO--300x225.jpg\" alt=\"\" width=\"300\" height=\"225\" \/><\/a>As dela\u00e7\u00f5es dos irm\u00e3os Batista \u2013 Wesley e Joesley \u2013 donos da JBS\/Friboi, controlada pela holding J&amp;F, est\u00e3o levando os principais concorrentes do grupo no Brasil a considerar a reabertura de unidades no Centro-Oeste, sobretudo em Mato Grosso, onde se concentra o maior abate de gado no Pa\u00eds. O <strong>Estado<\/strong>\u00a0apurou que o Minerva, terceiro maior frigor\u00edfico do Brasil, vai reativar a unidade de Mirassol D\u2019 Oeste, no MT, que estava parada desde 2015. O Marfrig, segundo fontes, tamb\u00e9m estuda reaberturas.<\/p>\n<p>Hoje, executivos do Minerva \u2013 que na semana passada anunciou a compra dos neg\u00f3cios da Am\u00e9rica do Sul da JBS \u2013 v\u00e3o se reunir com autoridades do Estado de Mato Grosso para informar os planos de reativa\u00e7\u00e3o. A unidade vai precisar de alguns reparos e contrata\u00e7\u00f5es, mas dever\u00e1 voltar a operar nas pr\u00f3ximas semanas. Dona tamb\u00e9m de unidades de abate no Estado, a Marfrig, vai avaliar em julho, se abrir\u00e1 a opera\u00e7\u00e3o de Nova Xavantina, que fazia parte de uma massa falida e est\u00e1 fechada.<\/p>\n<p>JBS, Marfrig e Minerva participaram nos \u00faltimos anos de um movimento de concentra\u00e7\u00e3o do setor. O JBS e o Marfrig tiveram apoio do BNDES para fazer aquisi\u00e7\u00f5es dentro e fora do Brasil. O Minerva ficou de fora desse boom, mas tamb\u00e9m fez em aquisi\u00e7\u00f5es no Pa\u00eds e passou a olhar ativos na Am\u00e9rica do Sul.<\/p>\n<p>No fim de 2015, o fundo Salic, da Ar\u00e1bia Saudita, comprou 20% do capital do frigor\u00edfico brasileiro, o que possibilitou maior musculatura para a companhia avan\u00e7ar no Pa\u00eds. O grupo chegou a anunciar no ano passado a compra de um concorrente, o Frisa, mas a opera\u00e7\u00e3o n\u00e3o foi adiante.<\/p>\n<p><strong>Crise.<\/strong> A crise no setor de carnes com as dela\u00e7\u00f5es dos irm\u00e3os Batista tem deixado v\u00e1rios pecuaristas, que fecharam contratos para entrega de gado para o JBS, preocupados. Maior frigor\u00edfico do Pa\u00eds, o JBS \u00e9 respons\u00e1vel por 20% do abate de gado no Brasil, segundo o pecuarista Pedro de Camargo Neto, vice-presidente da Sociedade Rural Brasileira (SRB). \u201cS\u00f3 em Mato Grosso, abatem cerca de 50% do gado\u201d, disse Camargo Neto.<\/p>\n<p>A turbul\u00eancia n\u00e3o afeta somente os pecuaristas que entregam gado s\u00f3 para o JBS. Desde as dela\u00e7\u00f5es, os pre\u00e7os da arroba do boi t\u00eam ca\u00eddo fortemente.<\/p>\n<p>Segundo Luciano Vacari, diretor-executivo da Associa\u00e7\u00e3o de Criadores do Mato Grosso (Acrimat), os pre\u00e7os do gado recuaram de R$ 130 a arroba do boi para at\u00e9 R$ 115 no Mato Grosso. \u201cImagina a situa\u00e7\u00e3o de um produtor de gado que se prepara de 24 a 30 meses antes para engordar o gado para vender para o frigor\u00edfico. De repente, tem essa situa\u00e7\u00e3o\u201d, disse Vacari. A mudan\u00e7a de pol\u00edtica do JBS de n\u00e3o pagar mais \u00e0 vista tamb\u00e9m afetou os pecuaristas. \u201cDeixei de vender para o grupo\u201d, disse o pecuarista Murilo Abrah\u00e3o.<\/p>\n<p>Segundo ele, frigor\u00edficos concorrentes n\u00e3o conseguem comprar a totalidade do gado que os pecuaristas deixaram de enviar para o JBS, mas muitos est\u00e3o olhando oportunidades no Estado de Mato Grosso por causa dessa crise. \u201cN\u00e3o h\u00e1 manobra nem espa\u00e7o para os frigor\u00edficos concorrentes assumirem todo o v\u00e1cuo deixado pela JBS nessa crise, mas os concorrentes est\u00e3o se movimentando neste sentido\u201d, disse.<\/p>\n<p><strong>Outro lado.<\/strong> Em nota, a JBS informou que padronizou o processo de compra de gado no Brasil, com pagamento no prazo de 30 dias, como j\u00e1 ocorria em 97% das pra\u00e7as onde atuava. \u201cTodas as unidades da empresa seguem operando normalmente\u201d, afirmou a empresa.<\/p>\n<p>Procurados, porta-vozes do Marfrig e Minerva n\u00e3o foram encontrados ontem para comentar a reativa\u00e7\u00e3o da unidade em Mato Grosso.<\/p>\n","protected":false},"excerpt":{"rendered":"<p>Ap\u00f3s anunciar compra de neg\u00f3cios da JBS na Am\u00e9rica do Sul, frigor\u00edfico vai reativar unidade que estava parada havia dois anos<\/p>\n","protected":false},"author":4,"featured_media":0,"comment_status":"closed","ping_status":"closed","sticky":false,"template":"","format":"standard","meta":{"footnotes":""},"categories":[6,1],"tags":[],"class_list":["post-97982273","post","type-post","status-publish","format-standard","hentry","category-destaque","category-noticia"],"yoast_head":"<!-- This site is optimized with the Yoast SEO plugin v24.2 - https:\/\/yoast.com\/wordpress\/plugins\/seo\/ -->\n<title>Minerva reabre frigor\u00edfico em MT para ganhar terreno em meio \u00e0 crise da JBS - Acrimat<\/title>\n<meta name=\"robots\" content=\"index, follow, max-snippet:-1, max-image-preview:large, max-video-preview:-1\" \/>\n<link rel=\"canonical\" href=\"https:\/\/acompanheseuprojeto.com.br\/acrimat\/minerva-reabre-frigorifico-em-mt-para-ganhar-terreno-em-meio-a-crise-da-jbs\/\" \/>\n<meta property=\"og:locale\" content=\"pt_BR\" \/>\n<meta property=\"og:type\" content=\"article\" \/>\n<meta property=\"og:title\" content=\"Minerva reabre frigor\u00edfico em MT para ganhar terreno em meio \u00e0 crise da JBS - Acrimat\" \/>\n<meta property=\"og:description\" content=\"Ap\u00f3s anunciar compra de neg\u00f3cios da JBS na Am\u00e9rica do Sul, frigor\u00edfico vai reativar unidade que estava parada havia dois anos\" \/>\n<meta property=\"og:url\" content=\"https:\/\/acompanheseuprojeto.com.br\/acrimat\/minerva-reabre-frigorifico-em-mt-para-ganhar-terreno-em-meio-a-crise-da-jbs\/\" \/>\n<meta property=\"og:site_name\" content=\"Acrimat\" \/>\n<meta property=\"article:published_time\" content=\"2017-06-13T13:08:11+00:00\" \/>\n<meta property=\"og:image\" content=\"https:\/\/acompanheseuprojeto.com.br\/acrimat\/wp-content\/uploads\/2016\/08\/FRIGORIFICO--300x225.jpg\" \/>\n<meta name=\"author\" content=\"Comunica\u00e7\u00e3o\" \/>\n<meta name=\"twitter:card\" content=\"summary_large_image\" \/>\n<meta name=\"twitter:label1\" content=\"Escrito por\" \/>\n\t<meta name=\"twitter:data1\" content=\"Comunica\u00e7\u00e3o\" \/>\n\t<meta name=\"twitter:label2\" content=\"Est. tempo de leitura\" \/>\n\t<meta name=\"twitter:data2\" content=\"3 minutos\" \/>\n<script type=\"application\/ld+json\" class=\"yoast-schema-graph\">{\"@context\":\"https:\/\/schema.org\",\"@graph\":[{\"@type\":\"Article\",\"@id\":\"https:\/\/acompanheseuprojeto.com.br\/acrimat\/minerva-reabre-frigorifico-em-mt-para-ganhar-terreno-em-meio-a-crise-da-jbs\/#article\",\"isPartOf\":{\"@id\":\"https:\/\/acompanheseuprojeto.com.br\/acrimat\/minerva-reabre-frigorifico-em-mt-para-ganhar-terreno-em-meio-a-crise-da-jbs\/\"},\"author\":{\"name\":\"Comunica\u00e7\u00e3o\",\"@id\":\"https:\/\/acompanheseuprojeto.com.br\/acrimat\/#\/schema\/person\/3d34bb8aba05880dee02197f876f0da3\"},\"headline\":\"Minerva reabre frigor\u00edfico em MT para ganhar terreno em meio \u00e0 crise da JBS\",\"datePublished\":\"2017-06-13T13:08:11+00:00\",\"dateModified\":\"2017-06-13T13:08:11+00:00\",\"mainEntityOfPage\":{\"@id\":\"https:\/\/acompanheseuprojeto.com.br\/acrimat\/minerva-reabre-frigorifico-em-mt-para-ganhar-terreno-em-meio-a-crise-da-jbs\/\"},\"wordCount\":640,\"publisher\":{\"@id\":\"https:\/\/acompanheseuprojeto.com.br\/acrimat\/#organization\"},\"image\":{\"@id\":\"https:\/\/acompanheseuprojeto.com.br\/acrimat\/minerva-reabre-frigorifico-em-mt-para-ganhar-terreno-em-meio-a-crise-da-jbs\/#primaryimage\"},\"thumbnailUrl\":\"https:\/\/acompanheseuprojeto.com.br\/acrimat\/wp-content\/uploads\/2016\/08\/FRIGORIFICO--300x225.jpg\",\"articleSection\":[\"Destaques\",\"Not\u00edcias\"],\"inLanguage\":\"pt-BR\"},{\"@type\":\"WebPage\",\"@id\":\"https:\/\/acompanheseuprojeto.com.br\/acrimat\/minerva-reabre-frigorifico-em-mt-para-ganhar-terreno-em-meio-a-crise-da-jbs\/\",\"url\":\"https:\/\/acompanheseuprojeto.com.br\/acrimat\/minerva-reabre-frigorifico-em-mt-para-ganhar-terreno-em-meio-a-crise-da-jbs\/\",\"name\":\"Minerva reabre frigor\u00edfico em MT para ganhar terreno em meio \u00e0 crise da JBS - Acrimat\",\"isPartOf\":{\"@id\":\"https:\/\/acompanheseuprojeto.com.br\/acrimat\/#website\"},\"primaryImageOfPage\":{\"@id\":\"https:\/\/acompanheseuprojeto.com.br\/acrimat\/minerva-reabre-frigorifico-em-mt-para-ganhar-terreno-em-meio-a-crise-da-jbs\/#primaryimage\"},\"image\":{\"@id\":\"https:\/\/acompanheseuprojeto.com.br\/acrimat\/minerva-reabre-frigorifico-em-mt-para-ganhar-terreno-em-meio-a-crise-da-jbs\/#primaryimage\"},\"thumbnailUrl\":\"https:\/\/acompanheseuprojeto.com.br\/acrimat\/wp-content\/uploads\/2016\/08\/FRIGORIFICO--300x225.jpg\",\"datePublished\":\"2017-06-13T13:08:11+00:00\",\"dateModified\":\"2017-06-13T13:08:11+00:00\",\"breadcrumb\":{\"@id\":\"https:\/\/acompanheseuprojeto.com.br\/acrimat\/minerva-reabre-frigorifico-em-mt-para-ganhar-terreno-em-meio-a-crise-da-jbs\/#breadcrumb\"},\"inLanguage\":\"pt-BR\",\"potentialAction\":[{\"@type\":\"ReadAction\",\"target\":[\"https:\/\/acompanheseuprojeto.com.br\/acrimat\/minerva-reabre-frigorifico-em-mt-para-ganhar-terreno-em-meio-a-crise-da-jbs\/\"]}]},{\"@type\":\"ImageObject\",\"inLanguage\":\"pt-BR\",\"@id\":\"https:\/\/acompanheseuprojeto.com.br\/acrimat\/minerva-reabre-frigorifico-em-mt-para-ganhar-terreno-em-meio-a-crise-da-jbs\/#primaryimage\",\"url\":\"https:\/\/acompanheseuprojeto.com.br\/acrimat\/wp-content\/uploads\/2016\/08\/FRIGORIFICO--300x225.jpg\",\"contentUrl\":\"https:\/\/acompanheseuprojeto.com.br\/acrimat\/wp-content\/uploads\/2016\/08\/FRIGORIFICO--300x225.jpg\"},{\"@type\":\"BreadcrumbList\",\"@id\":\"https:\/\/acompanheseuprojeto.com.br\/acrimat\/minerva-reabre-frigorifico-em-mt-para-ganhar-terreno-em-meio-a-crise-da-jbs\/#breadcrumb\",\"itemListElement\":[{\"@type\":\"ListItem\",\"position\":1,\"name\":\"In\u00edcio\",\"item\":\"https:\/\/acompanheseuprojeto.com.br\/acrimat\/\"},{\"@type\":\"ListItem\",\"position\":2,\"name\":\"Minerva reabre frigor\u00edfico em MT para ganhar terreno em meio \u00e0 crise da JBS\"}]},{\"@type\":\"WebSite\",\"@id\":\"https:\/\/acompanheseuprojeto.com.br\/acrimat\/#website\",\"url\":\"https:\/\/acompanheseuprojeto.com.br\/acrimat\/\",\"name\":\"Acrimat\",\"description\":\"Associa\u00e7\u00e3o dos Criadores de Mato Grosso\",\"publisher\":{\"@id\":\"https:\/\/acompanheseuprojeto.com.br\/acrimat\/#organization\"},\"potentialAction\":[{\"@type\":\"SearchAction\",\"target\":{\"@type\":\"EntryPoint\",\"urlTemplate\":\"https:\/\/acompanheseuprojeto.com.br\/acrimat\/?s={search_term_string}\"},\"query-input\":{\"@type\":\"PropertyValueSpecification\",\"valueRequired\":true,\"valueName\":\"search_term_string\"}}],\"inLanguage\":\"pt-BR\"},{\"@type\":\"Organization\",\"@id\":\"https:\/\/acompanheseuprojeto.com.br\/acrimat\/#organization\",\"name\":\"Associa\u00e7\u00e3o dos Criadores de Mato Grosso\",\"url\":\"https:\/\/acompanheseuprojeto.com.br\/acrimat\/\",\"logo\":{\"@type\":\"ImageObject\",\"inLanguage\":\"pt-BR\",\"@id\":\"https:\/\/acompanheseuprojeto.com.br\/acrimat\/#\/schema\/logo\/image\/\",\"url\":\"https:\/\/acompanheseuprojeto.com.br\/acrimat\/wp-content\/uploads\/2018\/03\/logo-peq-original.png\",\"contentUrl\":\"https:\/\/acompanheseuprojeto.com.br\/acrimat\/wp-content\/uploads\/2018\/03\/logo-peq-original.png\",\"width\":174,\"height\":171,\"caption\":\"Associa\u00e7\u00e3o dos Criadores de Mato Grosso\"},\"image\":{\"@id\":\"https:\/\/acompanheseuprojeto.com.br\/acrimat\/#\/schema\/logo\/image\/\"}},{\"@type\":\"Person\",\"@id\":\"https:\/\/acompanheseuprojeto.com.br\/acrimat\/#\/schema\/person\/3d34bb8aba05880dee02197f876f0da3\",\"name\":\"Comunica\u00e7\u00e3o\",\"image\":{\"@type\":\"ImageObject\",\"inLanguage\":\"pt-BR\",\"@id\":\"https:\/\/acompanheseuprojeto.com.br\/acrimat\/#\/schema\/person\/image\/\",\"url\":\"https:\/\/secure.gravatar.com\/avatar\/5d9ac04c8e5020ba74e4c1a116e647dc?s=96&d=mm&r=g\",\"contentUrl\":\"https:\/\/secure.gravatar.com\/avatar\/5d9ac04c8e5020ba74e4c1a116e647dc?s=96&d=mm&r=g\",\"caption\":\"Comunica\u00e7\u00e3o\"},\"url\":\"https:\/\/acompanheseuprojeto.com.br\/acrimat\/author\/rodrigo\/\"}]}<\/script>\n<!-- \/ Yoast SEO plugin. -->","yoast_head_json":{"title":"Minerva reabre frigor\u00edfico em MT para ganhar terreno em meio \u00e0 crise da JBS - Acrimat","robots":{"index":"index","follow":"follow","max-snippet":"max-snippet:-1","max-image-preview":"max-image-preview:large","max-video-preview":"max-video-preview:-1"},"canonical":"https:\/\/acompanheseuprojeto.com.br\/acrimat\/minerva-reabre-frigorifico-em-mt-para-ganhar-terreno-em-meio-a-crise-da-jbs\/","og_locale":"pt_BR","og_type":"article","og_title":"Minerva reabre frigor\u00edfico em MT para ganhar terreno em meio \u00e0 crise da JBS - Acrimat","og_description":"Ap\u00f3s anunciar compra de neg\u00f3cios da JBS na Am\u00e9rica do Sul, frigor\u00edfico vai reativar unidade que estava parada havia dois anos","og_url":"https:\/\/acompanheseuprojeto.com.br\/acrimat\/minerva-reabre-frigorifico-em-mt-para-ganhar-terreno-em-meio-a-crise-da-jbs\/","og_site_name":"Acrimat","article_published_time":"2017-06-13T13:08:11+00:00","og_image":[{"url":"https:\/\/acompanheseuprojeto.com.br\/acrimat\/wp-content\/uploads\/2016\/08\/FRIGORIFICO--300x225.jpg","type":"","width":"","height":""}],"author":"Comunica\u00e7\u00e3o","twitter_card":"summary_large_image","twitter_misc":{"Escrito por":"Comunica\u00e7\u00e3o","Est. tempo de leitura":"3 minutos"},"schema":{"@context":"https:\/\/schema.org","@graph":[{"@type":"Article","@id":"https:\/\/acompanheseuprojeto.com.br\/acrimat\/minerva-reabre-frigorifico-em-mt-para-ganhar-terreno-em-meio-a-crise-da-jbs\/#article","isPartOf":{"@id":"https:\/\/acompanheseuprojeto.com.br\/acrimat\/minerva-reabre-frigorifico-em-mt-para-ganhar-terreno-em-meio-a-crise-da-jbs\/"},"author":{"name":"Comunica\u00e7\u00e3o","@id":"https:\/\/acompanheseuprojeto.com.br\/acrimat\/#\/schema\/person\/3d34bb8aba05880dee02197f876f0da3"},"headline":"Minerva reabre frigor\u00edfico em MT para ganhar terreno em meio \u00e0 crise da JBS","datePublished":"2017-06-13T13:08:11+00:00","dateModified":"2017-06-13T13:08:11+00:00","mainEntityOfPage":{"@id":"https:\/\/acompanheseuprojeto.com.br\/acrimat\/minerva-reabre-frigorifico-em-mt-para-ganhar-terreno-em-meio-a-crise-da-jbs\/"},"wordCount":640,"publisher":{"@id":"https:\/\/acompanheseuprojeto.com.br\/acrimat\/#organization"},"image":{"@id":"https:\/\/acompanheseuprojeto.com.br\/acrimat\/minerva-reabre-frigorifico-em-mt-para-ganhar-terreno-em-meio-a-crise-da-jbs\/#primaryimage"},"thumbnailUrl":"https:\/\/acompanheseuprojeto.com.br\/acrimat\/wp-content\/uploads\/2016\/08\/FRIGORIFICO--300x225.jpg","articleSection":["Destaques","Not\u00edcias"],"inLanguage":"pt-BR"},{"@type":"WebPage","@id":"https:\/\/acompanheseuprojeto.com.br\/acrimat\/minerva-reabre-frigorifico-em-mt-para-ganhar-terreno-em-meio-a-crise-da-jbs\/","url":"https:\/\/acompanheseuprojeto.com.br\/acrimat\/minerva-reabre-frigorifico-em-mt-para-ganhar-terreno-em-meio-a-crise-da-jbs\/","name":"Minerva reabre frigor\u00edfico em MT para ganhar terreno em meio \u00e0 crise da JBS - Acrimat","isPartOf":{"@id":"https:\/\/acompanheseuprojeto.com.br\/acrimat\/#website"},"primaryImageOfPage":{"@id":"https:\/\/acompanheseuprojeto.com.br\/acrimat\/minerva-reabre-frigorifico-em-mt-para-ganhar-terreno-em-meio-a-crise-da-jbs\/#primaryimage"},"image":{"@id":"https:\/\/acompanheseuprojeto.com.br\/acrimat\/minerva-reabre-frigorifico-em-mt-para-ganhar-terreno-em-meio-a-crise-da-jbs\/#primaryimage"},"thumbnailUrl":"https:\/\/acompanheseuprojeto.com.br\/acrimat\/wp-content\/uploads\/2016\/08\/FRIGORIFICO--300x225.jpg","datePublished":"2017-06-13T13:08:11+00:00","dateModified":"2017-06-13T13:08:11+00:00","breadcrumb":{"@id":"https:\/\/acompanheseuprojeto.com.br\/acrimat\/minerva-reabre-frigorifico-em-mt-para-ganhar-terreno-em-meio-a-crise-da-jbs\/#breadcrumb"},"inLanguage":"pt-BR","potentialAction":[{"@type":"ReadAction","target":["https:\/\/acompanheseuprojeto.com.br\/acrimat\/minerva-reabre-frigorifico-em-mt-para-ganhar-terreno-em-meio-a-crise-da-jbs\/"]}]},{"@type":"ImageObject","inLanguage":"pt-BR","@id":"https:\/\/acompanheseuprojeto.com.br\/acrimat\/minerva-reabre-frigorifico-em-mt-para-ganhar-terreno-em-meio-a-crise-da-jbs\/#primaryimage","url":"https:\/\/acompanheseuprojeto.com.br\/acrimat\/wp-content\/uploads\/2016\/08\/FRIGORIFICO--300x225.jpg","contentUrl":"https:\/\/acompanheseuprojeto.com.br\/acrimat\/wp-content\/uploads\/2016\/08\/FRIGORIFICO--300x225.jpg"},{"@type":"BreadcrumbList","@id":"https:\/\/acompanheseuprojeto.com.br\/acrimat\/minerva-reabre-frigorifico-em-mt-para-ganhar-terreno-em-meio-a-crise-da-jbs\/#breadcrumb","itemListElement":[{"@type":"ListItem","position":1,"name":"In\u00edcio","item":"https:\/\/acompanheseuprojeto.com.br\/acrimat\/"},{"@type":"ListItem","position":2,"name":"Minerva reabre frigor\u00edfico em MT para ganhar terreno em meio \u00e0 crise da JBS"}]},{"@type":"WebSite","@id":"https:\/\/acompanheseuprojeto.com.br\/acrimat\/#website","url":"https:\/\/acompanheseuprojeto.com.br\/acrimat\/","name":"Acrimat","description":"Associa\u00e7\u00e3o dos Criadores de Mato Grosso","publisher":{"@id":"https:\/\/acompanheseuprojeto.com.br\/acrimat\/#organization"},"potentialAction":[{"@type":"SearchAction","target":{"@type":"EntryPoint","urlTemplate":"https:\/\/acompanheseuprojeto.com.br\/acrimat\/?s={search_term_string}"},"query-input":{"@type":"PropertyValueSpecification","valueRequired":true,"valueName":"search_term_string"}}],"inLanguage":"pt-BR"},{"@type":"Organization","@id":"https:\/\/acompanheseuprojeto.com.br\/acrimat\/#organization","name":"Associa\u00e7\u00e3o dos Criadores de Mato Grosso","url":"https:\/\/acompanheseuprojeto.com.br\/acrimat\/","logo":{"@type":"ImageObject","inLanguage":"pt-BR","@id":"https:\/\/acompanheseuprojeto.com.br\/acrimat\/#\/schema\/logo\/image\/","url":"https:\/\/acompanheseuprojeto.com.br\/acrimat\/wp-content\/uploads\/2018\/03\/logo-peq-original.png","contentUrl":"https:\/\/acompanheseuprojeto.com.br\/acrimat\/wp-content\/uploads\/2018\/03\/logo-peq-original.png","width":174,"height":171,"caption":"Associa\u00e7\u00e3o dos Criadores de Mato Grosso"},"image":{"@id":"https:\/\/acompanheseuprojeto.com.br\/acrimat\/#\/schema\/logo\/image\/"}},{"@type":"Person","@id":"https:\/\/acompanheseuprojeto.com.br\/acrimat\/#\/schema\/person\/3d34bb8aba05880dee02197f876f0da3","name":"Comunica\u00e7\u00e3o","image":{"@type":"ImageObject","inLanguage":"pt-BR","@id":"https:\/\/acompanheseuprojeto.com.br\/acrimat\/#\/schema\/person\/image\/","url":"https:\/\/secure.gravatar.com\/avatar\/5d9ac04c8e5020ba74e4c1a116e647dc?s=96&d=mm&r=g","contentUrl":"https:\/\/secure.gravatar.com\/avatar\/5d9ac04c8e5020ba74e4c1a116e647dc?s=96&d=mm&r=g","caption":"Comunica\u00e7\u00e3o"},"url":"https:\/\/acompanheseuprojeto.com.br\/acrimat\/author\/rodrigo\/"}]}},"_links":{"self":[{"href":"https:\/\/acompanheseuprojeto.com.br\/acrimat\/wp-json\/wp\/v2\/posts\/97982273","targetHints":{"allow":["GET"]}}],"collection":[{"href":"https:\/\/acompanheseuprojeto.com.br\/acrimat\/wp-json\/wp\/v2\/posts"}],"about":[{"href":"https:\/\/acompanheseuprojeto.com.br\/acrimat\/wp-json\/wp\/v2\/types\/post"}],"author":[{"embeddable":true,"href":"https:\/\/acompanheseuprojeto.com.br\/acrimat\/wp-json\/wp\/v2\/users\/4"}],"replies":[{"embeddable":true,"href":"https:\/\/acompanheseuprojeto.com.br\/acrimat\/wp-json\/wp\/v2\/comments?post=97982273"}],"version-history":[{"count":1,"href":"https:\/\/acompanheseuprojeto.com.br\/acrimat\/wp-json\/wp\/v2\/posts\/97982273\/revisions"}],"predecessor-version":[{"id":97982274,"href":"https:\/\/acompanheseuprojeto.com.br\/acrimat\/wp-json\/wp\/v2\/posts\/97982273\/revisions\/97982274"}],"wp:attachment":[{"href":"https:\/\/acompanheseuprojeto.com.br\/acrimat\/wp-json\/wp\/v2\/media?parent=97982273"}],"wp:term":[{"taxonomy":"category","embeddable":true,"href":"https:\/\/acompanheseuprojeto.com.br\/acrimat\/wp-json\/wp\/v2\/categories?post=97982273"},{"taxonomy":"post_tag","embeddable":true,"href":"https:\/\/acompanheseuprojeto.com.br\/acrimat\/wp-json\/wp\/v2\/tags?post=97982273"}],"curies":[{"name":"wp","href":"https:\/\/api.w.org\/{rel}","templated":true}]}}