{"id":97984060,"date":"2017-10-11T09:08:52","date_gmt":"2017-10-11T12:08:52","guid":{"rendered":"https:\/\/acompanheseuprojeto.com.br\/acrimat\/?p=97984060"},"modified":"2017-10-11T09:08:52","modified_gmt":"2017-10-11T12:08:52","slug":"pecsa-recebe-certificacao-de-empresa-b","status":"publish","type":"post","link":"https:\/\/acompanheseuprojeto.com.br\/acrimat\/pecsa-recebe-certificacao-de-empresa-b\/","title":{"rendered":"Pecsa recebe certifica\u00e7\u00e3o de \u201cEmpresa B\u201d"},"content":{"rendered":"<p>A Pecsa (Pecu\u00e1ria Sustent\u00e1vel da Amaz\u00f4nia), com sede em Alta Floresta (MT), recebeu na semana passada a primeira certifica\u00e7\u00e3o de Empresa B do setor de pecu\u00e1ria na Am\u00e9rica Latina. O selo \u00e9 dado a empresas que geram comprovadamente benef\u00edcios sociais e ambientais a partir dos seus neg\u00f3cios.<br \/>\nA certifica\u00e7\u00e3o implica em cumprir com um alto padr\u00e3o de gest\u00e3o e transpar\u00eancia. Para ser uma \u201cEmpresa B\u201d \u00e9 preciso passar por um processo de avalia\u00e7\u00e3o com 165 crit\u00e9rios de Governan\u00e7a, Trabalho, Comunidade e Meio Ambiente, e uma verifica\u00e7\u00e3o pela equipe do B Lab, respons\u00e1vel pelo movimento global de Empresas B, sediada na Calif\u00f3rnia. \u201cAcreditamos que empresas devem buscar serem as melhores para o mundo, e esse \u00e9 o prop\u00f3sito maior da Pecsa\u201d, disse o diretor de governan\u00e7a da empresa, Laurent Micol.<br \/>\nPara o facilitador de certifica\u00e7\u00e3o do Sistema B, que administra o movimento na Am\u00e9rica Latina, Pedro Augusto, a ind\u00fastria da pecu\u00e1ria \u00e9 de grande import\u00e2ncia para a sociedade, j\u00e1 que \u00e9 parte da base de alimenta\u00e7\u00e3o de grande parte da popula\u00e7\u00e3o mundial, ao mesmo tempo que \u00e9, em sua maioria, altamente insustent\u00e1vel. Na contram\u00e3o disso, as Empresas B prop\u00f5em uma din\u00e2mica sustent\u00e1vel e de responsabilidade social e ambiental. Augusto afirma ainda que \u201cter uma Empresa B como a Pecsa significa que \u00e9 poss\u00edvel fazer neg\u00f3cios de uma forma diferente, e que \u00e9 poss\u00edvel gerar transforma\u00e7\u00f5es positivas em ind\u00fastrias tradicionais\u201d.<br \/>\nO Movimento B conta com 70 empresas certificadas no Brasil, de 20 setores de atividades diferentes. No mundo, j\u00e1 s\u00e3o mais 2 mil empresas certificadas, todas comprometidas com uma nova vis\u00e3o de sucesso nos neg\u00f3cios. <\/p>\n","protected":false},"excerpt":{"rendered":"<p>Pecu\u00e1ria Sustent\u00e1vel da Amaz\u00f4nia recebeu a primeira certifica\u00e7\u00e3o de Empresa B do setor de pecu\u00e1ria na Am\u00e9rica Latina. O selo \u00e9 dado a empresas que geram comprovadamente benef\u00edcios sociais e ambientais.<\/p>\n","protected":false},"author":4,"featured_media":97983949,"comment_status":"closed","ping_status":"closed","sticky":false,"template":"","format":"standard","meta":{"footnotes":""},"categories":[6,1],"tags":[],"class_list":["post-97984060","post","type-post","status-publish","format-standard","has-post-thumbnail","hentry","category-destaque","category-noticia"],"yoast_head":"<!-- This site is optimized with the Yoast SEO plugin v24.2 - https:\/\/yoast.com\/wordpress\/plugins\/seo\/ -->\n<title>Pecsa recebe certifica\u00e7\u00e3o de \u201cEmpresa B\u201d - Acrimat<\/title>\n<meta name=\"robots\" content=\"index, follow, max-snippet:-1, max-image-preview:large, max-video-preview:-1\" \/>\n<link rel=\"canonical\" href=\"https:\/\/acompanheseuprojeto.com.br\/acrimat\/pecsa-recebe-certificacao-de-empresa-b\/\" \/>\n<meta property=\"og:locale\" content=\"pt_BR\" \/>\n<meta property=\"og:type\" content=\"article\" \/>\n<meta property=\"og:title\" content=\"Pecsa recebe certifica\u00e7\u00e3o de \u201cEmpresa B\u201d - Acrimat\" \/>\n<meta property=\"og:description\" content=\"Pecu\u00e1ria Sustent\u00e1vel da Amaz\u00f4nia recebeu a primeira certifica\u00e7\u00e3o de Empresa B do setor de pecu\u00e1ria na Am\u00e9rica Latina. O selo \u00e9 dado a empresas que geram comprovadamente benef\u00edcios sociais e ambientais.\" \/>\n<meta property=\"og:url\" content=\"https:\/\/acompanheseuprojeto.com.br\/acrimat\/pecsa-recebe-certificacao-de-empresa-b\/\" \/>\n<meta property=\"og:site_name\" content=\"Acrimat\" \/>\n<meta property=\"article:published_time\" content=\"2017-10-11T12:08:52+00:00\" \/>\n<meta property=\"og:image\" content=\"https:\/\/acompanheseuprojeto.com.br\/acrimat\/wp-content\/uploads\/2017\/10\/15010494-kvkc-u202512901537b5c-1.jpg\" \/>\n\t<meta property=\"og:image:width\" content=\"960\" \/>\n\t<meta property=\"og:image:height\" content=\"640\" \/>\n\t<meta property=\"og:image:type\" content=\"image\/jpeg\" \/>\n<meta name=\"author\" content=\"Comunica\u00e7\u00e3o\" \/>\n<meta name=\"twitter:card\" content=\"summary_large_image\" \/>\n<meta name=\"twitter:label1\" content=\"Escrito por\" \/>\n\t<meta name=\"twitter:data1\" content=\"Comunica\u00e7\u00e3o\" \/>\n\t<meta name=\"twitter:label2\" content=\"Est. tempo de leitura\" \/>\n\t<meta name=\"twitter:data2\" content=\"1 minuto\" \/>\n<script type=\"application\/ld+json\" class=\"yoast-schema-graph\">{\"@context\":\"https:\/\/schema.org\",\"@graph\":[{\"@type\":\"Article\",\"@id\":\"https:\/\/acompanheseuprojeto.com.br\/acrimat\/pecsa-recebe-certificacao-de-empresa-b\/#article\",\"isPartOf\":{\"@id\":\"https:\/\/acompanheseuprojeto.com.br\/acrimat\/pecsa-recebe-certificacao-de-empresa-b\/\"},\"author\":{\"name\":\"Comunica\u00e7\u00e3o\",\"@id\":\"https:\/\/acompanheseuprojeto.com.br\/acrimat\/#\/schema\/person\/3d34bb8aba05880dee02197f876f0da3\"},\"headline\":\"Pecsa recebe certifica\u00e7\u00e3o de \u201cEmpresa B\u201d\",\"datePublished\":\"2017-10-11T12:08:52+00:00\",\"dateModified\":\"2017-10-11T12:08:52+00:00\",\"mainEntityOfPage\":{\"@id\":\"https:\/\/acompanheseuprojeto.com.br\/acrimat\/pecsa-recebe-certificacao-de-empresa-b\/\"},\"wordCount\":298,\"publisher\":{\"@id\":\"https:\/\/acompanheseuprojeto.com.br\/acrimat\/#organization\"},\"image\":{\"@id\":\"https:\/\/acompanheseuprojeto.com.br\/acrimat\/pecsa-recebe-certificacao-de-empresa-b\/#primaryimage\"},\"thumbnailUrl\":\"https:\/\/acompanheseuprojeto.com.br\/acrimat\/wp-content\/uploads\/2017\/10\/15010494-kvkc-u202512901537b5c-1.jpg\",\"articleSection\":[\"Destaques\",\"Not\u00edcias\"],\"inLanguage\":\"pt-BR\"},{\"@type\":\"WebPage\",\"@id\":\"https:\/\/acompanheseuprojeto.com.br\/acrimat\/pecsa-recebe-certificacao-de-empresa-b\/\",\"url\":\"https:\/\/acompanheseuprojeto.com.br\/acrimat\/pecsa-recebe-certificacao-de-empresa-b\/\",\"name\":\"Pecsa recebe certifica\u00e7\u00e3o de \u201cEmpresa B\u201d - Acrimat\",\"isPartOf\":{\"@id\":\"https:\/\/acompanheseuprojeto.com.br\/acrimat\/#website\"},\"primaryImageOfPage\":{\"@id\":\"https:\/\/acompanheseuprojeto.com.br\/acrimat\/pecsa-recebe-certificacao-de-empresa-b\/#primaryimage\"},\"image\":{\"@id\":\"https:\/\/acompanheseuprojeto.com.br\/acrimat\/pecsa-recebe-certificacao-de-empresa-b\/#primaryimage\"},\"thumbnailUrl\":\"https:\/\/acompanheseuprojeto.com.br\/acrimat\/wp-content\/uploads\/2017\/10\/15010494-kvkc-u202512901537b5c-1.jpg\",\"datePublished\":\"2017-10-11T12:08:52+00:00\",\"dateModified\":\"2017-10-11T12:08:52+00:00\",\"breadcrumb\":{\"@id\":\"https:\/\/acompanheseuprojeto.com.br\/acrimat\/pecsa-recebe-certificacao-de-empresa-b\/#breadcrumb\"},\"inLanguage\":\"pt-BR\",\"potentialAction\":[{\"@type\":\"ReadAction\",\"target\":[\"https:\/\/acompanheseuprojeto.com.br\/acrimat\/pecsa-recebe-certificacao-de-empresa-b\/\"]}]},{\"@type\":\"ImageObject\",\"inLanguage\":\"pt-BR\",\"@id\":\"https:\/\/acompanheseuprojeto.com.br\/acrimat\/pecsa-recebe-certificacao-de-empresa-b\/#primaryimage\",\"url\":\"https:\/\/acompanheseuprojeto.com.br\/acrimat\/wp-content\/uploads\/2017\/10\/15010494-kvkc-u202512901537b5c-1.jpg\",\"contentUrl\":\"https:\/\/acompanheseuprojeto.com.br\/acrimat\/wp-content\/uploads\/2017\/10\/15010494-kvkc-u202512901537b5c-1.jpg\",\"width\":960,\"height\":640,\"caption\":\"Divulga\u00e7\u00e3o\"},{\"@type\":\"BreadcrumbList\",\"@id\":\"https:\/\/acompanheseuprojeto.com.br\/acrimat\/pecsa-recebe-certificacao-de-empresa-b\/#breadcrumb\",\"itemListElement\":[{\"@type\":\"ListItem\",\"position\":1,\"name\":\"In\u00edcio\",\"item\":\"https:\/\/acompanheseuprojeto.com.br\/acrimat\/\"},{\"@type\":\"ListItem\",\"position\":2,\"name\":\"Pecsa recebe certifica\u00e7\u00e3o de \u201cEmpresa B\u201d\"}]},{\"@type\":\"WebSite\",\"@id\":\"https:\/\/acompanheseuprojeto.com.br\/acrimat\/#website\",\"url\":\"https:\/\/acompanheseuprojeto.com.br\/acrimat\/\",\"name\":\"Acrimat\",\"description\":\"Associa\u00e7\u00e3o dos Criadores de Mato Grosso\",\"publisher\":{\"@id\":\"https:\/\/acompanheseuprojeto.com.br\/acrimat\/#organization\"},\"potentialAction\":[{\"@type\":\"SearchAction\",\"target\":{\"@type\":\"EntryPoint\",\"urlTemplate\":\"https:\/\/acompanheseuprojeto.com.br\/acrimat\/?s={search_term_string}\"},\"query-input\":{\"@type\":\"PropertyValueSpecification\",\"valueRequired\":true,\"valueName\":\"search_term_string\"}}],\"inLanguage\":\"pt-BR\"},{\"@type\":\"Organization\",\"@id\":\"https:\/\/acompanheseuprojeto.com.br\/acrimat\/#organization\",\"name\":\"Associa\u00e7\u00e3o dos Criadores de Mato Grosso\",\"url\":\"https:\/\/acompanheseuprojeto.com.br\/acrimat\/\",\"logo\":{\"@type\":\"ImageObject\",\"inLanguage\":\"pt-BR\",\"@id\":\"https:\/\/acompanheseuprojeto.com.br\/acrimat\/#\/schema\/logo\/image\/\",\"url\":\"https:\/\/acompanheseuprojeto.com.br\/acrimat\/wp-content\/uploads\/2018\/03\/logo-peq-original.png\",\"contentUrl\":\"https:\/\/acompanheseuprojeto.com.br\/acrimat\/wp-content\/uploads\/2018\/03\/logo-peq-original.png\",\"width\":174,\"height\":171,\"caption\":\"Associa\u00e7\u00e3o dos Criadores de Mato Grosso\"},\"image\":{\"@id\":\"https:\/\/acompanheseuprojeto.com.br\/acrimat\/#\/schema\/logo\/image\/\"}},{\"@type\":\"Person\",\"@id\":\"https:\/\/acompanheseuprojeto.com.br\/acrimat\/#\/schema\/person\/3d34bb8aba05880dee02197f876f0da3\",\"name\":\"Comunica\u00e7\u00e3o\",\"image\":{\"@type\":\"ImageObject\",\"inLanguage\":\"pt-BR\",\"@id\":\"https:\/\/acompanheseuprojeto.com.br\/acrimat\/#\/schema\/person\/image\/\",\"url\":\"https:\/\/secure.gravatar.com\/avatar\/5d9ac04c8e5020ba74e4c1a116e647dc?s=96&d=mm&r=g\",\"contentUrl\":\"https:\/\/secure.gravatar.com\/avatar\/5d9ac04c8e5020ba74e4c1a116e647dc?s=96&d=mm&r=g\",\"caption\":\"Comunica\u00e7\u00e3o\"},\"url\":\"https:\/\/acompanheseuprojeto.com.br\/acrimat\/author\/rodrigo\/\"}]}<\/script>\n<!-- \/ Yoast SEO plugin. -->","yoast_head_json":{"title":"Pecsa recebe certifica\u00e7\u00e3o de \u201cEmpresa B\u201d - Acrimat","robots":{"index":"index","follow":"follow","max-snippet":"max-snippet:-1","max-image-preview":"max-image-preview:large","max-video-preview":"max-video-preview:-1"},"canonical":"https:\/\/acompanheseuprojeto.com.br\/acrimat\/pecsa-recebe-certificacao-de-empresa-b\/","og_locale":"pt_BR","og_type":"article","og_title":"Pecsa recebe certifica\u00e7\u00e3o de \u201cEmpresa B\u201d - Acrimat","og_description":"Pecu\u00e1ria Sustent\u00e1vel da Amaz\u00f4nia recebeu a primeira certifica\u00e7\u00e3o de Empresa B do setor de pecu\u00e1ria na Am\u00e9rica Latina. O selo \u00e9 dado a empresas que geram comprovadamente benef\u00edcios sociais e ambientais.","og_url":"https:\/\/acompanheseuprojeto.com.br\/acrimat\/pecsa-recebe-certificacao-de-empresa-b\/","og_site_name":"Acrimat","article_published_time":"2017-10-11T12:08:52+00:00","og_image":[{"width":960,"height":640,"url":"https:\/\/acompanheseuprojeto.com.br\/acrimat\/wp-content\/uploads\/2017\/10\/15010494-kvkc-u202512901537b5c-1.jpg","type":"image\/jpeg"}],"author":"Comunica\u00e7\u00e3o","twitter_card":"summary_large_image","twitter_misc":{"Escrito por":"Comunica\u00e7\u00e3o","Est. tempo de leitura":"1 minuto"},"schema":{"@context":"https:\/\/schema.org","@graph":[{"@type":"Article","@id":"https:\/\/acompanheseuprojeto.com.br\/acrimat\/pecsa-recebe-certificacao-de-empresa-b\/#article","isPartOf":{"@id":"https:\/\/acompanheseuprojeto.com.br\/acrimat\/pecsa-recebe-certificacao-de-empresa-b\/"},"author":{"name":"Comunica\u00e7\u00e3o","@id":"https:\/\/acompanheseuprojeto.com.br\/acrimat\/#\/schema\/person\/3d34bb8aba05880dee02197f876f0da3"},"headline":"Pecsa recebe certifica\u00e7\u00e3o de \u201cEmpresa B\u201d","datePublished":"2017-10-11T12:08:52+00:00","dateModified":"2017-10-11T12:08:52+00:00","mainEntityOfPage":{"@id":"https:\/\/acompanheseuprojeto.com.br\/acrimat\/pecsa-recebe-certificacao-de-empresa-b\/"},"wordCount":298,"publisher":{"@id":"https:\/\/acompanheseuprojeto.com.br\/acrimat\/#organization"},"image":{"@id":"https:\/\/acompanheseuprojeto.com.br\/acrimat\/pecsa-recebe-certificacao-de-empresa-b\/#primaryimage"},"thumbnailUrl":"https:\/\/acompanheseuprojeto.com.br\/acrimat\/wp-content\/uploads\/2017\/10\/15010494-kvkc-u202512901537b5c-1.jpg","articleSection":["Destaques","Not\u00edcias"],"inLanguage":"pt-BR"},{"@type":"WebPage","@id":"https:\/\/acompanheseuprojeto.com.br\/acrimat\/pecsa-recebe-certificacao-de-empresa-b\/","url":"https:\/\/acompanheseuprojeto.com.br\/acrimat\/pecsa-recebe-certificacao-de-empresa-b\/","name":"Pecsa recebe certifica\u00e7\u00e3o de \u201cEmpresa B\u201d - Acrimat","isPartOf":{"@id":"https:\/\/acompanheseuprojeto.com.br\/acrimat\/#website"},"primaryImageOfPage":{"@id":"https:\/\/acompanheseuprojeto.com.br\/acrimat\/pecsa-recebe-certificacao-de-empresa-b\/#primaryimage"},"image":{"@id":"https:\/\/acompanheseuprojeto.com.br\/acrimat\/pecsa-recebe-certificacao-de-empresa-b\/#primaryimage"},"thumbnailUrl":"https:\/\/acompanheseuprojeto.com.br\/acrimat\/wp-content\/uploads\/2017\/10\/15010494-kvkc-u202512901537b5c-1.jpg","datePublished":"2017-10-11T12:08:52+00:00","dateModified":"2017-10-11T12:08:52+00:00","breadcrumb":{"@id":"https:\/\/acompanheseuprojeto.com.br\/acrimat\/pecsa-recebe-certificacao-de-empresa-b\/#breadcrumb"},"inLanguage":"pt-BR","potentialAction":[{"@type":"ReadAction","target":["https:\/\/acompanheseuprojeto.com.br\/acrimat\/pecsa-recebe-certificacao-de-empresa-b\/"]}]},{"@type":"ImageObject","inLanguage":"pt-BR","@id":"https:\/\/acompanheseuprojeto.com.br\/acrimat\/pecsa-recebe-certificacao-de-empresa-b\/#primaryimage","url":"https:\/\/acompanheseuprojeto.com.br\/acrimat\/wp-content\/uploads\/2017\/10\/15010494-kvkc-u202512901537b5c-1.jpg","contentUrl":"https:\/\/acompanheseuprojeto.com.br\/acrimat\/wp-content\/uploads\/2017\/10\/15010494-kvkc-u202512901537b5c-1.jpg","width":960,"height":640,"caption":"Divulga\u00e7\u00e3o"},{"@type":"BreadcrumbList","@id":"https:\/\/acompanheseuprojeto.com.br\/acrimat\/pecsa-recebe-certificacao-de-empresa-b\/#breadcrumb","itemListElement":[{"@type":"ListItem","position":1,"name":"In\u00edcio","item":"https:\/\/acompanheseuprojeto.com.br\/acrimat\/"},{"@type":"ListItem","position":2,"name":"Pecsa recebe certifica\u00e7\u00e3o de \u201cEmpresa B\u201d"}]},{"@type":"WebSite","@id":"https:\/\/acompanheseuprojeto.com.br\/acrimat\/#website","url":"https:\/\/acompanheseuprojeto.com.br\/acrimat\/","name":"Acrimat","description":"Associa\u00e7\u00e3o dos Criadores de Mato Grosso","publisher":{"@id":"https:\/\/acompanheseuprojeto.com.br\/acrimat\/#organization"},"potentialAction":[{"@type":"SearchAction","target":{"@type":"EntryPoint","urlTemplate":"https:\/\/acompanheseuprojeto.com.br\/acrimat\/?s={search_term_string}"},"query-input":{"@type":"PropertyValueSpecification","valueRequired":true,"valueName":"search_term_string"}}],"inLanguage":"pt-BR"},{"@type":"Organization","@id":"https:\/\/acompanheseuprojeto.com.br\/acrimat\/#organization","name":"Associa\u00e7\u00e3o dos Criadores de Mato Grosso","url":"https:\/\/acompanheseuprojeto.com.br\/acrimat\/","logo":{"@type":"ImageObject","inLanguage":"pt-BR","@id":"https:\/\/acompanheseuprojeto.com.br\/acrimat\/#\/schema\/logo\/image\/","url":"https:\/\/acompanheseuprojeto.com.br\/acrimat\/wp-content\/uploads\/2018\/03\/logo-peq-original.png","contentUrl":"https:\/\/acompanheseuprojeto.com.br\/acrimat\/wp-content\/uploads\/2018\/03\/logo-peq-original.png","width":174,"height":171,"caption":"Associa\u00e7\u00e3o dos Criadores de Mato Grosso"},"image":{"@id":"https:\/\/acompanheseuprojeto.com.br\/acrimat\/#\/schema\/logo\/image\/"}},{"@type":"Person","@id":"https:\/\/acompanheseuprojeto.com.br\/acrimat\/#\/schema\/person\/3d34bb8aba05880dee02197f876f0da3","name":"Comunica\u00e7\u00e3o","image":{"@type":"ImageObject","inLanguage":"pt-BR","@id":"https:\/\/acompanheseuprojeto.com.br\/acrimat\/#\/schema\/person\/image\/","url":"https:\/\/secure.gravatar.com\/avatar\/5d9ac04c8e5020ba74e4c1a116e647dc?s=96&d=mm&r=g","contentUrl":"https:\/\/secure.gravatar.com\/avatar\/5d9ac04c8e5020ba74e4c1a116e647dc?s=96&d=mm&r=g","caption":"Comunica\u00e7\u00e3o"},"url":"https:\/\/acompanheseuprojeto.com.br\/acrimat\/author\/rodrigo\/"}]}},"_links":{"self":[{"href":"https:\/\/acompanheseuprojeto.com.br\/acrimat\/wp-json\/wp\/v2\/posts\/97984060","targetHints":{"allow":["GET"]}}],"collection":[{"href":"https:\/\/acompanheseuprojeto.com.br\/acrimat\/wp-json\/wp\/v2\/posts"}],"about":[{"href":"https:\/\/acompanheseuprojeto.com.br\/acrimat\/wp-json\/wp\/v2\/types\/post"}],"author":[{"embeddable":true,"href":"https:\/\/acompanheseuprojeto.com.br\/acrimat\/wp-json\/wp\/v2\/users\/4"}],"replies":[{"embeddable":true,"href":"https:\/\/acompanheseuprojeto.com.br\/acrimat\/wp-json\/wp\/v2\/comments?post=97984060"}],"version-history":[{"count":1,"href":"https:\/\/acompanheseuprojeto.com.br\/acrimat\/wp-json\/wp\/v2\/posts\/97984060\/revisions"}],"predecessor-version":[{"id":97984061,"href":"https:\/\/acompanheseuprojeto.com.br\/acrimat\/wp-json\/wp\/v2\/posts\/97984060\/revisions\/97984061"}],"wp:featuredmedia":[{"embeddable":true,"href":"https:\/\/acompanheseuprojeto.com.br\/acrimat\/wp-json\/wp\/v2\/media\/97983949"}],"wp:attachment":[{"href":"https:\/\/acompanheseuprojeto.com.br\/acrimat\/wp-json\/wp\/v2\/media?parent=97984060"}],"wp:term":[{"taxonomy":"category","embeddable":true,"href":"https:\/\/acompanheseuprojeto.com.br\/acrimat\/wp-json\/wp\/v2\/categories?post=97984060"},{"taxonomy":"post_tag","embeddable":true,"href":"https:\/\/acompanheseuprojeto.com.br\/acrimat\/wp-json\/wp\/v2\/tags?post=97984060"}],"curies":[{"name":"wp","href":"https:\/\/api.w.org\/{rel}","templated":true}]}}