{"id":97984600,"date":"2017-11-03T09:36:07","date_gmt":"2017-11-03T12:36:07","guid":{"rendered":"https:\/\/acompanheseuprojeto.com.br\/acrimat\/?p=97984600"},"modified":"2017-11-03T09:36:07","modified_gmt":"2017-11-03T12:36:07","slug":"mdic-diz-que-aumento-de-importacoes-no-ano-sinaliza-para-retomada-da-economia","status":"publish","type":"post","link":"https:\/\/acompanheseuprojeto.com.br\/acrimat\/mdic-diz-que-aumento-de-importacoes-no-ano-sinaliza-para-retomada-da-economia\/","title":{"rendered":"Mdic diz que aumento de importa\u00e7\u00f5es no ano sinaliza para retomada da economia"},"content":{"rendered":"<p>O crescimento das importa\u00e7\u00f5es do pa\u00eds no m\u00eas de outubro (m\u00e9dia di\u00e1ria de US$ 651,2 milh\u00f5es, contra US$ 568,8 milh\u00f5es para o mesmo m\u00eas de 2016) e no acumulado do ano (eleva\u00e7\u00e3o de 9,1% na compara\u00e7\u00e3o com o mesmo per\u00edodo do ano passado), \u00e9 uma indica\u00e7\u00e3o da melhora da atividade econ\u00f4mica no futuro. A avalia\u00e7\u00e3o \u00e9 do diretor de Estat\u00edsticas e Apoio \u00e0s Exporta\u00e7\u00f5es do Minist\u00e9rio da Ind\u00fastria, Com\u00e9rcio Exterior e Servi\u00e7os (Mdic), Herlon Brand\u00e3o.<\/p>\n<p>Para ele, o crescimento das importa\u00e7\u00f5es ao longo do ano \u00e9 reflexo da atividade produtiva e da demanda interna por insumos para ind\u00fastria e para o agroneg\u00f3cio. \u201cNotamos um crescimento, pelo terceiro m\u00eas seguido, da importa\u00e7\u00e3o de bens de capital. Isso \u00e9 muito positivo, \u00e9 investimento, e sinaliza uma melhora da atividade econ\u00f4mica no futuro\u201d, disse ao apresentar, hoje (1\u00ba), o resultado da balan\u00e7a comercial do m\u00eas de outubro.<\/p>\n<p>De acordo com Brand\u00e3o, como o Brasil importa, principalmente, bens para atividade produtiva \u2013 como insumos industriais, m\u00e1quinas para agricultura e bens de capital \u2013 o crescimento das compras no exterior demonstra que \u201co setor produtivo est\u00e1 demandando mais insumos para produ\u00e7\u00e3o nacional e para exporta\u00e7\u00e3o\u201d.<\/p>\n<p>Segundo dados do Minist\u00e9rio da Ind\u00fastria, Com\u00e9rcio Exterior e Servi\u00e7os (Mdic), nos dez meses do ano, o Brasil importou US$ 125 bilh\u00f5es. Destaque para \u00f3leos combust\u00edveis, com saldo positivo de 89,2%; hulhas (+110,4%); circuitos integrados (+48,3%); naftas (+43,4%) e partes de aparelhos transmissores ou receptores (+58,7%).<\/p>\n<p><strong>Agroneg\u00f3cio<\/strong><\/p>\n<p>Em rela\u00e7\u00e3o ao agroneg\u00f3cio, os destaques da balan\u00e7a comercial s\u00e3o para a exporta\u00e7\u00e3o de soja e milho. De janeiro a outubro, foram vendidas 63 milh\u00f5es de toneladas de soja e 21 milh\u00f5es de toneladas de milho. \u201cAt\u00e9 setembro, t\u00ednhamos queda do volume de milho exportado, agora temos aumento. Temos crescimento do volume exportado de carne de frango, de carne bovina, celulose e a\u00e7\u00facar, que tamb\u00e9m estava em queda e agora passou a ter crescimento\u201d, destacou Brand\u00e3o.<\/p>\n<p>Nas exporta\u00e7\u00f5es de modo geral, o destaque fica por conta de celulose, a\u00e7\u00facar, commodities minerais, assim como a venda de petr\u00f3leo, devido ao crescimento da produ\u00e7\u00e3o nacional e os pre\u00e7os dessas commodities, al\u00e9m dos produtos industrializados, com 12% dos manufaturados, motivado pela venda de autom\u00f3veis acima de 50%, de ve\u00edculos de carga e produtos sider\u00fargicos.<\/p>\n<p>\u201cO volume de exporta\u00e7\u00f5es de autom\u00f3veis cresce para toda a Am\u00e9rica Latina, especialmente, Argentina, M\u00e9xico, Chile, Peru e Col\u00f4mbia. As carnes, que no come\u00e7o do ano tinham queda, agora, est\u00e3o tendo aumento tamb\u00e9m\u201d, disse Brand\u00e3o.<\/p>\n<p>A expectativa do governo \u00e9 que o pa\u00eds feche o ano com crescimento de 15% nas transa\u00e7\u00f5es comerciais em rela\u00e7\u00e3o a 2016. \u201cJ\u00e1 temos dez meses e isso permite fazer um cen\u00e1rio para o ano: vamos ter desempenho positivo das exporta\u00e7\u00f5es e importa\u00e7\u00f5es e, certamente, a corrente do com\u00e9rcio brasileira vai encerrar com crescimento significativo. J\u00e1 estamos com aumento de 15% do com\u00e9rcio como um todo, e esperamos encerrar com esse n\u00edvel ou superior\u201d.<\/p>\n","protected":false},"excerpt":{"rendered":"<p>Avalia\u00e7\u00e3o \u00e9 do diretor de Estat\u00edsticas e Apoio \u00e0s Exporta\u00e7\u00f5es do Minist\u00e9rio da Ind\u00fastria, Com\u00e9rcio Exterior e Servi\u00e7os (Mdic), Herlon Brand\u00e3o.<\/p>\n","protected":false},"author":4,"featured_media":97984601,"comment_status":"closed","ping_status":"closed","sticky":false,"template":"","format":"standard","meta":{"footnotes":""},"categories":[6,1],"tags":[],"class_list":["post-97984600","post","type-post","status-publish","format-standard","has-post-thumbnail","hentry","category-destaque","category-noticia"],"yoast_head":"<!-- This site is optimized with the Yoast SEO plugin v24.2 - https:\/\/yoast.com\/wordpress\/plugins\/seo\/ -->\n<title>Mdic diz que aumento de importa\u00e7\u00f5es no ano sinaliza para retomada da economia - Acrimat<\/title>\n<meta name=\"robots\" content=\"index, follow, max-snippet:-1, max-image-preview:large, max-video-preview:-1\" \/>\n<link rel=\"canonical\" href=\"https:\/\/acompanheseuprojeto.com.br\/acrimat\/mdic-diz-que-aumento-de-importacoes-no-ano-sinaliza-para-retomada-da-economia\/\" \/>\n<meta property=\"og:locale\" content=\"pt_BR\" \/>\n<meta property=\"og:type\" content=\"article\" \/>\n<meta property=\"og:title\" content=\"Mdic diz que aumento de importa\u00e7\u00f5es no ano sinaliza para retomada da economia - Acrimat\" \/>\n<meta property=\"og:description\" content=\"Avalia\u00e7\u00e3o \u00e9 do diretor de Estat\u00edsticas e Apoio \u00e0s Exporta\u00e7\u00f5es do Minist\u00e9rio da Ind\u00fastria, Com\u00e9rcio Exterior e Servi\u00e7os (Mdic), Herlon Brand\u00e3o.\" \/>\n<meta property=\"og:url\" content=\"https:\/\/acompanheseuprojeto.com.br\/acrimat\/mdic-diz-que-aumento-de-importacoes-no-ano-sinaliza-para-retomada-da-economia\/\" \/>\n<meta property=\"og:site_name\" content=\"Acrimat\" \/>\n<meta property=\"article:published_time\" content=\"2017-11-03T12:36:07+00:00\" \/>\n<meta property=\"og:image\" content=\"https:\/\/acompanheseuprojeto.com.br\/acrimat\/wp-content\/uploads\/2017\/11\/exportacoes4.jpg\" \/>\n\t<meta property=\"og:image:width\" content=\"640\" \/>\n\t<meta property=\"og:image:height\" content=\"400\" \/>\n\t<meta property=\"og:image:type\" content=\"image\/jpeg\" \/>\n<meta name=\"author\" content=\"Comunica\u00e7\u00e3o\" \/>\n<meta name=\"twitter:card\" content=\"summary_large_image\" \/>\n<meta name=\"twitter:label1\" content=\"Escrito por\" \/>\n\t<meta name=\"twitter:data1\" content=\"Comunica\u00e7\u00e3o\" \/>\n\t<meta name=\"twitter:label2\" content=\"Est. tempo de leitura\" \/>\n\t<meta name=\"twitter:data2\" content=\"3 minutos\" \/>\n<script type=\"application\/ld+json\" class=\"yoast-schema-graph\">{\"@context\":\"https:\/\/schema.org\",\"@graph\":[{\"@type\":\"Article\",\"@id\":\"https:\/\/acompanheseuprojeto.com.br\/acrimat\/mdic-diz-que-aumento-de-importacoes-no-ano-sinaliza-para-retomada-da-economia\/#article\",\"isPartOf\":{\"@id\":\"https:\/\/acompanheseuprojeto.com.br\/acrimat\/mdic-diz-que-aumento-de-importacoes-no-ano-sinaliza-para-retomada-da-economia\/\"},\"author\":{\"name\":\"Comunica\u00e7\u00e3o\",\"@id\":\"https:\/\/acompanheseuprojeto.com.br\/acrimat\/#\/schema\/person\/3d34bb8aba05880dee02197f876f0da3\"},\"headline\":\"Mdic diz que aumento de importa\u00e7\u00f5es no ano sinaliza para retomada da economia\",\"datePublished\":\"2017-11-03T12:36:07+00:00\",\"dateModified\":\"2017-11-03T12:36:07+00:00\",\"mainEntityOfPage\":{\"@id\":\"https:\/\/acompanheseuprojeto.com.br\/acrimat\/mdic-diz-que-aumento-de-importacoes-no-ano-sinaliza-para-retomada-da-economia\/\"},\"wordCount\":543,\"publisher\":{\"@id\":\"https:\/\/acompanheseuprojeto.com.br\/acrimat\/#organization\"},\"image\":{\"@id\":\"https:\/\/acompanheseuprojeto.com.br\/acrimat\/mdic-diz-que-aumento-de-importacoes-no-ano-sinaliza-para-retomada-da-economia\/#primaryimage\"},\"thumbnailUrl\":\"https:\/\/acompanheseuprojeto.com.br\/acrimat\/wp-content\/uploads\/2017\/11\/exportacoes4.jpg\",\"articleSection\":[\"Destaques\",\"Not\u00edcias\"],\"inLanguage\":\"pt-BR\"},{\"@type\":\"WebPage\",\"@id\":\"https:\/\/acompanheseuprojeto.com.br\/acrimat\/mdic-diz-que-aumento-de-importacoes-no-ano-sinaliza-para-retomada-da-economia\/\",\"url\":\"https:\/\/acompanheseuprojeto.com.br\/acrimat\/mdic-diz-que-aumento-de-importacoes-no-ano-sinaliza-para-retomada-da-economia\/\",\"name\":\"Mdic diz que aumento de importa\u00e7\u00f5es no ano sinaliza para retomada da economia - Acrimat\",\"isPartOf\":{\"@id\":\"https:\/\/acompanheseuprojeto.com.br\/acrimat\/#website\"},\"primaryImageOfPage\":{\"@id\":\"https:\/\/acompanheseuprojeto.com.br\/acrimat\/mdic-diz-que-aumento-de-importacoes-no-ano-sinaliza-para-retomada-da-economia\/#primaryimage\"},\"image\":{\"@id\":\"https:\/\/acompanheseuprojeto.com.br\/acrimat\/mdic-diz-que-aumento-de-importacoes-no-ano-sinaliza-para-retomada-da-economia\/#primaryimage\"},\"thumbnailUrl\":\"https:\/\/acompanheseuprojeto.com.br\/acrimat\/wp-content\/uploads\/2017\/11\/exportacoes4.jpg\",\"datePublished\":\"2017-11-03T12:36:07+00:00\",\"dateModified\":\"2017-11-03T12:36:07+00:00\",\"breadcrumb\":{\"@id\":\"https:\/\/acompanheseuprojeto.com.br\/acrimat\/mdic-diz-que-aumento-de-importacoes-no-ano-sinaliza-para-retomada-da-economia\/#breadcrumb\"},\"inLanguage\":\"pt-BR\",\"potentialAction\":[{\"@type\":\"ReadAction\",\"target\":[\"https:\/\/acompanheseuprojeto.com.br\/acrimat\/mdic-diz-que-aumento-de-importacoes-no-ano-sinaliza-para-retomada-da-economia\/\"]}]},{\"@type\":\"ImageObject\",\"inLanguage\":\"pt-BR\",\"@id\":\"https:\/\/acompanheseuprojeto.com.br\/acrimat\/mdic-diz-que-aumento-de-importacoes-no-ano-sinaliza-para-retomada-da-economia\/#primaryimage\",\"url\":\"https:\/\/acompanheseuprojeto.com.br\/acrimat\/wp-content\/uploads\/2017\/11\/exportacoes4.jpg\",\"contentUrl\":\"https:\/\/acompanheseuprojeto.com.br\/acrimat\/wp-content\/uploads\/2017\/11\/exportacoes4.jpg\",\"width\":640,\"height\":400},{\"@type\":\"BreadcrumbList\",\"@id\":\"https:\/\/acompanheseuprojeto.com.br\/acrimat\/mdic-diz-que-aumento-de-importacoes-no-ano-sinaliza-para-retomada-da-economia\/#breadcrumb\",\"itemListElement\":[{\"@type\":\"ListItem\",\"position\":1,\"name\":\"In\u00edcio\",\"item\":\"https:\/\/acompanheseuprojeto.com.br\/acrimat\/\"},{\"@type\":\"ListItem\",\"position\":2,\"name\":\"Mdic diz que aumento de importa\u00e7\u00f5es no ano sinaliza para retomada da economia\"}]},{\"@type\":\"WebSite\",\"@id\":\"https:\/\/acompanheseuprojeto.com.br\/acrimat\/#website\",\"url\":\"https:\/\/acompanheseuprojeto.com.br\/acrimat\/\",\"name\":\"Acrimat\",\"description\":\"Associa\u00e7\u00e3o dos Criadores de Mato Grosso\",\"publisher\":{\"@id\":\"https:\/\/acompanheseuprojeto.com.br\/acrimat\/#organization\"},\"potentialAction\":[{\"@type\":\"SearchAction\",\"target\":{\"@type\":\"EntryPoint\",\"urlTemplate\":\"https:\/\/acompanheseuprojeto.com.br\/acrimat\/?s={search_term_string}\"},\"query-input\":{\"@type\":\"PropertyValueSpecification\",\"valueRequired\":true,\"valueName\":\"search_term_string\"}}],\"inLanguage\":\"pt-BR\"},{\"@type\":\"Organization\",\"@id\":\"https:\/\/acompanheseuprojeto.com.br\/acrimat\/#organization\",\"name\":\"Associa\u00e7\u00e3o dos Criadores de Mato Grosso\",\"url\":\"https:\/\/acompanheseuprojeto.com.br\/acrimat\/\",\"logo\":{\"@type\":\"ImageObject\",\"inLanguage\":\"pt-BR\",\"@id\":\"https:\/\/acompanheseuprojeto.com.br\/acrimat\/#\/schema\/logo\/image\/\",\"url\":\"https:\/\/acompanheseuprojeto.com.br\/acrimat\/wp-content\/uploads\/2018\/03\/logo-peq-original.png\",\"contentUrl\":\"https:\/\/acompanheseuprojeto.com.br\/acrimat\/wp-content\/uploads\/2018\/03\/logo-peq-original.png\",\"width\":174,\"height\":171,\"caption\":\"Associa\u00e7\u00e3o dos Criadores de Mato Grosso\"},\"image\":{\"@id\":\"https:\/\/acompanheseuprojeto.com.br\/acrimat\/#\/schema\/logo\/image\/\"}},{\"@type\":\"Person\",\"@id\":\"https:\/\/acompanheseuprojeto.com.br\/acrimat\/#\/schema\/person\/3d34bb8aba05880dee02197f876f0da3\",\"name\":\"Comunica\u00e7\u00e3o\",\"image\":{\"@type\":\"ImageObject\",\"inLanguage\":\"pt-BR\",\"@id\":\"https:\/\/acompanheseuprojeto.com.br\/acrimat\/#\/schema\/person\/image\/\",\"url\":\"https:\/\/secure.gravatar.com\/avatar\/5d9ac04c8e5020ba74e4c1a116e647dc?s=96&d=mm&r=g\",\"contentUrl\":\"https:\/\/secure.gravatar.com\/avatar\/5d9ac04c8e5020ba74e4c1a116e647dc?s=96&d=mm&r=g\",\"caption\":\"Comunica\u00e7\u00e3o\"},\"url\":\"https:\/\/acompanheseuprojeto.com.br\/acrimat\/author\/rodrigo\/\"}]}<\/script>\n<!-- \/ Yoast SEO plugin. -->","yoast_head_json":{"title":"Mdic diz que aumento de importa\u00e7\u00f5es no ano sinaliza para retomada da economia - Acrimat","robots":{"index":"index","follow":"follow","max-snippet":"max-snippet:-1","max-image-preview":"max-image-preview:large","max-video-preview":"max-video-preview:-1"},"canonical":"https:\/\/acompanheseuprojeto.com.br\/acrimat\/mdic-diz-que-aumento-de-importacoes-no-ano-sinaliza-para-retomada-da-economia\/","og_locale":"pt_BR","og_type":"article","og_title":"Mdic diz que aumento de importa\u00e7\u00f5es no ano sinaliza para retomada da economia - Acrimat","og_description":"Avalia\u00e7\u00e3o \u00e9 do diretor de Estat\u00edsticas e Apoio \u00e0s Exporta\u00e7\u00f5es do Minist\u00e9rio da Ind\u00fastria, Com\u00e9rcio Exterior e Servi\u00e7os (Mdic), Herlon Brand\u00e3o.","og_url":"https:\/\/acompanheseuprojeto.com.br\/acrimat\/mdic-diz-que-aumento-de-importacoes-no-ano-sinaliza-para-retomada-da-economia\/","og_site_name":"Acrimat","article_published_time":"2017-11-03T12:36:07+00:00","og_image":[{"width":640,"height":400,"url":"https:\/\/acompanheseuprojeto.com.br\/acrimat\/wp-content\/uploads\/2017\/11\/exportacoes4.jpg","type":"image\/jpeg"}],"author":"Comunica\u00e7\u00e3o","twitter_card":"summary_large_image","twitter_misc":{"Escrito por":"Comunica\u00e7\u00e3o","Est. tempo de leitura":"3 minutos"},"schema":{"@context":"https:\/\/schema.org","@graph":[{"@type":"Article","@id":"https:\/\/acompanheseuprojeto.com.br\/acrimat\/mdic-diz-que-aumento-de-importacoes-no-ano-sinaliza-para-retomada-da-economia\/#article","isPartOf":{"@id":"https:\/\/acompanheseuprojeto.com.br\/acrimat\/mdic-diz-que-aumento-de-importacoes-no-ano-sinaliza-para-retomada-da-economia\/"},"author":{"name":"Comunica\u00e7\u00e3o","@id":"https:\/\/acompanheseuprojeto.com.br\/acrimat\/#\/schema\/person\/3d34bb8aba05880dee02197f876f0da3"},"headline":"Mdic diz que aumento de importa\u00e7\u00f5es no ano sinaliza para retomada da economia","datePublished":"2017-11-03T12:36:07+00:00","dateModified":"2017-11-03T12:36:07+00:00","mainEntityOfPage":{"@id":"https:\/\/acompanheseuprojeto.com.br\/acrimat\/mdic-diz-que-aumento-de-importacoes-no-ano-sinaliza-para-retomada-da-economia\/"},"wordCount":543,"publisher":{"@id":"https:\/\/acompanheseuprojeto.com.br\/acrimat\/#organization"},"image":{"@id":"https:\/\/acompanheseuprojeto.com.br\/acrimat\/mdic-diz-que-aumento-de-importacoes-no-ano-sinaliza-para-retomada-da-economia\/#primaryimage"},"thumbnailUrl":"https:\/\/acompanheseuprojeto.com.br\/acrimat\/wp-content\/uploads\/2017\/11\/exportacoes4.jpg","articleSection":["Destaques","Not\u00edcias"],"inLanguage":"pt-BR"},{"@type":"WebPage","@id":"https:\/\/acompanheseuprojeto.com.br\/acrimat\/mdic-diz-que-aumento-de-importacoes-no-ano-sinaliza-para-retomada-da-economia\/","url":"https:\/\/acompanheseuprojeto.com.br\/acrimat\/mdic-diz-que-aumento-de-importacoes-no-ano-sinaliza-para-retomada-da-economia\/","name":"Mdic diz que aumento de importa\u00e7\u00f5es no ano sinaliza para retomada da economia - Acrimat","isPartOf":{"@id":"https:\/\/acompanheseuprojeto.com.br\/acrimat\/#website"},"primaryImageOfPage":{"@id":"https:\/\/acompanheseuprojeto.com.br\/acrimat\/mdic-diz-que-aumento-de-importacoes-no-ano-sinaliza-para-retomada-da-economia\/#primaryimage"},"image":{"@id":"https:\/\/acompanheseuprojeto.com.br\/acrimat\/mdic-diz-que-aumento-de-importacoes-no-ano-sinaliza-para-retomada-da-economia\/#primaryimage"},"thumbnailUrl":"https:\/\/acompanheseuprojeto.com.br\/acrimat\/wp-content\/uploads\/2017\/11\/exportacoes4.jpg","datePublished":"2017-11-03T12:36:07+00:00","dateModified":"2017-11-03T12:36:07+00:00","breadcrumb":{"@id":"https:\/\/acompanheseuprojeto.com.br\/acrimat\/mdic-diz-que-aumento-de-importacoes-no-ano-sinaliza-para-retomada-da-economia\/#breadcrumb"},"inLanguage":"pt-BR","potentialAction":[{"@type":"ReadAction","target":["https:\/\/acompanheseuprojeto.com.br\/acrimat\/mdic-diz-que-aumento-de-importacoes-no-ano-sinaliza-para-retomada-da-economia\/"]}]},{"@type":"ImageObject","inLanguage":"pt-BR","@id":"https:\/\/acompanheseuprojeto.com.br\/acrimat\/mdic-diz-que-aumento-de-importacoes-no-ano-sinaliza-para-retomada-da-economia\/#primaryimage","url":"https:\/\/acompanheseuprojeto.com.br\/acrimat\/wp-content\/uploads\/2017\/11\/exportacoes4.jpg","contentUrl":"https:\/\/acompanheseuprojeto.com.br\/acrimat\/wp-content\/uploads\/2017\/11\/exportacoes4.jpg","width":640,"height":400},{"@type":"BreadcrumbList","@id":"https:\/\/acompanheseuprojeto.com.br\/acrimat\/mdic-diz-que-aumento-de-importacoes-no-ano-sinaliza-para-retomada-da-economia\/#breadcrumb","itemListElement":[{"@type":"ListItem","position":1,"name":"In\u00edcio","item":"https:\/\/acompanheseuprojeto.com.br\/acrimat\/"},{"@type":"ListItem","position":2,"name":"Mdic diz que aumento de importa\u00e7\u00f5es no ano sinaliza para retomada da economia"}]},{"@type":"WebSite","@id":"https:\/\/acompanheseuprojeto.com.br\/acrimat\/#website","url":"https:\/\/acompanheseuprojeto.com.br\/acrimat\/","name":"Acrimat","description":"Associa\u00e7\u00e3o dos Criadores de Mato Grosso","publisher":{"@id":"https:\/\/acompanheseuprojeto.com.br\/acrimat\/#organization"},"potentialAction":[{"@type":"SearchAction","target":{"@type":"EntryPoint","urlTemplate":"https:\/\/acompanheseuprojeto.com.br\/acrimat\/?s={search_term_string}"},"query-input":{"@type":"PropertyValueSpecification","valueRequired":true,"valueName":"search_term_string"}}],"inLanguage":"pt-BR"},{"@type":"Organization","@id":"https:\/\/acompanheseuprojeto.com.br\/acrimat\/#organization","name":"Associa\u00e7\u00e3o dos Criadores de Mato Grosso","url":"https:\/\/acompanheseuprojeto.com.br\/acrimat\/","logo":{"@type":"ImageObject","inLanguage":"pt-BR","@id":"https:\/\/acompanheseuprojeto.com.br\/acrimat\/#\/schema\/logo\/image\/","url":"https:\/\/acompanheseuprojeto.com.br\/acrimat\/wp-content\/uploads\/2018\/03\/logo-peq-original.png","contentUrl":"https:\/\/acompanheseuprojeto.com.br\/acrimat\/wp-content\/uploads\/2018\/03\/logo-peq-original.png","width":174,"height":171,"caption":"Associa\u00e7\u00e3o dos Criadores de Mato Grosso"},"image":{"@id":"https:\/\/acompanheseuprojeto.com.br\/acrimat\/#\/schema\/logo\/image\/"}},{"@type":"Person","@id":"https:\/\/acompanheseuprojeto.com.br\/acrimat\/#\/schema\/person\/3d34bb8aba05880dee02197f876f0da3","name":"Comunica\u00e7\u00e3o","image":{"@type":"ImageObject","inLanguage":"pt-BR","@id":"https:\/\/acompanheseuprojeto.com.br\/acrimat\/#\/schema\/person\/image\/","url":"https:\/\/secure.gravatar.com\/avatar\/5d9ac04c8e5020ba74e4c1a116e647dc?s=96&d=mm&r=g","contentUrl":"https:\/\/secure.gravatar.com\/avatar\/5d9ac04c8e5020ba74e4c1a116e647dc?s=96&d=mm&r=g","caption":"Comunica\u00e7\u00e3o"},"url":"https:\/\/acompanheseuprojeto.com.br\/acrimat\/author\/rodrigo\/"}]}},"_links":{"self":[{"href":"https:\/\/acompanheseuprojeto.com.br\/acrimat\/wp-json\/wp\/v2\/posts\/97984600","targetHints":{"allow":["GET"]}}],"collection":[{"href":"https:\/\/acompanheseuprojeto.com.br\/acrimat\/wp-json\/wp\/v2\/posts"}],"about":[{"href":"https:\/\/acompanheseuprojeto.com.br\/acrimat\/wp-json\/wp\/v2\/types\/post"}],"author":[{"embeddable":true,"href":"https:\/\/acompanheseuprojeto.com.br\/acrimat\/wp-json\/wp\/v2\/users\/4"}],"replies":[{"embeddable":true,"href":"https:\/\/acompanheseuprojeto.com.br\/acrimat\/wp-json\/wp\/v2\/comments?post=97984600"}],"version-history":[{"count":1,"href":"https:\/\/acompanheseuprojeto.com.br\/acrimat\/wp-json\/wp\/v2\/posts\/97984600\/revisions"}],"predecessor-version":[{"id":97984602,"href":"https:\/\/acompanheseuprojeto.com.br\/acrimat\/wp-json\/wp\/v2\/posts\/97984600\/revisions\/97984602"}],"wp:featuredmedia":[{"embeddable":true,"href":"https:\/\/acompanheseuprojeto.com.br\/acrimat\/wp-json\/wp\/v2\/media\/97984601"}],"wp:attachment":[{"href":"https:\/\/acompanheseuprojeto.com.br\/acrimat\/wp-json\/wp\/v2\/media?parent=97984600"}],"wp:term":[{"taxonomy":"category","embeddable":true,"href":"https:\/\/acompanheseuprojeto.com.br\/acrimat\/wp-json\/wp\/v2\/categories?post=97984600"},{"taxonomy":"post_tag","embeddable":true,"href":"https:\/\/acompanheseuprojeto.com.br\/acrimat\/wp-json\/wp\/v2\/tags?post=97984600"}],"curies":[{"name":"wp","href":"https:\/\/api.w.org\/{rel}","templated":true}]}}