{"id":97987763,"date":"2018-05-22T09:51:08","date_gmt":"2018-05-22T12:51:08","guid":{"rendered":"https:\/\/acompanheseuprojeto.com.br\/acrimat\/?p=97987763"},"modified":"2018-05-22T09:51:08","modified_gmt":"2018-05-22T12:51:08","slug":"alta-do-dolar-traz-renda-para-o-campo-mas-pode-dificultar-planejamento","status":"publish","type":"post","link":"https:\/\/acompanheseuprojeto.com.br\/acrimat\/alta-do-dolar-traz-renda-para-o-campo-mas-pode-dificultar-planejamento\/","title":{"rendered":"Alta do d\u00f3lar traz renda para o campo, mas pode dificultar planejamento"},"content":{"rendered":"<p>A alta do d\u00f3lar traz renda ao campo, aponta para um novo cen\u00e1rio em 2019, mas requer cuidados e dificulta planejamento no setor.<\/p>\n<p>A valoriza\u00e7\u00e3o da moeda dos EUA afeta n\u00e3o apenas o real mas a divisa de v\u00e1rios pa\u00edses. \u201cA pergunta que deve ser feita \u00e9 qual ser\u00e1 a dura\u00e7\u00e3o dessa valoriza\u00e7\u00e3o\u201d, diz Fernando Muraro, analista da AgRural.<\/p>\n<p>Se for curta, o mercado agropecu\u00e1rio se ajusta. Se for longa, haver\u00e1 impacto no mercado de commodities.<\/p>\n<p>D\u00f3lar em alta exigir\u00e1 mais dinheiro dos pa\u00edses importadores na compra de commodities, inibindo a demanda.<\/p>\n<p>\u201cHistoricamente, as eleva\u00e7\u00f5es da moeda norte-americana t\u00eam sido positivas para a cadeia agropecu\u00e1ria\u201d, diz F\u00e1bio Silveira, s\u00f3cio-diretor da MacroSector. Ele lembra, por\u00e9m, que o enfraquecimento do real traz eleva\u00e7\u00e3o de custos para os produtores.<\/p>\n<p>O Brasil \u00e9 dependente de fertilizantes e de produtos qu\u00edmicos. Pelo menos 60% dos produtores j\u00e1 adquiriram os insumos para a pr\u00f3xima safra. Os outros 40% v\u00e3o pagar caro por esses produtos.<\/p>\n<p>Dentro da porteira, os agricultores que ainda t\u00eam produtos export\u00e1veis ser\u00e3o benef\u00edcios a curto prazo, segundo Anderson Galv\u00e3o, analista da consultoria C\u00e9leres.<\/p>\n<p>H\u00e1 uma preocupa\u00e7\u00e3o, no entanto, porque a alta n\u00e3o \u00e9 garantia de renda no ano que vem. Assim como o produtor obt\u00e9m mais reais na venda da soja, do milho, do caf\u00e9 e dos demais produtos export\u00e1veis, ele gasta mais reais para a compra dos insumos para a pr\u00f3xima safra.<\/p>\n<p>A alta do d\u00f3lar vem sendo provocada por motivos externos, e a estabilidade da moeda dos EUA tamb\u00e9m vai depender de medidas econ\u00f4micas externas, segundo Galv\u00e3o.<\/p>\n<p>O pior dos mundos para o produtor seria pagar os insumos importados a R$ 3,70 ou R$ 4,00 por d\u00f3lar nos pr\u00f3ximos meses e vender a produ\u00e7\u00e3o a R$ 3,10 a R$ 3,20 no pr\u00f3ximo ano, segundo ele.<\/p>\n<p>Fernando Cardore, vice-presidente da Aprosoja-MT (Associa\u00e7\u00e3o dos Produtores de Soja e Milho do Estado de Mato Grosso), concorda que poder\u00e1 haver o aumento de receitas no curto prazo.<\/p>\n<p>Grande parte da safra, contudo, j\u00e1 foi comercializada a um d\u00f3lar com valores defasados, afirma.<\/p>\n<p>Para ele, essa volatilidade da moeda dos EUA traz uma inseguran\u00e7a no setor. Ela dificulta as opera\u00e7\u00f5es de hedge (prote\u00e7\u00e3o contra oscila\u00e7\u00f5es de mercado) e, consequentemente, at\u00e9 o planejamento.<\/p>\n<p>Para Galv\u00e3o, a mudan\u00e7a de rumo do d\u00f3lar afeta inclusive as empresas de insumos, principalmente as que n\u00e3o t\u00eam estoques. V\u00e3o pagar mais pelos produtos nas importa\u00e7\u00f5es e ter\u00e3o dificuldades nos repasses em uma eventual redu\u00e7\u00e3o do valor da moeda norte-americana em 2019.<\/p>\n<p>A valoriza\u00e7\u00e3o do d\u00f3lar poder\u00e1 mudar o cen\u00e1rio para a agricultura no pr\u00f3ximo ano, dizem Silveira e de Galv\u00e3o.<\/p>\n<p>O primeiro acredita em um 2019 com um patamar de produ\u00e7\u00e3o maior, enquanto Galv\u00e3o refez os c\u00e1lculos de ocupa\u00e7\u00e3o de \u00e1rea agr\u00edcola no pa\u00eds.<\/p>\n<p>Uma remunera\u00e7\u00e3o melhor pelos produtos agr\u00edcolas poder\u00e1 elevar a \u00e1rea de plantio de soja em 1,5 milh\u00e3o de hectares na safra 2018\/19. Neste ano, foi de 34,7 milh\u00f5es. A previs\u00e3o anterior era de uma evolu\u00e7\u00e3o de 700 mil a 1 milh\u00e3o.<\/p>\n<p>A melhora nos pre\u00e7os do milho vai fazer com que os produtores tamb\u00e9m deem mais aten\u00e7\u00e3o ao cereal.<\/p>\n<p>O aumento de \u00e1rea na safra de ver\u00e3o dever\u00e1 ser de 500 mil hectares. Na de inverno, o aumento poder\u00e1 atingir 1 milh\u00e3o de hectares, segundo Galv\u00e3o.<\/p>\n<p><strong>Em alta<\/strong>\u2002Ap\u00f3s sete semanas de queda, o etanol subiu pela segunda vez. De 14 a 18 deste m\u00eas, o pre\u00e7o m\u00e9dio do hidratado praticado pelas usinas foi de R$ 1,62 por litro.<\/p>\n<p><strong>Anidro<\/strong>\u2002Os dados s\u00e3o do Cepea (Centro de Estudos Avan\u00e7ados em Economia Aplicada), que mostra evolu\u00e7\u00e3o de 6,8% na semana. J\u00e1 o etanol anidro subiu para R$ 1,74 por litro, 5,5% mais.<\/p>\n<p><strong>Caf\u00e9<\/strong>\u2002A illy compartilhar\u00e1 seu know-how sobre pr\u00e1ticas agron\u00f4micas com ex-guerrilheiros colombianos. A empresa italiana vai adquirir o caf\u00e9 dos produtores que atingirem os padr\u00f5es de qualidade exigidos pela illy.<\/p>\n<p><strong>43%<\/strong><br \/>\nFoi quanto aumentaram as exporta\u00e7\u00f5es m\u00e9dias di\u00e1rias de carnes nas tr\u00eas primeiras semanas deste m\u00eas, em rela\u00e7\u00e3o ao m\u00eas passado, segundo dados da Secex (Secretaria de Com\u00e9rcio Exterior).<br \/>\nVaiv\u00e9m das Commodities<\/p>\n<p><strong><em>Jornalista Mauro Zafalon assina a coluna Vaiv\u00e9m das Commodities. Escreve sobre commodities e pecu\u00e1ria.<\/em><\/strong><\/p>\n","protected":false},"excerpt":{"rendered":"<p>Enfraquecimento do real, no entanto, traz eleva\u00e7\u00e3o de custo para produtores<\/p>\n","protected":false},"author":7,"featured_media":97985175,"comment_status":"closed","ping_status":"closed","sticky":false,"template":"","format":"standard","meta":{"footnotes":""},"categories":[6,1],"tags":[],"class_list":["post-97987763","post","type-post","status-publish","format-standard","has-post-thumbnail","hentry","category-destaque","category-noticia"],"yoast_head":"<!-- This site is optimized with the Yoast SEO plugin v24.2 - https:\/\/yoast.com\/wordpress\/plugins\/seo\/ -->\n<title>Alta do d\u00f3lar traz renda para o campo, mas pode dificultar planejamento - Acrimat<\/title>\n<meta name=\"robots\" content=\"index, follow, max-snippet:-1, max-image-preview:large, max-video-preview:-1\" \/>\n<link rel=\"canonical\" href=\"https:\/\/acompanheseuprojeto.com.br\/acrimat\/alta-do-dolar-traz-renda-para-o-campo-mas-pode-dificultar-planejamento\/\" \/>\n<meta property=\"og:locale\" content=\"pt_BR\" \/>\n<meta property=\"og:type\" content=\"article\" \/>\n<meta property=\"og:title\" content=\"Alta do d\u00f3lar traz renda para o campo, mas pode dificultar planejamento - Acrimat\" \/>\n<meta property=\"og:description\" content=\"Enfraquecimento do real, no entanto, traz eleva\u00e7\u00e3o de custo para produtores\" \/>\n<meta property=\"og:url\" content=\"https:\/\/acompanheseuprojeto.com.br\/acrimat\/alta-do-dolar-traz-renda-para-o-campo-mas-pode-dificultar-planejamento\/\" \/>\n<meta property=\"og:site_name\" content=\"Acrimat\" \/>\n<meta property=\"article:published_time\" content=\"2018-05-22T12:51:08+00:00\" \/>\n<meta property=\"og:image\" content=\"https:\/\/acompanheseuprojeto.com.br\/acrimat\/wp-content\/uploads\/2017\/12\/agric_money1.jpg\" \/>\n\t<meta property=\"og:image:width\" content=\"500\" \/>\n\t<meta property=\"og:image:height\" content=\"341\" \/>\n\t<meta property=\"og:image:type\" content=\"image\/jpeg\" \/>\n<meta name=\"author\" content=\"Assessoria de comunica\u00e7\u00e3o ACRIMAT\" \/>\n<meta name=\"twitter:card\" content=\"summary_large_image\" \/>\n<meta name=\"twitter:label1\" content=\"Escrito por\" \/>\n\t<meta name=\"twitter:data1\" content=\"Assessoria de comunica\u00e7\u00e3o ACRIMAT\" \/>\n\t<meta name=\"twitter:label2\" content=\"Est. tempo de leitura\" \/>\n\t<meta name=\"twitter:data2\" content=\"4 minutos\" \/>\n<script type=\"application\/ld+json\" class=\"yoast-schema-graph\">{\"@context\":\"https:\/\/schema.org\",\"@graph\":[{\"@type\":\"Article\",\"@id\":\"https:\/\/acompanheseuprojeto.com.br\/acrimat\/alta-do-dolar-traz-renda-para-o-campo-mas-pode-dificultar-planejamento\/#article\",\"isPartOf\":{\"@id\":\"https:\/\/acompanheseuprojeto.com.br\/acrimat\/alta-do-dolar-traz-renda-para-o-campo-mas-pode-dificultar-planejamento\/\"},\"author\":{\"name\":\"Assessoria de comunica\u00e7\u00e3o ACRIMAT\",\"@id\":\"https:\/\/acompanheseuprojeto.com.br\/acrimat\/#\/schema\/person\/e9a4d976e539490a6f361f1d7e9b06d6\"},\"headline\":\"Alta do d\u00f3lar traz renda para o campo, mas pode dificultar planejamento\",\"datePublished\":\"2018-05-22T12:51:08+00:00\",\"dateModified\":\"2018-05-22T12:51:08+00:00\",\"mainEntityOfPage\":{\"@id\":\"https:\/\/acompanheseuprojeto.com.br\/acrimat\/alta-do-dolar-traz-renda-para-o-campo-mas-pode-dificultar-planejamento\/\"},\"wordCount\":766,\"publisher\":{\"@id\":\"https:\/\/acompanheseuprojeto.com.br\/acrimat\/#organization\"},\"image\":{\"@id\":\"https:\/\/acompanheseuprojeto.com.br\/acrimat\/alta-do-dolar-traz-renda-para-o-campo-mas-pode-dificultar-planejamento\/#primaryimage\"},\"thumbnailUrl\":\"https:\/\/acompanheseuprojeto.com.br\/acrimat\/wp-content\/uploads\/2017\/12\/agric_money1.jpg\",\"articleSection\":[\"Destaques\",\"Not\u00edcias\"],\"inLanguage\":\"pt-BR\"},{\"@type\":\"WebPage\",\"@id\":\"https:\/\/acompanheseuprojeto.com.br\/acrimat\/alta-do-dolar-traz-renda-para-o-campo-mas-pode-dificultar-planejamento\/\",\"url\":\"https:\/\/acompanheseuprojeto.com.br\/acrimat\/alta-do-dolar-traz-renda-para-o-campo-mas-pode-dificultar-planejamento\/\",\"name\":\"Alta do d\u00f3lar traz renda para o campo, mas pode dificultar planejamento - Acrimat\",\"isPartOf\":{\"@id\":\"https:\/\/acompanheseuprojeto.com.br\/acrimat\/#website\"},\"primaryImageOfPage\":{\"@id\":\"https:\/\/acompanheseuprojeto.com.br\/acrimat\/alta-do-dolar-traz-renda-para-o-campo-mas-pode-dificultar-planejamento\/#primaryimage\"},\"image\":{\"@id\":\"https:\/\/acompanheseuprojeto.com.br\/acrimat\/alta-do-dolar-traz-renda-para-o-campo-mas-pode-dificultar-planejamento\/#primaryimage\"},\"thumbnailUrl\":\"https:\/\/acompanheseuprojeto.com.br\/acrimat\/wp-content\/uploads\/2017\/12\/agric_money1.jpg\",\"datePublished\":\"2018-05-22T12:51:08+00:00\",\"dateModified\":\"2018-05-22T12:51:08+00:00\",\"breadcrumb\":{\"@id\":\"https:\/\/acompanheseuprojeto.com.br\/acrimat\/alta-do-dolar-traz-renda-para-o-campo-mas-pode-dificultar-planejamento\/#breadcrumb\"},\"inLanguage\":\"pt-BR\",\"potentialAction\":[{\"@type\":\"ReadAction\",\"target\":[\"https:\/\/acompanheseuprojeto.com.br\/acrimat\/alta-do-dolar-traz-renda-para-o-campo-mas-pode-dificultar-planejamento\/\"]}]},{\"@type\":\"ImageObject\",\"inLanguage\":\"pt-BR\",\"@id\":\"https:\/\/acompanheseuprojeto.com.br\/acrimat\/alta-do-dolar-traz-renda-para-o-campo-mas-pode-dificultar-planejamento\/#primaryimage\",\"url\":\"https:\/\/acompanheseuprojeto.com.br\/acrimat\/wp-content\/uploads\/2017\/12\/agric_money1.jpg\",\"contentUrl\":\"https:\/\/acompanheseuprojeto.com.br\/acrimat\/wp-content\/uploads\/2017\/12\/agric_money1.jpg\",\"width\":500,\"height\":341},{\"@type\":\"BreadcrumbList\",\"@id\":\"https:\/\/acompanheseuprojeto.com.br\/acrimat\/alta-do-dolar-traz-renda-para-o-campo-mas-pode-dificultar-planejamento\/#breadcrumb\",\"itemListElement\":[{\"@type\":\"ListItem\",\"position\":1,\"name\":\"In\u00edcio\",\"item\":\"https:\/\/acompanheseuprojeto.com.br\/acrimat\/\"},{\"@type\":\"ListItem\",\"position\":2,\"name\":\"Alta do d\u00f3lar traz renda para o campo, mas pode dificultar planejamento\"}]},{\"@type\":\"WebSite\",\"@id\":\"https:\/\/acompanheseuprojeto.com.br\/acrimat\/#website\",\"url\":\"https:\/\/acompanheseuprojeto.com.br\/acrimat\/\",\"name\":\"Acrimat\",\"description\":\"Associa\u00e7\u00e3o dos Criadores de Mato Grosso\",\"publisher\":{\"@id\":\"https:\/\/acompanheseuprojeto.com.br\/acrimat\/#organization\"},\"potentialAction\":[{\"@type\":\"SearchAction\",\"target\":{\"@type\":\"EntryPoint\",\"urlTemplate\":\"https:\/\/acompanheseuprojeto.com.br\/acrimat\/?s={search_term_string}\"},\"query-input\":{\"@type\":\"PropertyValueSpecification\",\"valueRequired\":true,\"valueName\":\"search_term_string\"}}],\"inLanguage\":\"pt-BR\"},{\"@type\":\"Organization\",\"@id\":\"https:\/\/acompanheseuprojeto.com.br\/acrimat\/#organization\",\"name\":\"Associa\u00e7\u00e3o dos Criadores de Mato Grosso\",\"url\":\"https:\/\/acompanheseuprojeto.com.br\/acrimat\/\",\"logo\":{\"@type\":\"ImageObject\",\"inLanguage\":\"pt-BR\",\"@id\":\"https:\/\/acompanheseuprojeto.com.br\/acrimat\/#\/schema\/logo\/image\/\",\"url\":\"https:\/\/acompanheseuprojeto.com.br\/acrimat\/wp-content\/uploads\/2018\/03\/logo-peq-original.png\",\"contentUrl\":\"https:\/\/acompanheseuprojeto.com.br\/acrimat\/wp-content\/uploads\/2018\/03\/logo-peq-original.png\",\"width\":174,\"height\":171,\"caption\":\"Associa\u00e7\u00e3o dos Criadores de Mato Grosso\"},\"image\":{\"@id\":\"https:\/\/acompanheseuprojeto.com.br\/acrimat\/#\/schema\/logo\/image\/\"}},{\"@type\":\"Person\",\"@id\":\"https:\/\/acompanheseuprojeto.com.br\/acrimat\/#\/schema\/person\/e9a4d976e539490a6f361f1d7e9b06d6\",\"name\":\"Assessoria de comunica\u00e7\u00e3o ACRIMAT\",\"image\":{\"@type\":\"ImageObject\",\"inLanguage\":\"pt-BR\",\"@id\":\"https:\/\/acompanheseuprojeto.com.br\/acrimat\/#\/schema\/person\/image\/\",\"url\":\"https:\/\/secure.gravatar.com\/avatar\/e3afbea5798ff5b48efe171056854a37?s=96&d=mm&r=g\",\"contentUrl\":\"https:\/\/secure.gravatar.com\/avatar\/e3afbea5798ff5b48efe171056854a37?s=96&d=mm&r=g\",\"caption\":\"Assessoria de comunica\u00e7\u00e3o ACRIMAT\"},\"sameAs\":[\"http:\/\/acrimat.org.br\/\"],\"url\":\"https:\/\/acompanheseuprojeto.com.br\/acrimat\/author\/ascom\/\"}]}<\/script>\n<!-- \/ Yoast SEO plugin. -->","yoast_head_json":{"title":"Alta do d\u00f3lar traz renda para o campo, mas pode dificultar planejamento - Acrimat","robots":{"index":"index","follow":"follow","max-snippet":"max-snippet:-1","max-image-preview":"max-image-preview:large","max-video-preview":"max-video-preview:-1"},"canonical":"https:\/\/acompanheseuprojeto.com.br\/acrimat\/alta-do-dolar-traz-renda-para-o-campo-mas-pode-dificultar-planejamento\/","og_locale":"pt_BR","og_type":"article","og_title":"Alta do d\u00f3lar traz renda para o campo, mas pode dificultar planejamento - Acrimat","og_description":"Enfraquecimento do real, no entanto, traz eleva\u00e7\u00e3o de custo para produtores","og_url":"https:\/\/acompanheseuprojeto.com.br\/acrimat\/alta-do-dolar-traz-renda-para-o-campo-mas-pode-dificultar-planejamento\/","og_site_name":"Acrimat","article_published_time":"2018-05-22T12:51:08+00:00","og_image":[{"width":500,"height":341,"url":"https:\/\/acompanheseuprojeto.com.br\/acrimat\/wp-content\/uploads\/2017\/12\/agric_money1.jpg","type":"image\/jpeg"}],"author":"Assessoria de comunica\u00e7\u00e3o ACRIMAT","twitter_card":"summary_large_image","twitter_misc":{"Escrito por":"Assessoria de comunica\u00e7\u00e3o ACRIMAT","Est. tempo de leitura":"4 minutos"},"schema":{"@context":"https:\/\/schema.org","@graph":[{"@type":"Article","@id":"https:\/\/acompanheseuprojeto.com.br\/acrimat\/alta-do-dolar-traz-renda-para-o-campo-mas-pode-dificultar-planejamento\/#article","isPartOf":{"@id":"https:\/\/acompanheseuprojeto.com.br\/acrimat\/alta-do-dolar-traz-renda-para-o-campo-mas-pode-dificultar-planejamento\/"},"author":{"name":"Assessoria de comunica\u00e7\u00e3o ACRIMAT","@id":"https:\/\/acompanheseuprojeto.com.br\/acrimat\/#\/schema\/person\/e9a4d976e539490a6f361f1d7e9b06d6"},"headline":"Alta do d\u00f3lar traz renda para o campo, mas pode dificultar planejamento","datePublished":"2018-05-22T12:51:08+00:00","dateModified":"2018-05-22T12:51:08+00:00","mainEntityOfPage":{"@id":"https:\/\/acompanheseuprojeto.com.br\/acrimat\/alta-do-dolar-traz-renda-para-o-campo-mas-pode-dificultar-planejamento\/"},"wordCount":766,"publisher":{"@id":"https:\/\/acompanheseuprojeto.com.br\/acrimat\/#organization"},"image":{"@id":"https:\/\/acompanheseuprojeto.com.br\/acrimat\/alta-do-dolar-traz-renda-para-o-campo-mas-pode-dificultar-planejamento\/#primaryimage"},"thumbnailUrl":"https:\/\/acompanheseuprojeto.com.br\/acrimat\/wp-content\/uploads\/2017\/12\/agric_money1.jpg","articleSection":["Destaques","Not\u00edcias"],"inLanguage":"pt-BR"},{"@type":"WebPage","@id":"https:\/\/acompanheseuprojeto.com.br\/acrimat\/alta-do-dolar-traz-renda-para-o-campo-mas-pode-dificultar-planejamento\/","url":"https:\/\/acompanheseuprojeto.com.br\/acrimat\/alta-do-dolar-traz-renda-para-o-campo-mas-pode-dificultar-planejamento\/","name":"Alta do d\u00f3lar traz renda para o campo, mas pode dificultar planejamento - Acrimat","isPartOf":{"@id":"https:\/\/acompanheseuprojeto.com.br\/acrimat\/#website"},"primaryImageOfPage":{"@id":"https:\/\/acompanheseuprojeto.com.br\/acrimat\/alta-do-dolar-traz-renda-para-o-campo-mas-pode-dificultar-planejamento\/#primaryimage"},"image":{"@id":"https:\/\/acompanheseuprojeto.com.br\/acrimat\/alta-do-dolar-traz-renda-para-o-campo-mas-pode-dificultar-planejamento\/#primaryimage"},"thumbnailUrl":"https:\/\/acompanheseuprojeto.com.br\/acrimat\/wp-content\/uploads\/2017\/12\/agric_money1.jpg","datePublished":"2018-05-22T12:51:08+00:00","dateModified":"2018-05-22T12:51:08+00:00","breadcrumb":{"@id":"https:\/\/acompanheseuprojeto.com.br\/acrimat\/alta-do-dolar-traz-renda-para-o-campo-mas-pode-dificultar-planejamento\/#breadcrumb"},"inLanguage":"pt-BR","potentialAction":[{"@type":"ReadAction","target":["https:\/\/acompanheseuprojeto.com.br\/acrimat\/alta-do-dolar-traz-renda-para-o-campo-mas-pode-dificultar-planejamento\/"]}]},{"@type":"ImageObject","inLanguage":"pt-BR","@id":"https:\/\/acompanheseuprojeto.com.br\/acrimat\/alta-do-dolar-traz-renda-para-o-campo-mas-pode-dificultar-planejamento\/#primaryimage","url":"https:\/\/acompanheseuprojeto.com.br\/acrimat\/wp-content\/uploads\/2017\/12\/agric_money1.jpg","contentUrl":"https:\/\/acompanheseuprojeto.com.br\/acrimat\/wp-content\/uploads\/2017\/12\/agric_money1.jpg","width":500,"height":341},{"@type":"BreadcrumbList","@id":"https:\/\/acompanheseuprojeto.com.br\/acrimat\/alta-do-dolar-traz-renda-para-o-campo-mas-pode-dificultar-planejamento\/#breadcrumb","itemListElement":[{"@type":"ListItem","position":1,"name":"In\u00edcio","item":"https:\/\/acompanheseuprojeto.com.br\/acrimat\/"},{"@type":"ListItem","position":2,"name":"Alta do d\u00f3lar traz renda para o campo, mas pode dificultar planejamento"}]},{"@type":"WebSite","@id":"https:\/\/acompanheseuprojeto.com.br\/acrimat\/#website","url":"https:\/\/acompanheseuprojeto.com.br\/acrimat\/","name":"Acrimat","description":"Associa\u00e7\u00e3o dos Criadores de Mato Grosso","publisher":{"@id":"https:\/\/acompanheseuprojeto.com.br\/acrimat\/#organization"},"potentialAction":[{"@type":"SearchAction","target":{"@type":"EntryPoint","urlTemplate":"https:\/\/acompanheseuprojeto.com.br\/acrimat\/?s={search_term_string}"},"query-input":{"@type":"PropertyValueSpecification","valueRequired":true,"valueName":"search_term_string"}}],"inLanguage":"pt-BR"},{"@type":"Organization","@id":"https:\/\/acompanheseuprojeto.com.br\/acrimat\/#organization","name":"Associa\u00e7\u00e3o dos Criadores de Mato Grosso","url":"https:\/\/acompanheseuprojeto.com.br\/acrimat\/","logo":{"@type":"ImageObject","inLanguage":"pt-BR","@id":"https:\/\/acompanheseuprojeto.com.br\/acrimat\/#\/schema\/logo\/image\/","url":"https:\/\/acompanheseuprojeto.com.br\/acrimat\/wp-content\/uploads\/2018\/03\/logo-peq-original.png","contentUrl":"https:\/\/acompanheseuprojeto.com.br\/acrimat\/wp-content\/uploads\/2018\/03\/logo-peq-original.png","width":174,"height":171,"caption":"Associa\u00e7\u00e3o dos Criadores de Mato Grosso"},"image":{"@id":"https:\/\/acompanheseuprojeto.com.br\/acrimat\/#\/schema\/logo\/image\/"}},{"@type":"Person","@id":"https:\/\/acompanheseuprojeto.com.br\/acrimat\/#\/schema\/person\/e9a4d976e539490a6f361f1d7e9b06d6","name":"Assessoria de comunica\u00e7\u00e3o ACRIMAT","image":{"@type":"ImageObject","inLanguage":"pt-BR","@id":"https:\/\/acompanheseuprojeto.com.br\/acrimat\/#\/schema\/person\/image\/","url":"https:\/\/secure.gravatar.com\/avatar\/e3afbea5798ff5b48efe171056854a37?s=96&d=mm&r=g","contentUrl":"https:\/\/secure.gravatar.com\/avatar\/e3afbea5798ff5b48efe171056854a37?s=96&d=mm&r=g","caption":"Assessoria de comunica\u00e7\u00e3o ACRIMAT"},"sameAs":["http:\/\/acrimat.org.br\/"],"url":"https:\/\/acompanheseuprojeto.com.br\/acrimat\/author\/ascom\/"}]}},"_links":{"self":[{"href":"https:\/\/acompanheseuprojeto.com.br\/acrimat\/wp-json\/wp\/v2\/posts\/97987763","targetHints":{"allow":["GET"]}}],"collection":[{"href":"https:\/\/acompanheseuprojeto.com.br\/acrimat\/wp-json\/wp\/v2\/posts"}],"about":[{"href":"https:\/\/acompanheseuprojeto.com.br\/acrimat\/wp-json\/wp\/v2\/types\/post"}],"author":[{"embeddable":true,"href":"https:\/\/acompanheseuprojeto.com.br\/acrimat\/wp-json\/wp\/v2\/users\/7"}],"replies":[{"embeddable":true,"href":"https:\/\/acompanheseuprojeto.com.br\/acrimat\/wp-json\/wp\/v2\/comments?post=97987763"}],"version-history":[{"count":1,"href":"https:\/\/acompanheseuprojeto.com.br\/acrimat\/wp-json\/wp\/v2\/posts\/97987763\/revisions"}],"predecessor-version":[{"id":97987764,"href":"https:\/\/acompanheseuprojeto.com.br\/acrimat\/wp-json\/wp\/v2\/posts\/97987763\/revisions\/97987764"}],"wp:featuredmedia":[{"embeddable":true,"href":"https:\/\/acompanheseuprojeto.com.br\/acrimat\/wp-json\/wp\/v2\/media\/97985175"}],"wp:attachment":[{"href":"https:\/\/acompanheseuprojeto.com.br\/acrimat\/wp-json\/wp\/v2\/media?parent=97987763"}],"wp:term":[{"taxonomy":"category","embeddable":true,"href":"https:\/\/acompanheseuprojeto.com.br\/acrimat\/wp-json\/wp\/v2\/categories?post=97987763"},{"taxonomy":"post_tag","embeddable":true,"href":"https:\/\/acompanheseuprojeto.com.br\/acrimat\/wp-json\/wp\/v2\/tags?post=97987763"}],"curies":[{"name":"wp","href":"https:\/\/api.w.org\/{rel}","templated":true}]}}