{"id":97987775,"date":"2018-05-23T09:46:36","date_gmt":"2018-05-23T12:46:36","guid":{"rendered":"https:\/\/acompanheseuprojeto.com.br\/acrimat\/?p=97987775"},"modified":"2018-05-23T09:46:36","modified_gmt":"2018-05-23T12:46:36","slug":"ministros-do-stj-palestram-em-cuiaba-nesta-sexta-25","status":"publish","type":"post","link":"https:\/\/acompanheseuprojeto.com.br\/acrimat\/ministros-do-stj-palestram-em-cuiaba-nesta-sexta-25\/","title":{"rendered":"Ministros do STJ palestram em Cuiab\u00e1 nesta sexta (25)"},"content":{"rendered":"<p>Cuiab\u00e1 recebe nesta sexta (25) dois ministros do Superior Tribunal de Justi\u00e7a (STJ) no semin\u00e1rio \u201cA Multidisciplinaridade do Agroneg\u00f3cio e os Reflexos no Sistema Judicial\u201d. O ministro Luiz Felipe Salom\u00e3o realiza palestra a partir das 11h com o tema \u201cSeguran\u00e7a Jur\u00eddica para o Desenvolvimento\u201d. J\u00e1 o ministro Paulo de Tarso Vieira Sanseverino falar\u00e1 sobre \u201cOs contratos do agroneg\u00f3cio brasileiro no \u00e2mbito da legisla\u00e7\u00e3o brasileira\u201d, a partir das 15h, no Cenarium Rural, em Cuiab\u00e1-MT.<\/p>\n<p>O evento \u00e9 realizado pela Federa\u00e7\u00e3o da Agricultura e Pecu\u00e1ria de Mato Grosso (Famato), em parceria com o Servi\u00e7o Nacional de Aprendizagem Rural (Senar-MT) e o Instituto Brasileiro de Estudos Jur\u00eddicos e Multidisciplinares do Agroneg\u00f3cio (IBEJMA). O objetivo \u00e9 estimular o interc\u00e2mbio de informa\u00e7\u00f5es entre o agroneg\u00f3cio e o sistema judici\u00e1rio. O lan\u00e7amento ocorre nesta quinta (24), \u00e0s 19h, com a palestra sobre os impactos econ\u00f4micos da tecnologia, com a professora Martha Gabriel. A programa\u00e7\u00e3o pode ser conferida na \u00edntegra\u00a0<strong><a href=\"http:\/\/www.sistemafamato.org.br\/seminarioagronegocio\/\">aqui<\/a><\/strong><\/p>\n<p>\u201cA presen\u00e7a dos ministros no evento \u00e9 valiosa. Representam a inst\u00e2ncia do Poder Judici\u00e1rio que mais decide sobre temas relativos \u00e0 atividade agropecu\u00e1ria, porque \u00e9 no STJ que se busca harmonizar a interpreta\u00e7\u00e3o das leis federais no nosso Pa\u00eds. \u00c9 l\u00e1 que todos os processos civis e criminais que n\u00e3o s\u00e3o especializados ou de natureza constitucional obter\u00e3o uma decis\u00e3o final\u201d, explica a gestora do N\u00facleo Jur\u00eddico da Famato, Elizete Ara\u00fajo Ramos.<\/p>\n<p>Mas como nem todos os processos envolvendo o setor agropecu\u00e1rio ficam restritos ao Brasil, j\u00e1 que parte da produ\u00e7\u00e3o \u00e9 voltada para a exporta\u00e7\u00e3o, \u00e9 necess\u00e1rio que o produtor rural tamb\u00e9m tenha ci\u00eancia das legisla\u00e7\u00f5es internacionais. Com essa abordagem, Paulo Magalh\u00e3es Nasser, doutor em Direito Processual Civil, conduzir\u00e1 a palestra \u201cContrato Internacional no \u00e2mbito do Agroneg\u00f3cio e seus reflexos no Judici\u00e1rio\u201d. \u201c\u00c9 um conte\u00fado que ser\u00e1 \u00fatil n\u00e3o apenas para os produtores rurais, mas para todos os operadores do Direito, sejam magistrados ou n\u00e3o, que se relacionam com o agroneg\u00f3cio de alguma forma\u201d, salienta Elizete.<\/p>\n<p>A din\u00e2mica do semin\u00e1rio permitir\u00e1 a realiza\u00e7\u00e3o de perguntas aos palestrantes. O evento \u00e9 gratuito e as inscri\u00e7\u00f5es devem ser feitas\u00a0 no site http:\/\/www.sistemafamato.org.br\/seminarioagronegocio\/. Esta \u00e9 a quarta edi\u00e7\u00e3o do semin\u00e1rio, uma iniciativa que a Famato promove em parceria com o Tribunal de Justi\u00e7a de Mato Grosso (TJ-MT) e com as entidades Aprosoja, Ampa, Acrimat e Aprosmat. A Ordem dos Advogados do Brasil de Mato Grosso (OAB-MT) e a a Escola Superior da Magistratura de Mato Grosso (Esmagis-MT) tamb\u00e9m apoiam o evento.<\/p>\n","protected":false},"excerpt":{"rendered":"<p>Cuiab\u00e1 recebe nesta sexta (25) dois ministros do Superior Tribunal de Justi\u00e7a (STJ) no semin\u00e1rio \u201cA Multidisciplinaridade do Agroneg\u00f3cio e os Reflexos no Sistema Judicial\u201d<\/p>\n","protected":false},"author":7,"featured_media":97987776,"comment_status":"closed","ping_status":"closed","sticky":false,"template":"","format":"standard","meta":{"footnotes":""},"categories":[6,1],"tags":[],"class_list":["post-97987775","post","type-post","status-publish","format-standard","has-post-thumbnail","hentry","category-destaque","category-noticia"],"yoast_head":"<!-- This site is optimized with the Yoast SEO plugin v24.2 - https:\/\/yoast.com\/wordpress\/plugins\/seo\/ -->\n<title>Ministros do STJ palestram em Cuiab\u00e1 nesta sexta (25) - Acrimat<\/title>\n<meta name=\"robots\" content=\"index, follow, max-snippet:-1, max-image-preview:large, max-video-preview:-1\" \/>\n<link rel=\"canonical\" href=\"https:\/\/acompanheseuprojeto.com.br\/acrimat\/ministros-do-stj-palestram-em-cuiaba-nesta-sexta-25\/\" \/>\n<meta property=\"og:locale\" content=\"pt_BR\" \/>\n<meta property=\"og:type\" content=\"article\" \/>\n<meta property=\"og:title\" content=\"Ministros do STJ palestram em Cuiab\u00e1 nesta sexta (25) - Acrimat\" \/>\n<meta property=\"og:description\" content=\"Cuiab\u00e1 recebe nesta sexta (25) dois ministros do Superior Tribunal de Justi\u00e7a (STJ) no semin\u00e1rio \u201cA Multidisciplinaridade do Agroneg\u00f3cio e os Reflexos no Sistema Judicial\u201d\" \/>\n<meta property=\"og:url\" content=\"https:\/\/acompanheseuprojeto.com.br\/acrimat\/ministros-do-stj-palestram-em-cuiaba-nesta-sexta-25\/\" \/>\n<meta property=\"og:site_name\" content=\"Acrimat\" \/>\n<meta property=\"article:published_time\" content=\"2018-05-23T12:46:36+00:00\" \/>\n<meta property=\"og:image\" content=\"https:\/\/acompanheseuprojeto.com.br\/acrimat\/wp-content\/uploads\/2018\/05\/5bf0fcf027efe77676bc986dcb542a9c.jpg\" \/>\n\t<meta property=\"og:image:width\" content=\"475\" \/>\n\t<meta property=\"og:image:height\" content=\"317\" \/>\n\t<meta property=\"og:image:type\" content=\"image\/jpeg\" \/>\n<meta name=\"author\" content=\"Assessoria de comunica\u00e7\u00e3o ACRIMAT\" \/>\n<meta name=\"twitter:card\" content=\"summary_large_image\" \/>\n<meta name=\"twitter:label1\" content=\"Escrito por\" \/>\n\t<meta name=\"twitter:data1\" content=\"Assessoria de comunica\u00e7\u00e3o ACRIMAT\" \/>\n\t<meta name=\"twitter:label2\" content=\"Est. tempo de leitura\" \/>\n\t<meta name=\"twitter:data2\" content=\"2 minutos\" \/>\n<script type=\"application\/ld+json\" class=\"yoast-schema-graph\">{\"@context\":\"https:\/\/schema.org\",\"@graph\":[{\"@type\":\"Article\",\"@id\":\"https:\/\/acompanheseuprojeto.com.br\/acrimat\/ministros-do-stj-palestram-em-cuiaba-nesta-sexta-25\/#article\",\"isPartOf\":{\"@id\":\"https:\/\/acompanheseuprojeto.com.br\/acrimat\/ministros-do-stj-palestram-em-cuiaba-nesta-sexta-25\/\"},\"author\":{\"name\":\"Assessoria de comunica\u00e7\u00e3o ACRIMAT\",\"@id\":\"https:\/\/acompanheseuprojeto.com.br\/acrimat\/#\/schema\/person\/e9a4d976e539490a6f361f1d7e9b06d6\"},\"headline\":\"Ministros do STJ palestram em Cuiab\u00e1 nesta sexta (25)\",\"datePublished\":\"2018-05-23T12:46:36+00:00\",\"dateModified\":\"2018-05-23T12:46:36+00:00\",\"mainEntityOfPage\":{\"@id\":\"https:\/\/acompanheseuprojeto.com.br\/acrimat\/ministros-do-stj-palestram-em-cuiaba-nesta-sexta-25\/\"},\"wordCount\":458,\"publisher\":{\"@id\":\"https:\/\/acompanheseuprojeto.com.br\/acrimat\/#organization\"},\"image\":{\"@id\":\"https:\/\/acompanheseuprojeto.com.br\/acrimat\/ministros-do-stj-palestram-em-cuiaba-nesta-sexta-25\/#primaryimage\"},\"thumbnailUrl\":\"https:\/\/acompanheseuprojeto.com.br\/acrimat\/wp-content\/uploads\/2018\/05\/5bf0fcf027efe77676bc986dcb542a9c.jpg\",\"articleSection\":[\"Destaques\",\"Not\u00edcias\"],\"inLanguage\":\"pt-BR\"},{\"@type\":\"WebPage\",\"@id\":\"https:\/\/acompanheseuprojeto.com.br\/acrimat\/ministros-do-stj-palestram-em-cuiaba-nesta-sexta-25\/\",\"url\":\"https:\/\/acompanheseuprojeto.com.br\/acrimat\/ministros-do-stj-palestram-em-cuiaba-nesta-sexta-25\/\",\"name\":\"Ministros do STJ palestram em Cuiab\u00e1 nesta sexta (25) - Acrimat\",\"isPartOf\":{\"@id\":\"https:\/\/acompanheseuprojeto.com.br\/acrimat\/#website\"},\"primaryImageOfPage\":{\"@id\":\"https:\/\/acompanheseuprojeto.com.br\/acrimat\/ministros-do-stj-palestram-em-cuiaba-nesta-sexta-25\/#primaryimage\"},\"image\":{\"@id\":\"https:\/\/acompanheseuprojeto.com.br\/acrimat\/ministros-do-stj-palestram-em-cuiaba-nesta-sexta-25\/#primaryimage\"},\"thumbnailUrl\":\"https:\/\/acompanheseuprojeto.com.br\/acrimat\/wp-content\/uploads\/2018\/05\/5bf0fcf027efe77676bc986dcb542a9c.jpg\",\"datePublished\":\"2018-05-23T12:46:36+00:00\",\"dateModified\":\"2018-05-23T12:46:36+00:00\",\"breadcrumb\":{\"@id\":\"https:\/\/acompanheseuprojeto.com.br\/acrimat\/ministros-do-stj-palestram-em-cuiaba-nesta-sexta-25\/#breadcrumb\"},\"inLanguage\":\"pt-BR\",\"potentialAction\":[{\"@type\":\"ReadAction\",\"target\":[\"https:\/\/acompanheseuprojeto.com.br\/acrimat\/ministros-do-stj-palestram-em-cuiaba-nesta-sexta-25\/\"]}]},{\"@type\":\"ImageObject\",\"inLanguage\":\"pt-BR\",\"@id\":\"https:\/\/acompanheseuprojeto.com.br\/acrimat\/ministros-do-stj-palestram-em-cuiaba-nesta-sexta-25\/#primaryimage\",\"url\":\"https:\/\/acompanheseuprojeto.com.br\/acrimat\/wp-content\/uploads\/2018\/05\/5bf0fcf027efe77676bc986dcb542a9c.jpg\",\"contentUrl\":\"https:\/\/acompanheseuprojeto.com.br\/acrimat\/wp-content\/uploads\/2018\/05\/5bf0fcf027efe77676bc986dcb542a9c.jpg\",\"width\":475,\"height\":317},{\"@type\":\"BreadcrumbList\",\"@id\":\"https:\/\/acompanheseuprojeto.com.br\/acrimat\/ministros-do-stj-palestram-em-cuiaba-nesta-sexta-25\/#breadcrumb\",\"itemListElement\":[{\"@type\":\"ListItem\",\"position\":1,\"name\":\"In\u00edcio\",\"item\":\"https:\/\/acompanheseuprojeto.com.br\/acrimat\/\"},{\"@type\":\"ListItem\",\"position\":2,\"name\":\"Ministros do STJ palestram em Cuiab\u00e1 nesta sexta (25)\"}]},{\"@type\":\"WebSite\",\"@id\":\"https:\/\/acompanheseuprojeto.com.br\/acrimat\/#website\",\"url\":\"https:\/\/acompanheseuprojeto.com.br\/acrimat\/\",\"name\":\"Acrimat\",\"description\":\"Associa\u00e7\u00e3o dos Criadores de Mato Grosso\",\"publisher\":{\"@id\":\"https:\/\/acompanheseuprojeto.com.br\/acrimat\/#organization\"},\"potentialAction\":[{\"@type\":\"SearchAction\",\"target\":{\"@type\":\"EntryPoint\",\"urlTemplate\":\"https:\/\/acompanheseuprojeto.com.br\/acrimat\/?s={search_term_string}\"},\"query-input\":{\"@type\":\"PropertyValueSpecification\",\"valueRequired\":true,\"valueName\":\"search_term_string\"}}],\"inLanguage\":\"pt-BR\"},{\"@type\":\"Organization\",\"@id\":\"https:\/\/acompanheseuprojeto.com.br\/acrimat\/#organization\",\"name\":\"Associa\u00e7\u00e3o dos Criadores de Mato Grosso\",\"url\":\"https:\/\/acompanheseuprojeto.com.br\/acrimat\/\",\"logo\":{\"@type\":\"ImageObject\",\"inLanguage\":\"pt-BR\",\"@id\":\"https:\/\/acompanheseuprojeto.com.br\/acrimat\/#\/schema\/logo\/image\/\",\"url\":\"https:\/\/acompanheseuprojeto.com.br\/acrimat\/wp-content\/uploads\/2018\/03\/logo-peq-original.png\",\"contentUrl\":\"https:\/\/acompanheseuprojeto.com.br\/acrimat\/wp-content\/uploads\/2018\/03\/logo-peq-original.png\",\"width\":174,\"height\":171,\"caption\":\"Associa\u00e7\u00e3o dos Criadores de Mato Grosso\"},\"image\":{\"@id\":\"https:\/\/acompanheseuprojeto.com.br\/acrimat\/#\/schema\/logo\/image\/\"}},{\"@type\":\"Person\",\"@id\":\"https:\/\/acompanheseuprojeto.com.br\/acrimat\/#\/schema\/person\/e9a4d976e539490a6f361f1d7e9b06d6\",\"name\":\"Assessoria de comunica\u00e7\u00e3o ACRIMAT\",\"image\":{\"@type\":\"ImageObject\",\"inLanguage\":\"pt-BR\",\"@id\":\"https:\/\/acompanheseuprojeto.com.br\/acrimat\/#\/schema\/person\/image\/\",\"url\":\"https:\/\/secure.gravatar.com\/avatar\/e3afbea5798ff5b48efe171056854a37?s=96&d=mm&r=g\",\"contentUrl\":\"https:\/\/secure.gravatar.com\/avatar\/e3afbea5798ff5b48efe171056854a37?s=96&d=mm&r=g\",\"caption\":\"Assessoria de comunica\u00e7\u00e3o ACRIMAT\"},\"sameAs\":[\"http:\/\/acrimat.org.br\/\"],\"url\":\"https:\/\/acompanheseuprojeto.com.br\/acrimat\/author\/ascom\/\"}]}<\/script>\n<!-- \/ Yoast SEO plugin. -->","yoast_head_json":{"title":"Ministros do STJ palestram em Cuiab\u00e1 nesta sexta (25) - Acrimat","robots":{"index":"index","follow":"follow","max-snippet":"max-snippet:-1","max-image-preview":"max-image-preview:large","max-video-preview":"max-video-preview:-1"},"canonical":"https:\/\/acompanheseuprojeto.com.br\/acrimat\/ministros-do-stj-palestram-em-cuiaba-nesta-sexta-25\/","og_locale":"pt_BR","og_type":"article","og_title":"Ministros do STJ palestram em Cuiab\u00e1 nesta sexta (25) - Acrimat","og_description":"Cuiab\u00e1 recebe nesta sexta (25) dois ministros do Superior Tribunal de Justi\u00e7a (STJ) no semin\u00e1rio \u201cA Multidisciplinaridade do Agroneg\u00f3cio e os Reflexos no Sistema Judicial\u201d","og_url":"https:\/\/acompanheseuprojeto.com.br\/acrimat\/ministros-do-stj-palestram-em-cuiaba-nesta-sexta-25\/","og_site_name":"Acrimat","article_published_time":"2018-05-23T12:46:36+00:00","og_image":[{"width":475,"height":317,"url":"https:\/\/acompanheseuprojeto.com.br\/acrimat\/wp-content\/uploads\/2018\/05\/5bf0fcf027efe77676bc986dcb542a9c.jpg","type":"image\/jpeg"}],"author":"Assessoria de comunica\u00e7\u00e3o ACRIMAT","twitter_card":"summary_large_image","twitter_misc":{"Escrito por":"Assessoria de comunica\u00e7\u00e3o ACRIMAT","Est. tempo de leitura":"2 minutos"},"schema":{"@context":"https:\/\/schema.org","@graph":[{"@type":"Article","@id":"https:\/\/acompanheseuprojeto.com.br\/acrimat\/ministros-do-stj-palestram-em-cuiaba-nesta-sexta-25\/#article","isPartOf":{"@id":"https:\/\/acompanheseuprojeto.com.br\/acrimat\/ministros-do-stj-palestram-em-cuiaba-nesta-sexta-25\/"},"author":{"name":"Assessoria de comunica\u00e7\u00e3o ACRIMAT","@id":"https:\/\/acompanheseuprojeto.com.br\/acrimat\/#\/schema\/person\/e9a4d976e539490a6f361f1d7e9b06d6"},"headline":"Ministros do STJ palestram em Cuiab\u00e1 nesta sexta (25)","datePublished":"2018-05-23T12:46:36+00:00","dateModified":"2018-05-23T12:46:36+00:00","mainEntityOfPage":{"@id":"https:\/\/acompanheseuprojeto.com.br\/acrimat\/ministros-do-stj-palestram-em-cuiaba-nesta-sexta-25\/"},"wordCount":458,"publisher":{"@id":"https:\/\/acompanheseuprojeto.com.br\/acrimat\/#organization"},"image":{"@id":"https:\/\/acompanheseuprojeto.com.br\/acrimat\/ministros-do-stj-palestram-em-cuiaba-nesta-sexta-25\/#primaryimage"},"thumbnailUrl":"https:\/\/acompanheseuprojeto.com.br\/acrimat\/wp-content\/uploads\/2018\/05\/5bf0fcf027efe77676bc986dcb542a9c.jpg","articleSection":["Destaques","Not\u00edcias"],"inLanguage":"pt-BR"},{"@type":"WebPage","@id":"https:\/\/acompanheseuprojeto.com.br\/acrimat\/ministros-do-stj-palestram-em-cuiaba-nesta-sexta-25\/","url":"https:\/\/acompanheseuprojeto.com.br\/acrimat\/ministros-do-stj-palestram-em-cuiaba-nesta-sexta-25\/","name":"Ministros do STJ palestram em Cuiab\u00e1 nesta sexta (25) - Acrimat","isPartOf":{"@id":"https:\/\/acompanheseuprojeto.com.br\/acrimat\/#website"},"primaryImageOfPage":{"@id":"https:\/\/acompanheseuprojeto.com.br\/acrimat\/ministros-do-stj-palestram-em-cuiaba-nesta-sexta-25\/#primaryimage"},"image":{"@id":"https:\/\/acompanheseuprojeto.com.br\/acrimat\/ministros-do-stj-palestram-em-cuiaba-nesta-sexta-25\/#primaryimage"},"thumbnailUrl":"https:\/\/acompanheseuprojeto.com.br\/acrimat\/wp-content\/uploads\/2018\/05\/5bf0fcf027efe77676bc986dcb542a9c.jpg","datePublished":"2018-05-23T12:46:36+00:00","dateModified":"2018-05-23T12:46:36+00:00","breadcrumb":{"@id":"https:\/\/acompanheseuprojeto.com.br\/acrimat\/ministros-do-stj-palestram-em-cuiaba-nesta-sexta-25\/#breadcrumb"},"inLanguage":"pt-BR","potentialAction":[{"@type":"ReadAction","target":["https:\/\/acompanheseuprojeto.com.br\/acrimat\/ministros-do-stj-palestram-em-cuiaba-nesta-sexta-25\/"]}]},{"@type":"ImageObject","inLanguage":"pt-BR","@id":"https:\/\/acompanheseuprojeto.com.br\/acrimat\/ministros-do-stj-palestram-em-cuiaba-nesta-sexta-25\/#primaryimage","url":"https:\/\/acompanheseuprojeto.com.br\/acrimat\/wp-content\/uploads\/2018\/05\/5bf0fcf027efe77676bc986dcb542a9c.jpg","contentUrl":"https:\/\/acompanheseuprojeto.com.br\/acrimat\/wp-content\/uploads\/2018\/05\/5bf0fcf027efe77676bc986dcb542a9c.jpg","width":475,"height":317},{"@type":"BreadcrumbList","@id":"https:\/\/acompanheseuprojeto.com.br\/acrimat\/ministros-do-stj-palestram-em-cuiaba-nesta-sexta-25\/#breadcrumb","itemListElement":[{"@type":"ListItem","position":1,"name":"In\u00edcio","item":"https:\/\/acompanheseuprojeto.com.br\/acrimat\/"},{"@type":"ListItem","position":2,"name":"Ministros do STJ palestram em Cuiab\u00e1 nesta sexta (25)"}]},{"@type":"WebSite","@id":"https:\/\/acompanheseuprojeto.com.br\/acrimat\/#website","url":"https:\/\/acompanheseuprojeto.com.br\/acrimat\/","name":"Acrimat","description":"Associa\u00e7\u00e3o dos Criadores de Mato Grosso","publisher":{"@id":"https:\/\/acompanheseuprojeto.com.br\/acrimat\/#organization"},"potentialAction":[{"@type":"SearchAction","target":{"@type":"EntryPoint","urlTemplate":"https:\/\/acompanheseuprojeto.com.br\/acrimat\/?s={search_term_string}"},"query-input":{"@type":"PropertyValueSpecification","valueRequired":true,"valueName":"search_term_string"}}],"inLanguage":"pt-BR"},{"@type":"Organization","@id":"https:\/\/acompanheseuprojeto.com.br\/acrimat\/#organization","name":"Associa\u00e7\u00e3o dos Criadores de Mato Grosso","url":"https:\/\/acompanheseuprojeto.com.br\/acrimat\/","logo":{"@type":"ImageObject","inLanguage":"pt-BR","@id":"https:\/\/acompanheseuprojeto.com.br\/acrimat\/#\/schema\/logo\/image\/","url":"https:\/\/acompanheseuprojeto.com.br\/acrimat\/wp-content\/uploads\/2018\/03\/logo-peq-original.png","contentUrl":"https:\/\/acompanheseuprojeto.com.br\/acrimat\/wp-content\/uploads\/2018\/03\/logo-peq-original.png","width":174,"height":171,"caption":"Associa\u00e7\u00e3o dos Criadores de Mato Grosso"},"image":{"@id":"https:\/\/acompanheseuprojeto.com.br\/acrimat\/#\/schema\/logo\/image\/"}},{"@type":"Person","@id":"https:\/\/acompanheseuprojeto.com.br\/acrimat\/#\/schema\/person\/e9a4d976e539490a6f361f1d7e9b06d6","name":"Assessoria de comunica\u00e7\u00e3o ACRIMAT","image":{"@type":"ImageObject","inLanguage":"pt-BR","@id":"https:\/\/acompanheseuprojeto.com.br\/acrimat\/#\/schema\/person\/image\/","url":"https:\/\/secure.gravatar.com\/avatar\/e3afbea5798ff5b48efe171056854a37?s=96&d=mm&r=g","contentUrl":"https:\/\/secure.gravatar.com\/avatar\/e3afbea5798ff5b48efe171056854a37?s=96&d=mm&r=g","caption":"Assessoria de comunica\u00e7\u00e3o ACRIMAT"},"sameAs":["http:\/\/acrimat.org.br\/"],"url":"https:\/\/acompanheseuprojeto.com.br\/acrimat\/author\/ascom\/"}]}},"_links":{"self":[{"href":"https:\/\/acompanheseuprojeto.com.br\/acrimat\/wp-json\/wp\/v2\/posts\/97987775","targetHints":{"allow":["GET"]}}],"collection":[{"href":"https:\/\/acompanheseuprojeto.com.br\/acrimat\/wp-json\/wp\/v2\/posts"}],"about":[{"href":"https:\/\/acompanheseuprojeto.com.br\/acrimat\/wp-json\/wp\/v2\/types\/post"}],"author":[{"embeddable":true,"href":"https:\/\/acompanheseuprojeto.com.br\/acrimat\/wp-json\/wp\/v2\/users\/7"}],"replies":[{"embeddable":true,"href":"https:\/\/acompanheseuprojeto.com.br\/acrimat\/wp-json\/wp\/v2\/comments?post=97987775"}],"version-history":[{"count":1,"href":"https:\/\/acompanheseuprojeto.com.br\/acrimat\/wp-json\/wp\/v2\/posts\/97987775\/revisions"}],"predecessor-version":[{"id":97987777,"href":"https:\/\/acompanheseuprojeto.com.br\/acrimat\/wp-json\/wp\/v2\/posts\/97987775\/revisions\/97987777"}],"wp:featuredmedia":[{"embeddable":true,"href":"https:\/\/acompanheseuprojeto.com.br\/acrimat\/wp-json\/wp\/v2\/media\/97987776"}],"wp:attachment":[{"href":"https:\/\/acompanheseuprojeto.com.br\/acrimat\/wp-json\/wp\/v2\/media?parent=97987775"}],"wp:term":[{"taxonomy":"category","embeddable":true,"href":"https:\/\/acompanheseuprojeto.com.br\/acrimat\/wp-json\/wp\/v2\/categories?post=97987775"},{"taxonomy":"post_tag","embeddable":true,"href":"https:\/\/acompanheseuprojeto.com.br\/acrimat\/wp-json\/wp\/v2\/tags?post=97987775"}],"curies":[{"name":"wp","href":"https:\/\/api.w.org\/{rel}","templated":true}]}}