{"id":97987782,"date":"2018-05-23T10:14:45","date_gmt":"2018-05-23T13:14:45","guid":{"rendered":"https:\/\/acompanheseuprojeto.com.br\/acrimat\/?p=97987782"},"modified":"2018-05-23T10:15:07","modified_gmt":"2018-05-23T13:15:07","slug":"volume-de-animais-tem-ligeira-alta","status":"publish","type":"post","link":"https:\/\/acompanheseuprojeto.com.br\/acrimat\/volume-de-animais-tem-ligeira-alta\/","title":{"rendered":"Volume de animais tem ligeira alta"},"content":{"rendered":"<p>O primeiro levantamento do Instituo Mato-Grossense de Economia Agropecu\u00e1ria (Imea) sobre a inten\u00e7\u00e3o de confinamento em 2018 indica pequena alta de 1,95% com rela\u00e7\u00e3o ao n\u00famero de animais confinados em 2017. De acordo com estudo, solicitado pela Associa\u00e7\u00e3o dos Criadores de Mato Grosso (Acrimat), os produtores pretendem confinar 707.680 cabe\u00e7as este ano.<\/p>\n<p>A pesquisa, realizada no \u00faltimo m\u00eas de abril, aponta para um cen\u00e1rio de cautela e planejamento \u00e0 atividade pecu\u00e1ria de modo geral marcam o desempenho da pecu\u00e1ria este ano. A pesquisa atual mostra um volume 0,83% maior que o apurado em levantamento realizado em abril de 2017, quando foi apurada a inten\u00e7\u00e3o de confinar 701.850 animais, ou seja, h\u00e1 um ano. Este valor, por\u00e9m, n\u00e3o se concretizou e o ano fechou com total de 694.145 animais confinados.<\/p>\n<p>Para o diretor-executivo da Acrimat, Luciano Vacari, os pecuaristas est\u00e3o calculando os custos e a analisando o comportamento do pre\u00e7o da arroba na hora de tomar a decis\u00e3o. \u201cO confinamento \u00e9 atividade que mais exige planejamento para que seja rent\u00e1vel dentro da pecu\u00e1ria. Com alta dos insumos e instabilidade no pre\u00e7o da arroba, os produtores n\u00e3o devem investir na amplia\u00e7\u00e3o do plantel confinado\u201d, afirma Vacari.<\/p>\n<p>Mas o fator que mais tem pesado na tomada de decis\u00e3o \u00e9 o pre\u00e7o da arroba do boi. De janeiro para c\u00e1 houve uma desvaloriza\u00e7\u00e3o de 1,4% e se comparar com a cota\u00e7\u00e3o do mercado futuro a queda \u00e9 de 3%. Em abril de 2017, a arroba do boi para outubro era cotada em R$ 153. Este ano, a arroba do boi para outubro est\u00e1 em R$ 148,75 no mercado futuro (B3) e descontando o diferencial de base, o pre\u00e7o \u00e9 de R$ 131,5 em Mato Grosso.<\/p>\n<p>Esta baixa no pre\u00e7o da arroba desestimulou o produtor a antecipar as vendas. De acordo com o levantamento, somente 3,6% dos bovinos a serem confinados j\u00e1 foram comercializados, o menor \u00edndice da hist\u00f3ria. Ano passado, 8% dos animais confinados foram vendidos antecipadamente e em 2016 a participa\u00e7\u00e3o foi de 42%, variando entre mercado futuro e boi a termo, quando a negocia\u00e7\u00e3o \u00e9 feita diretamente com a ind\u00fastria.<\/p>\n<p>\u201cConsiderando a queda no pre\u00e7o da arroba, aumento de custo do insumo, teremos no mercado de confinamento aqueles que se planejaram e anteciparam as compras. Em julho teremos uma melhor perspectiva de como ser\u00e1 a atividade este ano\u201d, afirma Vacari.<\/p>\n<p>DECIS\u00c3O &#8211; O planejamento inclui o c\u00e1lculo de custo, do pre\u00e7o no mercado futuro e a aquisi\u00e7\u00e3o dos insumos antecipadamente. Este ano, 67,9% dos animais que ser\u00e3o confinados j\u00e1 foram comprados pelos produtores, o que representa mais de 480 mil cabe\u00e7as. Outro insumo importante \u00e9 o chamado proteinados utilizado na alimenta\u00e7\u00e3o. O milho e o farelo de soja est\u00e3o mais caros, enquanto a torta de algod\u00e3o est\u00e1 52% mais barata.<\/p>\n<p>Outra alternativa para este ano ser\u00e1 o DDG (derivado no milho processado na fabrica\u00e7\u00e3o de etanol). Assim, quem j\u00e1 comprou a ra\u00e7\u00e3o no per\u00edodo da safra passada economizou. (MP)<\/p>\n","protected":false},"excerpt":{"rendered":"<p>O primeiro levantamento do Instituo Mato-Grossense de Economia Agropecu\u00e1ria (Imea) sobre a inten\u00e7\u00e3o de confinamento em 2018 indica pequena alta de 1,95% com rela\u00e7\u00e3o ao n\u00famero de animais confinados em 2017.<\/p>\n","protected":false},"author":7,"featured_media":97984897,"comment_status":"closed","ping_status":"closed","sticky":false,"template":"","format":"standard","meta":{"footnotes":""},"categories":[6,1],"tags":[],"class_list":["post-97987782","post","type-post","status-publish","format-standard","has-post-thumbnail","hentry","category-destaque","category-noticia"],"yoast_head":"<!-- This site is optimized with the Yoast SEO plugin v24.2 - https:\/\/yoast.com\/wordpress\/plugins\/seo\/ -->\n<title>Volume de animais tem ligeira alta - Acrimat<\/title>\n<meta name=\"robots\" content=\"index, follow, max-snippet:-1, max-image-preview:large, max-video-preview:-1\" \/>\n<link rel=\"canonical\" href=\"https:\/\/acompanheseuprojeto.com.br\/acrimat\/volume-de-animais-tem-ligeira-alta\/\" \/>\n<meta property=\"og:locale\" content=\"pt_BR\" \/>\n<meta property=\"og:type\" content=\"article\" \/>\n<meta property=\"og:title\" content=\"Volume de animais tem ligeira alta - Acrimat\" \/>\n<meta property=\"og:description\" content=\"O primeiro levantamento do Instituo Mato-Grossense de Economia Agropecu\u00e1ria (Imea) sobre a inten\u00e7\u00e3o de confinamento em 2018 indica pequena alta de 1,95% com rela\u00e7\u00e3o ao n\u00famero de animais confinados em 2017.\" \/>\n<meta property=\"og:url\" content=\"https:\/\/acompanheseuprojeto.com.br\/acrimat\/volume-de-animais-tem-ligeira-alta\/\" \/>\n<meta property=\"og:site_name\" content=\"Acrimat\" \/>\n<meta property=\"article:published_time\" content=\"2018-05-23T13:14:45+00:00\" \/>\n<meta property=\"article:modified_time\" content=\"2018-05-23T13:15:07+00:00\" \/>\n<meta property=\"og:image\" content=\"https:\/\/acompanheseuprojeto.com.br\/acrimat\/wp-content\/uploads\/2017\/11\/confinamento.jpg\" \/>\n\t<meta property=\"og:image:width\" content=\"470\" \/>\n\t<meta property=\"og:image:height\" content=\"353\" \/>\n\t<meta property=\"og:image:type\" content=\"image\/jpeg\" \/>\n<meta name=\"author\" content=\"Assessoria de comunica\u00e7\u00e3o ACRIMAT\" \/>\n<meta name=\"twitter:card\" content=\"summary_large_image\" \/>\n<meta name=\"twitter:label1\" content=\"Escrito por\" \/>\n\t<meta name=\"twitter:data1\" content=\"Assessoria de comunica\u00e7\u00e3o ACRIMAT\" \/>\n\t<meta name=\"twitter:label2\" content=\"Est. tempo de leitura\" \/>\n\t<meta name=\"twitter:data2\" content=\"3 minutos\" \/>\n<script type=\"application\/ld+json\" class=\"yoast-schema-graph\">{\"@context\":\"https:\/\/schema.org\",\"@graph\":[{\"@type\":\"Article\",\"@id\":\"https:\/\/acompanheseuprojeto.com.br\/acrimat\/volume-de-animais-tem-ligeira-alta\/#article\",\"isPartOf\":{\"@id\":\"https:\/\/acompanheseuprojeto.com.br\/acrimat\/volume-de-animais-tem-ligeira-alta\/\"},\"author\":{\"name\":\"Assessoria de comunica\u00e7\u00e3o ACRIMAT\",\"@id\":\"https:\/\/acompanheseuprojeto.com.br\/acrimat\/#\/schema\/person\/e9a4d976e539490a6f361f1d7e9b06d6\"},\"headline\":\"Volume de animais tem ligeira alta\",\"datePublished\":\"2018-05-23T13:14:45+00:00\",\"dateModified\":\"2018-05-23T13:15:07+00:00\",\"mainEntityOfPage\":{\"@id\":\"https:\/\/acompanheseuprojeto.com.br\/acrimat\/volume-de-animais-tem-ligeira-alta\/\"},\"wordCount\":509,\"publisher\":{\"@id\":\"https:\/\/acompanheseuprojeto.com.br\/acrimat\/#organization\"},\"image\":{\"@id\":\"https:\/\/acompanheseuprojeto.com.br\/acrimat\/volume-de-animais-tem-ligeira-alta\/#primaryimage\"},\"thumbnailUrl\":\"https:\/\/acompanheseuprojeto.com.br\/acrimat\/wp-content\/uploads\/2017\/11\/confinamento.jpg\",\"articleSection\":[\"Destaques\",\"Not\u00edcias\"],\"inLanguage\":\"pt-BR\"},{\"@type\":\"WebPage\",\"@id\":\"https:\/\/acompanheseuprojeto.com.br\/acrimat\/volume-de-animais-tem-ligeira-alta\/\",\"url\":\"https:\/\/acompanheseuprojeto.com.br\/acrimat\/volume-de-animais-tem-ligeira-alta\/\",\"name\":\"Volume de animais tem ligeira alta - Acrimat\",\"isPartOf\":{\"@id\":\"https:\/\/acompanheseuprojeto.com.br\/acrimat\/#website\"},\"primaryImageOfPage\":{\"@id\":\"https:\/\/acompanheseuprojeto.com.br\/acrimat\/volume-de-animais-tem-ligeira-alta\/#primaryimage\"},\"image\":{\"@id\":\"https:\/\/acompanheseuprojeto.com.br\/acrimat\/volume-de-animais-tem-ligeira-alta\/#primaryimage\"},\"thumbnailUrl\":\"https:\/\/acompanheseuprojeto.com.br\/acrimat\/wp-content\/uploads\/2017\/11\/confinamento.jpg\",\"datePublished\":\"2018-05-23T13:14:45+00:00\",\"dateModified\":\"2018-05-23T13:15:07+00:00\",\"breadcrumb\":{\"@id\":\"https:\/\/acompanheseuprojeto.com.br\/acrimat\/volume-de-animais-tem-ligeira-alta\/#breadcrumb\"},\"inLanguage\":\"pt-BR\",\"potentialAction\":[{\"@type\":\"ReadAction\",\"target\":[\"https:\/\/acompanheseuprojeto.com.br\/acrimat\/volume-de-animais-tem-ligeira-alta\/\"]}]},{\"@type\":\"ImageObject\",\"inLanguage\":\"pt-BR\",\"@id\":\"https:\/\/acompanheseuprojeto.com.br\/acrimat\/volume-de-animais-tem-ligeira-alta\/#primaryimage\",\"url\":\"https:\/\/acompanheseuprojeto.com.br\/acrimat\/wp-content\/uploads\/2017\/11\/confinamento.jpg\",\"contentUrl\":\"https:\/\/acompanheseuprojeto.com.br\/acrimat\/wp-content\/uploads\/2017\/11\/confinamento.jpg\",\"width\":470,\"height\":353},{\"@type\":\"BreadcrumbList\",\"@id\":\"https:\/\/acompanheseuprojeto.com.br\/acrimat\/volume-de-animais-tem-ligeira-alta\/#breadcrumb\",\"itemListElement\":[{\"@type\":\"ListItem\",\"position\":1,\"name\":\"In\u00edcio\",\"item\":\"https:\/\/acompanheseuprojeto.com.br\/acrimat\/\"},{\"@type\":\"ListItem\",\"position\":2,\"name\":\"Volume de animais tem ligeira alta\"}]},{\"@type\":\"WebSite\",\"@id\":\"https:\/\/acompanheseuprojeto.com.br\/acrimat\/#website\",\"url\":\"https:\/\/acompanheseuprojeto.com.br\/acrimat\/\",\"name\":\"Acrimat\",\"description\":\"Associa\u00e7\u00e3o dos Criadores de Mato Grosso\",\"publisher\":{\"@id\":\"https:\/\/acompanheseuprojeto.com.br\/acrimat\/#organization\"},\"potentialAction\":[{\"@type\":\"SearchAction\",\"target\":{\"@type\":\"EntryPoint\",\"urlTemplate\":\"https:\/\/acompanheseuprojeto.com.br\/acrimat\/?s={search_term_string}\"},\"query-input\":{\"@type\":\"PropertyValueSpecification\",\"valueRequired\":true,\"valueName\":\"search_term_string\"}}],\"inLanguage\":\"pt-BR\"},{\"@type\":\"Organization\",\"@id\":\"https:\/\/acompanheseuprojeto.com.br\/acrimat\/#organization\",\"name\":\"Associa\u00e7\u00e3o dos Criadores de Mato Grosso\",\"url\":\"https:\/\/acompanheseuprojeto.com.br\/acrimat\/\",\"logo\":{\"@type\":\"ImageObject\",\"inLanguage\":\"pt-BR\",\"@id\":\"https:\/\/acompanheseuprojeto.com.br\/acrimat\/#\/schema\/logo\/image\/\",\"url\":\"https:\/\/acompanheseuprojeto.com.br\/acrimat\/wp-content\/uploads\/2018\/03\/logo-peq-original.png\",\"contentUrl\":\"https:\/\/acompanheseuprojeto.com.br\/acrimat\/wp-content\/uploads\/2018\/03\/logo-peq-original.png\",\"width\":174,\"height\":171,\"caption\":\"Associa\u00e7\u00e3o dos Criadores de Mato Grosso\"},\"image\":{\"@id\":\"https:\/\/acompanheseuprojeto.com.br\/acrimat\/#\/schema\/logo\/image\/\"}},{\"@type\":\"Person\",\"@id\":\"https:\/\/acompanheseuprojeto.com.br\/acrimat\/#\/schema\/person\/e9a4d976e539490a6f361f1d7e9b06d6\",\"name\":\"Assessoria de comunica\u00e7\u00e3o ACRIMAT\",\"image\":{\"@type\":\"ImageObject\",\"inLanguage\":\"pt-BR\",\"@id\":\"https:\/\/acompanheseuprojeto.com.br\/acrimat\/#\/schema\/person\/image\/\",\"url\":\"https:\/\/secure.gravatar.com\/avatar\/e3afbea5798ff5b48efe171056854a37?s=96&d=mm&r=g\",\"contentUrl\":\"https:\/\/secure.gravatar.com\/avatar\/e3afbea5798ff5b48efe171056854a37?s=96&d=mm&r=g\",\"caption\":\"Assessoria de comunica\u00e7\u00e3o ACRIMAT\"},\"sameAs\":[\"http:\/\/acrimat.org.br\/\"],\"url\":\"https:\/\/acompanheseuprojeto.com.br\/acrimat\/author\/ascom\/\"}]}<\/script>\n<!-- \/ Yoast SEO plugin. -->","yoast_head_json":{"title":"Volume de animais tem ligeira alta - Acrimat","robots":{"index":"index","follow":"follow","max-snippet":"max-snippet:-1","max-image-preview":"max-image-preview:large","max-video-preview":"max-video-preview:-1"},"canonical":"https:\/\/acompanheseuprojeto.com.br\/acrimat\/volume-de-animais-tem-ligeira-alta\/","og_locale":"pt_BR","og_type":"article","og_title":"Volume de animais tem ligeira alta - Acrimat","og_description":"O primeiro levantamento do Instituo Mato-Grossense de Economia Agropecu\u00e1ria (Imea) sobre a inten\u00e7\u00e3o de confinamento em 2018 indica pequena alta de 1,95% com rela\u00e7\u00e3o ao n\u00famero de animais confinados em 2017.","og_url":"https:\/\/acompanheseuprojeto.com.br\/acrimat\/volume-de-animais-tem-ligeira-alta\/","og_site_name":"Acrimat","article_published_time":"2018-05-23T13:14:45+00:00","article_modified_time":"2018-05-23T13:15:07+00:00","og_image":[{"width":470,"height":353,"url":"https:\/\/acompanheseuprojeto.com.br\/acrimat\/wp-content\/uploads\/2017\/11\/confinamento.jpg","type":"image\/jpeg"}],"author":"Assessoria de comunica\u00e7\u00e3o ACRIMAT","twitter_card":"summary_large_image","twitter_misc":{"Escrito por":"Assessoria de comunica\u00e7\u00e3o ACRIMAT","Est. tempo de leitura":"3 minutos"},"schema":{"@context":"https:\/\/schema.org","@graph":[{"@type":"Article","@id":"https:\/\/acompanheseuprojeto.com.br\/acrimat\/volume-de-animais-tem-ligeira-alta\/#article","isPartOf":{"@id":"https:\/\/acompanheseuprojeto.com.br\/acrimat\/volume-de-animais-tem-ligeira-alta\/"},"author":{"name":"Assessoria de comunica\u00e7\u00e3o ACRIMAT","@id":"https:\/\/acompanheseuprojeto.com.br\/acrimat\/#\/schema\/person\/e9a4d976e539490a6f361f1d7e9b06d6"},"headline":"Volume de animais tem ligeira alta","datePublished":"2018-05-23T13:14:45+00:00","dateModified":"2018-05-23T13:15:07+00:00","mainEntityOfPage":{"@id":"https:\/\/acompanheseuprojeto.com.br\/acrimat\/volume-de-animais-tem-ligeira-alta\/"},"wordCount":509,"publisher":{"@id":"https:\/\/acompanheseuprojeto.com.br\/acrimat\/#organization"},"image":{"@id":"https:\/\/acompanheseuprojeto.com.br\/acrimat\/volume-de-animais-tem-ligeira-alta\/#primaryimage"},"thumbnailUrl":"https:\/\/acompanheseuprojeto.com.br\/acrimat\/wp-content\/uploads\/2017\/11\/confinamento.jpg","articleSection":["Destaques","Not\u00edcias"],"inLanguage":"pt-BR"},{"@type":"WebPage","@id":"https:\/\/acompanheseuprojeto.com.br\/acrimat\/volume-de-animais-tem-ligeira-alta\/","url":"https:\/\/acompanheseuprojeto.com.br\/acrimat\/volume-de-animais-tem-ligeira-alta\/","name":"Volume de animais tem ligeira alta - Acrimat","isPartOf":{"@id":"https:\/\/acompanheseuprojeto.com.br\/acrimat\/#website"},"primaryImageOfPage":{"@id":"https:\/\/acompanheseuprojeto.com.br\/acrimat\/volume-de-animais-tem-ligeira-alta\/#primaryimage"},"image":{"@id":"https:\/\/acompanheseuprojeto.com.br\/acrimat\/volume-de-animais-tem-ligeira-alta\/#primaryimage"},"thumbnailUrl":"https:\/\/acompanheseuprojeto.com.br\/acrimat\/wp-content\/uploads\/2017\/11\/confinamento.jpg","datePublished":"2018-05-23T13:14:45+00:00","dateModified":"2018-05-23T13:15:07+00:00","breadcrumb":{"@id":"https:\/\/acompanheseuprojeto.com.br\/acrimat\/volume-de-animais-tem-ligeira-alta\/#breadcrumb"},"inLanguage":"pt-BR","potentialAction":[{"@type":"ReadAction","target":["https:\/\/acompanheseuprojeto.com.br\/acrimat\/volume-de-animais-tem-ligeira-alta\/"]}]},{"@type":"ImageObject","inLanguage":"pt-BR","@id":"https:\/\/acompanheseuprojeto.com.br\/acrimat\/volume-de-animais-tem-ligeira-alta\/#primaryimage","url":"https:\/\/acompanheseuprojeto.com.br\/acrimat\/wp-content\/uploads\/2017\/11\/confinamento.jpg","contentUrl":"https:\/\/acompanheseuprojeto.com.br\/acrimat\/wp-content\/uploads\/2017\/11\/confinamento.jpg","width":470,"height":353},{"@type":"BreadcrumbList","@id":"https:\/\/acompanheseuprojeto.com.br\/acrimat\/volume-de-animais-tem-ligeira-alta\/#breadcrumb","itemListElement":[{"@type":"ListItem","position":1,"name":"In\u00edcio","item":"https:\/\/acompanheseuprojeto.com.br\/acrimat\/"},{"@type":"ListItem","position":2,"name":"Volume de animais tem ligeira alta"}]},{"@type":"WebSite","@id":"https:\/\/acompanheseuprojeto.com.br\/acrimat\/#website","url":"https:\/\/acompanheseuprojeto.com.br\/acrimat\/","name":"Acrimat","description":"Associa\u00e7\u00e3o dos Criadores de Mato Grosso","publisher":{"@id":"https:\/\/acompanheseuprojeto.com.br\/acrimat\/#organization"},"potentialAction":[{"@type":"SearchAction","target":{"@type":"EntryPoint","urlTemplate":"https:\/\/acompanheseuprojeto.com.br\/acrimat\/?s={search_term_string}"},"query-input":{"@type":"PropertyValueSpecification","valueRequired":true,"valueName":"search_term_string"}}],"inLanguage":"pt-BR"},{"@type":"Organization","@id":"https:\/\/acompanheseuprojeto.com.br\/acrimat\/#organization","name":"Associa\u00e7\u00e3o dos Criadores de Mato Grosso","url":"https:\/\/acompanheseuprojeto.com.br\/acrimat\/","logo":{"@type":"ImageObject","inLanguage":"pt-BR","@id":"https:\/\/acompanheseuprojeto.com.br\/acrimat\/#\/schema\/logo\/image\/","url":"https:\/\/acompanheseuprojeto.com.br\/acrimat\/wp-content\/uploads\/2018\/03\/logo-peq-original.png","contentUrl":"https:\/\/acompanheseuprojeto.com.br\/acrimat\/wp-content\/uploads\/2018\/03\/logo-peq-original.png","width":174,"height":171,"caption":"Associa\u00e7\u00e3o dos Criadores de Mato Grosso"},"image":{"@id":"https:\/\/acompanheseuprojeto.com.br\/acrimat\/#\/schema\/logo\/image\/"}},{"@type":"Person","@id":"https:\/\/acompanheseuprojeto.com.br\/acrimat\/#\/schema\/person\/e9a4d976e539490a6f361f1d7e9b06d6","name":"Assessoria de comunica\u00e7\u00e3o ACRIMAT","image":{"@type":"ImageObject","inLanguage":"pt-BR","@id":"https:\/\/acompanheseuprojeto.com.br\/acrimat\/#\/schema\/person\/image\/","url":"https:\/\/secure.gravatar.com\/avatar\/e3afbea5798ff5b48efe171056854a37?s=96&d=mm&r=g","contentUrl":"https:\/\/secure.gravatar.com\/avatar\/e3afbea5798ff5b48efe171056854a37?s=96&d=mm&r=g","caption":"Assessoria de comunica\u00e7\u00e3o ACRIMAT"},"sameAs":["http:\/\/acrimat.org.br\/"],"url":"https:\/\/acompanheseuprojeto.com.br\/acrimat\/author\/ascom\/"}]}},"_links":{"self":[{"href":"https:\/\/acompanheseuprojeto.com.br\/acrimat\/wp-json\/wp\/v2\/posts\/97987782","targetHints":{"allow":["GET"]}}],"collection":[{"href":"https:\/\/acompanheseuprojeto.com.br\/acrimat\/wp-json\/wp\/v2\/posts"}],"about":[{"href":"https:\/\/acompanheseuprojeto.com.br\/acrimat\/wp-json\/wp\/v2\/types\/post"}],"author":[{"embeddable":true,"href":"https:\/\/acompanheseuprojeto.com.br\/acrimat\/wp-json\/wp\/v2\/users\/7"}],"replies":[{"embeddable":true,"href":"https:\/\/acompanheseuprojeto.com.br\/acrimat\/wp-json\/wp\/v2\/comments?post=97987782"}],"version-history":[{"count":1,"href":"https:\/\/acompanheseuprojeto.com.br\/acrimat\/wp-json\/wp\/v2\/posts\/97987782\/revisions"}],"predecessor-version":[{"id":97987783,"href":"https:\/\/acompanheseuprojeto.com.br\/acrimat\/wp-json\/wp\/v2\/posts\/97987782\/revisions\/97987783"}],"wp:featuredmedia":[{"embeddable":true,"href":"https:\/\/acompanheseuprojeto.com.br\/acrimat\/wp-json\/wp\/v2\/media\/97984897"}],"wp:attachment":[{"href":"https:\/\/acompanheseuprojeto.com.br\/acrimat\/wp-json\/wp\/v2\/media?parent=97987782"}],"wp:term":[{"taxonomy":"category","embeddable":true,"href":"https:\/\/acompanheseuprojeto.com.br\/acrimat\/wp-json\/wp\/v2\/categories?post=97987782"},{"taxonomy":"post_tag","embeddable":true,"href":"https:\/\/acompanheseuprojeto.com.br\/acrimat\/wp-json\/wp\/v2\/tags?post=97987782"}],"curies":[{"name":"wp","href":"https:\/\/api.w.org\/{rel}","templated":true}]}}