{"id":97987810,"date":"2018-05-25T11:01:19","date_gmt":"2018-05-25T14:01:19","guid":{"rendered":"https:\/\/acompanheseuprojeto.com.br\/acrimat\/?p=97987810"},"modified":"2018-05-25T11:01:19","modified_gmt":"2018-05-25T14:01:19","slug":"suinos-morrem-em-granjas-e-acrismat-aciona-justica","status":"publish","type":"post","link":"https:\/\/acompanheseuprojeto.com.br\/acrimat\/suinos-morrem-em-granjas-e-acrismat-aciona-justica\/","title":{"rendered":"Su\u00ednos morrem em granjas e Acrismat aciona Justi\u00e7a"},"content":{"rendered":"<p>Produtos de su\u00ednos de todo o estado est\u00e3o desesperados sem ter como alimentar os animais. Com a parada dos caminhoneiros, que j\u00e1 se estende por quatro dias, a ra\u00e7\u00e3o direcionada aos su\u00ednos n\u00e3o chega ao destino final e j\u00e1 h\u00e1 registro de morte de animais nas granjas. Os criadores de gado ainda n\u00e3o sentem os reflexos do movimento.<\/p>\n<p>Diante da situa\u00e7\u00e3o extrema, a Associa\u00e7\u00e3o dos Criadores de Su\u00ednos de Mato Grosso (ACRISMAT) acionou a Justi\u00e7a para que, por meio de liminar, os grevistas permitam o trafego de caminh\u00f5es de ra\u00e7\u00e3o, para reverter o quadro de fome nas granjas.<\/p>\n<p>Conforme o diretor da Associa\u00e7\u00e3o, Cust\u00f3dio Rodrigues, o fornecimento de mat\u00e9ria prima para ao frigor\u00edficos de su\u00ednos n\u00e3o \u00e9 a preocupa\u00e7\u00e3o, uma vez que os caminh\u00e3o que transportam carga viva est\u00e3o circulando. O ponto alarmante \u00e9 quanto ao abastecimento do alimento para a cria\u00e7\u00e3o.<\/p>\n<p>\u201cPedidos a sensibilidade dos grevistas, pois h\u00e1 granjas com 10 mil animais e sem ter como aliment\u00e1-los. A prote\u00edna do farelo de soja n\u00e3o sai das fabricas por causa da greve. Os animais est\u00e3o sendo alimentados apenas com milho, o que n\u00e3o \u00e9 suficiente. H\u00e1 granjas que j\u00e1 registram a mortalidade dos animais. Isso \u00e9 um retrocesso. \u00c9 uma situa\u00e7\u00e3o desesperadora\u201d, afirma Rodrigues.<\/p>\n<p>O diretor pontua que, devido a incerteza de reabastecimento, foi impetrada a\u00e7\u00e3o na Justi\u00e7a para que seja reabastecidos os armaz\u00e9ns de ra\u00e7\u00e3o.<\/p>\n<p>A Associa\u00e7\u00e3o dos Criadores de Mato Grosso (Acrimat), por meio de sua assessoria, informou que os criadores de gado ainda n\u00e3o sentem os preju\u00edzos expressivos causados pela greve, visto o abate foi suspenso e os animais est\u00e3o mantidos no pasto. Os pecuaristas n\u00e3o t\u00eam os animais em confinamento nessa \u00e9poca do ano. Al\u00e9m disso o transito de carga vida ainda est\u00e1 sendo feito.<\/p>\n","protected":false},"excerpt":{"rendered":"<p>Produtos de su\u00ednos de todo o estado est\u00e3o desesperados sem ter como alimentar os animais.<\/p>\n","protected":false},"author":7,"featured_media":97987811,"comment_status":"closed","ping_status":"closed","sticky":false,"template":"","format":"standard","meta":{"footnotes":""},"categories":[6,1],"tags":[],"class_list":["post-97987810","post","type-post","status-publish","format-standard","has-post-thumbnail","hentry","category-destaque","category-noticia"],"yoast_head":"<!-- This site is optimized with the Yoast SEO plugin v24.2 - https:\/\/yoast.com\/wordpress\/plugins\/seo\/ -->\n<title>Su\u00ednos morrem em granjas e Acrismat aciona Justi\u00e7a - Acrimat<\/title>\n<meta name=\"robots\" content=\"index, follow, max-snippet:-1, max-image-preview:large, max-video-preview:-1\" \/>\n<link rel=\"canonical\" href=\"https:\/\/acompanheseuprojeto.com.br\/acrimat\/suinos-morrem-em-granjas-e-acrismat-aciona-justica\/\" \/>\n<meta property=\"og:locale\" content=\"pt_BR\" \/>\n<meta property=\"og:type\" content=\"article\" \/>\n<meta property=\"og:title\" content=\"Su\u00ednos morrem em granjas e Acrismat aciona Justi\u00e7a - Acrimat\" \/>\n<meta property=\"og:description\" content=\"Produtos de su\u00ednos de todo o estado est\u00e3o desesperados sem ter como alimentar os animais.\" \/>\n<meta property=\"og:url\" content=\"https:\/\/acompanheseuprojeto.com.br\/acrimat\/suinos-morrem-em-granjas-e-acrismat-aciona-justica\/\" \/>\n<meta property=\"og:site_name\" content=\"Acrimat\" \/>\n<meta property=\"article:published_time\" content=\"2018-05-25T14:01:19+00:00\" \/>\n<meta property=\"og:image\" content=\"https:\/\/acompanheseuprojeto.com.br\/acrimat\/wp-content\/uploads\/2018\/05\/3747803406_a74aef400a_o-2.jpg\" \/>\n\t<meta property=\"og:image:width\" content=\"599\" \/>\n\t<meta property=\"og:image:height\" content=\"587\" \/>\n\t<meta property=\"og:image:type\" content=\"image\/jpeg\" \/>\n<meta name=\"author\" content=\"Assessoria de comunica\u00e7\u00e3o ACRIMAT\" \/>\n<meta name=\"twitter:card\" content=\"summary_large_image\" \/>\n<meta name=\"twitter:label1\" content=\"Escrito por\" \/>\n\t<meta name=\"twitter:data1\" content=\"Assessoria de comunica\u00e7\u00e3o ACRIMAT\" \/>\n\t<meta name=\"twitter:label2\" content=\"Est. tempo de leitura\" \/>\n\t<meta name=\"twitter:data2\" content=\"2 minutos\" \/>\n<script type=\"application\/ld+json\" class=\"yoast-schema-graph\">{\"@context\":\"https:\/\/schema.org\",\"@graph\":[{\"@type\":\"Article\",\"@id\":\"https:\/\/acompanheseuprojeto.com.br\/acrimat\/suinos-morrem-em-granjas-e-acrismat-aciona-justica\/#article\",\"isPartOf\":{\"@id\":\"https:\/\/acompanheseuprojeto.com.br\/acrimat\/suinos-morrem-em-granjas-e-acrismat-aciona-justica\/\"},\"author\":{\"name\":\"Assessoria de comunica\u00e7\u00e3o ACRIMAT\",\"@id\":\"https:\/\/acompanheseuprojeto.com.br\/acrimat\/#\/schema\/person\/e9a4d976e539490a6f361f1d7e9b06d6\"},\"headline\":\"Su\u00ednos morrem em granjas e Acrismat aciona Justi\u00e7a\",\"datePublished\":\"2018-05-25T14:01:19+00:00\",\"dateModified\":\"2018-05-25T14:01:19+00:00\",\"mainEntityOfPage\":{\"@id\":\"https:\/\/acompanheseuprojeto.com.br\/acrimat\/suinos-morrem-em-granjas-e-acrismat-aciona-justica\/\"},\"wordCount\":333,\"publisher\":{\"@id\":\"https:\/\/acompanheseuprojeto.com.br\/acrimat\/#organization\"},\"image\":{\"@id\":\"https:\/\/acompanheseuprojeto.com.br\/acrimat\/suinos-morrem-em-granjas-e-acrismat-aciona-justica\/#primaryimage\"},\"thumbnailUrl\":\"https:\/\/acompanheseuprojeto.com.br\/acrimat\/wp-content\/uploads\/2018\/05\/3747803406_a74aef400a_o-2.jpg\",\"articleSection\":[\"Destaques\",\"Not\u00edcias\"],\"inLanguage\":\"pt-BR\"},{\"@type\":\"WebPage\",\"@id\":\"https:\/\/acompanheseuprojeto.com.br\/acrimat\/suinos-morrem-em-granjas-e-acrismat-aciona-justica\/\",\"url\":\"https:\/\/acompanheseuprojeto.com.br\/acrimat\/suinos-morrem-em-granjas-e-acrismat-aciona-justica\/\",\"name\":\"Su\u00ednos morrem em granjas e Acrismat aciona Justi\u00e7a - Acrimat\",\"isPartOf\":{\"@id\":\"https:\/\/acompanheseuprojeto.com.br\/acrimat\/#website\"},\"primaryImageOfPage\":{\"@id\":\"https:\/\/acompanheseuprojeto.com.br\/acrimat\/suinos-morrem-em-granjas-e-acrismat-aciona-justica\/#primaryimage\"},\"image\":{\"@id\":\"https:\/\/acompanheseuprojeto.com.br\/acrimat\/suinos-morrem-em-granjas-e-acrismat-aciona-justica\/#primaryimage\"},\"thumbnailUrl\":\"https:\/\/acompanheseuprojeto.com.br\/acrimat\/wp-content\/uploads\/2018\/05\/3747803406_a74aef400a_o-2.jpg\",\"datePublished\":\"2018-05-25T14:01:19+00:00\",\"dateModified\":\"2018-05-25T14:01:19+00:00\",\"breadcrumb\":{\"@id\":\"https:\/\/acompanheseuprojeto.com.br\/acrimat\/suinos-morrem-em-granjas-e-acrismat-aciona-justica\/#breadcrumb\"},\"inLanguage\":\"pt-BR\",\"potentialAction\":[{\"@type\":\"ReadAction\",\"target\":[\"https:\/\/acompanheseuprojeto.com.br\/acrimat\/suinos-morrem-em-granjas-e-acrismat-aciona-justica\/\"]}]},{\"@type\":\"ImageObject\",\"inLanguage\":\"pt-BR\",\"@id\":\"https:\/\/acompanheseuprojeto.com.br\/acrimat\/suinos-morrem-em-granjas-e-acrismat-aciona-justica\/#primaryimage\",\"url\":\"https:\/\/acompanheseuprojeto.com.br\/acrimat\/wp-content\/uploads\/2018\/05\/3747803406_a74aef400a_o-2.jpg\",\"contentUrl\":\"https:\/\/acompanheseuprojeto.com.br\/acrimat\/wp-content\/uploads\/2018\/05\/3747803406_a74aef400a_o-2.jpg\",\"width\":599,\"height\":587},{\"@type\":\"BreadcrumbList\",\"@id\":\"https:\/\/acompanheseuprojeto.com.br\/acrimat\/suinos-morrem-em-granjas-e-acrismat-aciona-justica\/#breadcrumb\",\"itemListElement\":[{\"@type\":\"ListItem\",\"position\":1,\"name\":\"In\u00edcio\",\"item\":\"https:\/\/acompanheseuprojeto.com.br\/acrimat\/\"},{\"@type\":\"ListItem\",\"position\":2,\"name\":\"Su\u00ednos morrem em granjas e Acrismat aciona Justi\u00e7a\"}]},{\"@type\":\"WebSite\",\"@id\":\"https:\/\/acompanheseuprojeto.com.br\/acrimat\/#website\",\"url\":\"https:\/\/acompanheseuprojeto.com.br\/acrimat\/\",\"name\":\"Acrimat\",\"description\":\"Associa\u00e7\u00e3o dos Criadores de Mato Grosso\",\"publisher\":{\"@id\":\"https:\/\/acompanheseuprojeto.com.br\/acrimat\/#organization\"},\"potentialAction\":[{\"@type\":\"SearchAction\",\"target\":{\"@type\":\"EntryPoint\",\"urlTemplate\":\"https:\/\/acompanheseuprojeto.com.br\/acrimat\/?s={search_term_string}\"},\"query-input\":{\"@type\":\"PropertyValueSpecification\",\"valueRequired\":true,\"valueName\":\"search_term_string\"}}],\"inLanguage\":\"pt-BR\"},{\"@type\":\"Organization\",\"@id\":\"https:\/\/acompanheseuprojeto.com.br\/acrimat\/#organization\",\"name\":\"Associa\u00e7\u00e3o dos Criadores de Mato Grosso\",\"url\":\"https:\/\/acompanheseuprojeto.com.br\/acrimat\/\",\"logo\":{\"@type\":\"ImageObject\",\"inLanguage\":\"pt-BR\",\"@id\":\"https:\/\/acompanheseuprojeto.com.br\/acrimat\/#\/schema\/logo\/image\/\",\"url\":\"https:\/\/acompanheseuprojeto.com.br\/acrimat\/wp-content\/uploads\/2018\/03\/logo-peq-original.png\",\"contentUrl\":\"https:\/\/acompanheseuprojeto.com.br\/acrimat\/wp-content\/uploads\/2018\/03\/logo-peq-original.png\",\"width\":174,\"height\":171,\"caption\":\"Associa\u00e7\u00e3o dos Criadores de Mato Grosso\"},\"image\":{\"@id\":\"https:\/\/acompanheseuprojeto.com.br\/acrimat\/#\/schema\/logo\/image\/\"}},{\"@type\":\"Person\",\"@id\":\"https:\/\/acompanheseuprojeto.com.br\/acrimat\/#\/schema\/person\/e9a4d976e539490a6f361f1d7e9b06d6\",\"name\":\"Assessoria de comunica\u00e7\u00e3o ACRIMAT\",\"image\":{\"@type\":\"ImageObject\",\"inLanguage\":\"pt-BR\",\"@id\":\"https:\/\/acompanheseuprojeto.com.br\/acrimat\/#\/schema\/person\/image\/\",\"url\":\"https:\/\/secure.gravatar.com\/avatar\/e3afbea5798ff5b48efe171056854a37?s=96&d=mm&r=g\",\"contentUrl\":\"https:\/\/secure.gravatar.com\/avatar\/e3afbea5798ff5b48efe171056854a37?s=96&d=mm&r=g\",\"caption\":\"Assessoria de comunica\u00e7\u00e3o ACRIMAT\"},\"sameAs\":[\"http:\/\/acrimat.org.br\/\"],\"url\":\"https:\/\/acompanheseuprojeto.com.br\/acrimat\/author\/ascom\/\"}]}<\/script>\n<!-- \/ Yoast SEO plugin. -->","yoast_head_json":{"title":"Su\u00ednos morrem em granjas e Acrismat aciona Justi\u00e7a - Acrimat","robots":{"index":"index","follow":"follow","max-snippet":"max-snippet:-1","max-image-preview":"max-image-preview:large","max-video-preview":"max-video-preview:-1"},"canonical":"https:\/\/acompanheseuprojeto.com.br\/acrimat\/suinos-morrem-em-granjas-e-acrismat-aciona-justica\/","og_locale":"pt_BR","og_type":"article","og_title":"Su\u00ednos morrem em granjas e Acrismat aciona Justi\u00e7a - Acrimat","og_description":"Produtos de su\u00ednos de todo o estado est\u00e3o desesperados sem ter como alimentar os animais.","og_url":"https:\/\/acompanheseuprojeto.com.br\/acrimat\/suinos-morrem-em-granjas-e-acrismat-aciona-justica\/","og_site_name":"Acrimat","article_published_time":"2018-05-25T14:01:19+00:00","og_image":[{"width":599,"height":587,"url":"https:\/\/acompanheseuprojeto.com.br\/acrimat\/wp-content\/uploads\/2018\/05\/3747803406_a74aef400a_o-2.jpg","type":"image\/jpeg"}],"author":"Assessoria de comunica\u00e7\u00e3o ACRIMAT","twitter_card":"summary_large_image","twitter_misc":{"Escrito por":"Assessoria de comunica\u00e7\u00e3o ACRIMAT","Est. tempo de leitura":"2 minutos"},"schema":{"@context":"https:\/\/schema.org","@graph":[{"@type":"Article","@id":"https:\/\/acompanheseuprojeto.com.br\/acrimat\/suinos-morrem-em-granjas-e-acrismat-aciona-justica\/#article","isPartOf":{"@id":"https:\/\/acompanheseuprojeto.com.br\/acrimat\/suinos-morrem-em-granjas-e-acrismat-aciona-justica\/"},"author":{"name":"Assessoria de comunica\u00e7\u00e3o ACRIMAT","@id":"https:\/\/acompanheseuprojeto.com.br\/acrimat\/#\/schema\/person\/e9a4d976e539490a6f361f1d7e9b06d6"},"headline":"Su\u00ednos morrem em granjas e Acrismat aciona Justi\u00e7a","datePublished":"2018-05-25T14:01:19+00:00","dateModified":"2018-05-25T14:01:19+00:00","mainEntityOfPage":{"@id":"https:\/\/acompanheseuprojeto.com.br\/acrimat\/suinos-morrem-em-granjas-e-acrismat-aciona-justica\/"},"wordCount":333,"publisher":{"@id":"https:\/\/acompanheseuprojeto.com.br\/acrimat\/#organization"},"image":{"@id":"https:\/\/acompanheseuprojeto.com.br\/acrimat\/suinos-morrem-em-granjas-e-acrismat-aciona-justica\/#primaryimage"},"thumbnailUrl":"https:\/\/acompanheseuprojeto.com.br\/acrimat\/wp-content\/uploads\/2018\/05\/3747803406_a74aef400a_o-2.jpg","articleSection":["Destaques","Not\u00edcias"],"inLanguage":"pt-BR"},{"@type":"WebPage","@id":"https:\/\/acompanheseuprojeto.com.br\/acrimat\/suinos-morrem-em-granjas-e-acrismat-aciona-justica\/","url":"https:\/\/acompanheseuprojeto.com.br\/acrimat\/suinos-morrem-em-granjas-e-acrismat-aciona-justica\/","name":"Su\u00ednos morrem em granjas e Acrismat aciona Justi\u00e7a - Acrimat","isPartOf":{"@id":"https:\/\/acompanheseuprojeto.com.br\/acrimat\/#website"},"primaryImageOfPage":{"@id":"https:\/\/acompanheseuprojeto.com.br\/acrimat\/suinos-morrem-em-granjas-e-acrismat-aciona-justica\/#primaryimage"},"image":{"@id":"https:\/\/acompanheseuprojeto.com.br\/acrimat\/suinos-morrem-em-granjas-e-acrismat-aciona-justica\/#primaryimage"},"thumbnailUrl":"https:\/\/acompanheseuprojeto.com.br\/acrimat\/wp-content\/uploads\/2018\/05\/3747803406_a74aef400a_o-2.jpg","datePublished":"2018-05-25T14:01:19+00:00","dateModified":"2018-05-25T14:01:19+00:00","breadcrumb":{"@id":"https:\/\/acompanheseuprojeto.com.br\/acrimat\/suinos-morrem-em-granjas-e-acrismat-aciona-justica\/#breadcrumb"},"inLanguage":"pt-BR","potentialAction":[{"@type":"ReadAction","target":["https:\/\/acompanheseuprojeto.com.br\/acrimat\/suinos-morrem-em-granjas-e-acrismat-aciona-justica\/"]}]},{"@type":"ImageObject","inLanguage":"pt-BR","@id":"https:\/\/acompanheseuprojeto.com.br\/acrimat\/suinos-morrem-em-granjas-e-acrismat-aciona-justica\/#primaryimage","url":"https:\/\/acompanheseuprojeto.com.br\/acrimat\/wp-content\/uploads\/2018\/05\/3747803406_a74aef400a_o-2.jpg","contentUrl":"https:\/\/acompanheseuprojeto.com.br\/acrimat\/wp-content\/uploads\/2018\/05\/3747803406_a74aef400a_o-2.jpg","width":599,"height":587},{"@type":"BreadcrumbList","@id":"https:\/\/acompanheseuprojeto.com.br\/acrimat\/suinos-morrem-em-granjas-e-acrismat-aciona-justica\/#breadcrumb","itemListElement":[{"@type":"ListItem","position":1,"name":"In\u00edcio","item":"https:\/\/acompanheseuprojeto.com.br\/acrimat\/"},{"@type":"ListItem","position":2,"name":"Su\u00ednos morrem em granjas e Acrismat aciona Justi\u00e7a"}]},{"@type":"WebSite","@id":"https:\/\/acompanheseuprojeto.com.br\/acrimat\/#website","url":"https:\/\/acompanheseuprojeto.com.br\/acrimat\/","name":"Acrimat","description":"Associa\u00e7\u00e3o dos Criadores de Mato Grosso","publisher":{"@id":"https:\/\/acompanheseuprojeto.com.br\/acrimat\/#organization"},"potentialAction":[{"@type":"SearchAction","target":{"@type":"EntryPoint","urlTemplate":"https:\/\/acompanheseuprojeto.com.br\/acrimat\/?s={search_term_string}"},"query-input":{"@type":"PropertyValueSpecification","valueRequired":true,"valueName":"search_term_string"}}],"inLanguage":"pt-BR"},{"@type":"Organization","@id":"https:\/\/acompanheseuprojeto.com.br\/acrimat\/#organization","name":"Associa\u00e7\u00e3o dos Criadores de Mato Grosso","url":"https:\/\/acompanheseuprojeto.com.br\/acrimat\/","logo":{"@type":"ImageObject","inLanguage":"pt-BR","@id":"https:\/\/acompanheseuprojeto.com.br\/acrimat\/#\/schema\/logo\/image\/","url":"https:\/\/acompanheseuprojeto.com.br\/acrimat\/wp-content\/uploads\/2018\/03\/logo-peq-original.png","contentUrl":"https:\/\/acompanheseuprojeto.com.br\/acrimat\/wp-content\/uploads\/2018\/03\/logo-peq-original.png","width":174,"height":171,"caption":"Associa\u00e7\u00e3o dos Criadores de Mato Grosso"},"image":{"@id":"https:\/\/acompanheseuprojeto.com.br\/acrimat\/#\/schema\/logo\/image\/"}},{"@type":"Person","@id":"https:\/\/acompanheseuprojeto.com.br\/acrimat\/#\/schema\/person\/e9a4d976e539490a6f361f1d7e9b06d6","name":"Assessoria de comunica\u00e7\u00e3o ACRIMAT","image":{"@type":"ImageObject","inLanguage":"pt-BR","@id":"https:\/\/acompanheseuprojeto.com.br\/acrimat\/#\/schema\/person\/image\/","url":"https:\/\/secure.gravatar.com\/avatar\/e3afbea5798ff5b48efe171056854a37?s=96&d=mm&r=g","contentUrl":"https:\/\/secure.gravatar.com\/avatar\/e3afbea5798ff5b48efe171056854a37?s=96&d=mm&r=g","caption":"Assessoria de comunica\u00e7\u00e3o ACRIMAT"},"sameAs":["http:\/\/acrimat.org.br\/"],"url":"https:\/\/acompanheseuprojeto.com.br\/acrimat\/author\/ascom\/"}]}},"_links":{"self":[{"href":"https:\/\/acompanheseuprojeto.com.br\/acrimat\/wp-json\/wp\/v2\/posts\/97987810","targetHints":{"allow":["GET"]}}],"collection":[{"href":"https:\/\/acompanheseuprojeto.com.br\/acrimat\/wp-json\/wp\/v2\/posts"}],"about":[{"href":"https:\/\/acompanheseuprojeto.com.br\/acrimat\/wp-json\/wp\/v2\/types\/post"}],"author":[{"embeddable":true,"href":"https:\/\/acompanheseuprojeto.com.br\/acrimat\/wp-json\/wp\/v2\/users\/7"}],"replies":[{"embeddable":true,"href":"https:\/\/acompanheseuprojeto.com.br\/acrimat\/wp-json\/wp\/v2\/comments?post=97987810"}],"version-history":[{"count":1,"href":"https:\/\/acompanheseuprojeto.com.br\/acrimat\/wp-json\/wp\/v2\/posts\/97987810\/revisions"}],"predecessor-version":[{"id":97987812,"href":"https:\/\/acompanheseuprojeto.com.br\/acrimat\/wp-json\/wp\/v2\/posts\/97987810\/revisions\/97987812"}],"wp:featuredmedia":[{"embeddable":true,"href":"https:\/\/acompanheseuprojeto.com.br\/acrimat\/wp-json\/wp\/v2\/media\/97987811"}],"wp:attachment":[{"href":"https:\/\/acompanheseuprojeto.com.br\/acrimat\/wp-json\/wp\/v2\/media?parent=97987810"}],"wp:term":[{"taxonomy":"category","embeddable":true,"href":"https:\/\/acompanheseuprojeto.com.br\/acrimat\/wp-json\/wp\/v2\/categories?post=97987810"},{"taxonomy":"post_tag","embeddable":true,"href":"https:\/\/acompanheseuprojeto.com.br\/acrimat\/wp-json\/wp\/v2\/tags?post=97987810"}],"curies":[{"name":"wp","href":"https:\/\/api.w.org\/{rel}","templated":true}]}}