{"id":97987834,"date":"2018-05-28T10:25:55","date_gmt":"2018-05-28T13:25:55","guid":{"rendered":"https:\/\/acompanheseuprojeto.com.br\/acrimat\/?p=97987834"},"modified":"2018-05-28T10:25:55","modified_gmt":"2018-05-28T13:25:55","slug":"oferta-de-carnes-pode-levar-dois-meses-para-se-normalizar-diz-abpa","status":"publish","type":"post","link":"https:\/\/acompanheseuprojeto.com.br\/acrimat\/oferta-de-carnes-pode-levar-dois-meses-para-se-normalizar-diz-abpa\/","title":{"rendered":"Oferta de carnes pode levar dois meses para se normalizar, diz ABPA"},"content":{"rendered":"<p>A Associa\u00e7\u00e3o Brasileira de Prote\u00edna Animal (ABPA) divulgou uma nota neste domingo, dia 27, em que lamenta anunciar que a mortandade animal j\u00e1 \u00e9 uma realidade devido \u00e0 falta de condi\u00e7\u00f5es minimamente aceit\u00e1veis de espa\u00e7o e quantidade de ra\u00e7\u00e3o. Um bilh\u00e3o de aves e 20 milh\u00f5es de su\u00ednos est\u00e3o recebendo alimenta\u00e7\u00e3o insuficiente.\u00a0&#8216;\u00c9 importante que todos saibam: ap\u00f3s o final da greve, a regulariza\u00e7\u00e3o do abastecimento de alimentos para a popula\u00e7\u00e3o poder\u00e1 levar at\u00e9 dois meses&#8221;, alerta.<\/p>\n<p>No fim deste domingo, o presidente Michel Temer se reuniu com representantes do agroneg\u00f3cio,\u00a0que apresentaram a situa\u00e7\u00e3o grave enfrentada. O vice-Presidente e diretor de mercados da ABPA, Ricardo Santin, enviou um v\u00eddeo exclusivo falando sobre o encontro.\u00a0Confira!<\/p>\n<p><a href=\"http:\/\/www.canalrural.com.br\/noticias\/pecuaria\/oferta-carnes-pode-levar-dois-meses-para-normalizar-diz-abpa-74770\" target=\"_blank\" rel=\"noopener\"><img fetchpriority=\"high\" decoding=\"async\" class=\"size-medium wp-image-97987835 aligncenter\" src=\"https:\/\/acompanheseuprojeto.com.br\/acrimat\/wp-content\/uploads\/2018\/05\/3c947e7d1d52bb8c8e54073ca87261b8-300x169.jpg\" alt=\"\" width=\"300\" height=\"169\" srcset=\"https:\/\/acompanheseuprojeto.com.br\/acrimat\/wp-content\/uploads\/2018\/05\/3c947e7d1d52bb8c8e54073ca87261b8-300x169.jpg 300w, https:\/\/acompanheseuprojeto.com.br\/acrimat\/wp-content\/uploads\/2018\/05\/3c947e7d1d52bb8c8e54073ca87261b8-768x433.jpg 768w, https:\/\/acompanheseuprojeto.com.br\/acrimat\/wp-content\/uploads\/2018\/05\/3c947e7d1d52bb8c8e54073ca87261b8-250x141.jpg 250w, https:\/\/acompanheseuprojeto.com.br\/acrimat\/wp-content\/uploads\/2018\/05\/3c947e7d1d52bb8c8e54073ca87261b8-550x310.jpg 550w, https:\/\/acompanheseuprojeto.com.br\/acrimat\/wp-content\/uploads\/2018\/05\/3c947e7d1d52bb8c8e54073ca87261b8-800x451.jpg 800w, https:\/\/acompanheseuprojeto.com.br\/acrimat\/wp-content\/uploads\/2018\/05\/3c947e7d1d52bb8c8e54073ca87261b8-320x180.jpg 320w, https:\/\/acompanheseuprojeto.com.br\/acrimat\/wp-content\/uploads\/2018\/05\/3c947e7d1d52bb8c8e54073ca87261b8-533x300.jpg 533w, https:\/\/acompanheseuprojeto.com.br\/acrimat\/wp-content\/uploads\/2018\/05\/3c947e7d1d52bb8c8e54073ca87261b8.jpg 852w\" sizes=\"(max-width: 300px) 100vw, 300px\" \/><\/a><\/p>\n<p><strong>Entenda a situa\u00e7\u00e3o<\/strong><\/p>\n<p>Segundo a ABPA, com risco de canibaliza\u00e7\u00e3o e condi\u00e7\u00f5es cr\u00edticas para os animais, 64 milh\u00f5es de aves adultas e pintinhos j\u00e1 morreram, e um n\u00famero maior dever\u00e1 ser sacrificado em cumprimento \u00e0s recomenda\u00e7\u00f5es da Organiza\u00e7\u00e3o Mundial de Sa\u00fade Animal e das normas sanit\u00e1rias vigentes no Brasil. Milh\u00f5es de su\u00ednos tamb\u00e9m est\u00e3o amea\u00e7ados.<\/p>\n<p>De acordo com a associa\u00e7\u00e3o, a\u00a0mortandade cria uma grave barreira para a recupera\u00e7\u00e3o da produ\u00e7\u00e3o do setor nas pr\u00f3ximas semanas e meses. &#8220;As carnes su\u00edna, de frango e os ovos, prote\u00ednas que antes eram abundantes e com pre\u00e7os acess\u00edveis, poder\u00e3o se tornar significativamente mais caras ao consumidor caso a greve se estenda ainda mais. O velho fantasma da infla\u00e7\u00e3o poder\u00e1 assombrar o pa\u00eds, pelo menos at\u00e9 que ocorra o restabelecimento da produ\u00e7\u00e3o. Os menos favorecidos ser\u00e3o os mais prejudicados&#8221;, defende.<\/p>\n<p>A ABPA registrou, neste domingo, 167 plantas frigor\u00edficas de aves e su\u00ednos paradas. Mais de 234 mil trabalhadores est\u00e3o com atividades suspensas. &#8220;Hoje, depois de um dia pesado, conseguimos farelo de soja em duas plantas, mas tem outras 15 f\u00e1bricas em que n\u00e3o conseguimos nada. Tem pequenos acordos com os grevistas que entendem a situa\u00e7\u00e3o para liberar as entregas de ra\u00e7\u00e3o, mas como n\u00e3o tem mais mat\u00e9ria-prima, j\u00e1 n\u00e3o adiantar\u00e1 muito a partir de amanh\u00e3. Vai morrer muito frango e su\u00edno de fome&#8221;, contou um diretor de uma das maiores agroind\u00fastrias do pa\u00eds, em conversa com o Canal Rural.<\/p>\n<p><strong>Poss\u00edveis problemas sanit\u00e1rios<\/strong><\/p>\n<p>A Associa\u00e7\u00e3o dos Criadores de Su\u00ednos de Mato Grosso (Acrismat) tamb\u00e9m destacou o estado abarrotado das granjas. A entidade afirma que os preju\u00edzos podem ir muito al\u00e9m, causando at\u00e9 mesmo problemas sanit\u00e1rios. \u201cA desnutri\u00e7\u00e3o dos animais alojados afeta diretamente o bem-estar animal e coloca em risco a sanidade, j\u00e1 que sem nutri\u00e7\u00e3o a imunidade cai, abrindo portas para enfermidades. Al\u00e9m disso, o correto descarte de res\u00edduos de produ\u00e7\u00e3o est\u00e1 impossibilitado, e pode provocar impacto ambiental\u201d.<\/p>\n","protected":false},"excerpt":{"rendered":"<p>Associa\u00e7\u00e3o registra 167 plantas frigor\u00edficas de aves e su\u00ednos paradas. Mais de 234 mil trabalhadores est\u00e3o com atividades suspensas<\/p>\n","protected":false},"author":7,"featured_media":97985477,"comment_status":"closed","ping_status":"closed","sticky":false,"template":"","format":"standard","meta":{"footnotes":""},"categories":[6,1],"tags":[],"class_list":["post-97987834","post","type-post","status-publish","format-standard","has-post-thumbnail","hentry","category-destaque","category-noticia"],"yoast_head":"<!-- This site is optimized with the Yoast SEO plugin v24.2 - https:\/\/yoast.com\/wordpress\/plugins\/seo\/ -->\n<title>Oferta de carnes pode levar dois meses para se normalizar, diz ABPA - Acrimat<\/title>\n<meta name=\"robots\" content=\"index, follow, max-snippet:-1, max-image-preview:large, max-video-preview:-1\" \/>\n<link rel=\"canonical\" href=\"https:\/\/acompanheseuprojeto.com.br\/acrimat\/oferta-de-carnes-pode-levar-dois-meses-para-se-normalizar-diz-abpa\/\" \/>\n<meta property=\"og:locale\" content=\"pt_BR\" \/>\n<meta property=\"og:type\" content=\"article\" \/>\n<meta property=\"og:title\" content=\"Oferta de carnes pode levar dois meses para se normalizar, diz ABPA - Acrimat\" \/>\n<meta property=\"og:description\" content=\"Associa\u00e7\u00e3o registra 167 plantas frigor\u00edficas de aves e su\u00ednos paradas. Mais de 234 mil trabalhadores est\u00e3o com atividades suspensas\" \/>\n<meta property=\"og:url\" content=\"https:\/\/acompanheseuprojeto.com.br\/acrimat\/oferta-de-carnes-pode-levar-dois-meses-para-se-normalizar-diz-abpa\/\" \/>\n<meta property=\"og:site_name\" content=\"Acrimat\" \/>\n<meta property=\"article:published_time\" content=\"2018-05-28T13:25:55+00:00\" \/>\n<meta property=\"og:image\" content=\"https:\/\/acompanheseuprojeto.com.br\/acrimat\/wp-content\/uploads\/2018\/01\/frigorifico-672x372.jpg\" \/>\n\t<meta property=\"og:image:width\" content=\"672\" \/>\n\t<meta property=\"og:image:height\" content=\"372\" \/>\n\t<meta property=\"og:image:type\" content=\"image\/jpeg\" \/>\n<meta name=\"author\" content=\"Assessoria de comunica\u00e7\u00e3o ACRIMAT\" \/>\n<meta name=\"twitter:card\" content=\"summary_large_image\" \/>\n<meta name=\"twitter:label1\" content=\"Escrito por\" \/>\n\t<meta name=\"twitter:data1\" content=\"Assessoria de comunica\u00e7\u00e3o ACRIMAT\" \/>\n\t<meta name=\"twitter:label2\" content=\"Est. tempo de leitura\" \/>\n\t<meta name=\"twitter:data2\" content=\"2 minutos\" \/>\n<script type=\"application\/ld+json\" class=\"yoast-schema-graph\">{\"@context\":\"https:\/\/schema.org\",\"@graph\":[{\"@type\":\"Article\",\"@id\":\"https:\/\/acompanheseuprojeto.com.br\/acrimat\/oferta-de-carnes-pode-levar-dois-meses-para-se-normalizar-diz-abpa\/#article\",\"isPartOf\":{\"@id\":\"https:\/\/acompanheseuprojeto.com.br\/acrimat\/oferta-de-carnes-pode-levar-dois-meses-para-se-normalizar-diz-abpa\/\"},\"author\":{\"name\":\"Assessoria de comunica\u00e7\u00e3o ACRIMAT\",\"@id\":\"https:\/\/acompanheseuprojeto.com.br\/acrimat\/#\/schema\/person\/e9a4d976e539490a6f361f1d7e9b06d6\"},\"headline\":\"Oferta de carnes pode levar dois meses para se normalizar, diz ABPA\",\"datePublished\":\"2018-05-28T13:25:55+00:00\",\"dateModified\":\"2018-05-28T13:25:55+00:00\",\"mainEntityOfPage\":{\"@id\":\"https:\/\/acompanheseuprojeto.com.br\/acrimat\/oferta-de-carnes-pode-levar-dois-meses-para-se-normalizar-diz-abpa\/\"},\"wordCount\":503,\"publisher\":{\"@id\":\"https:\/\/acompanheseuprojeto.com.br\/acrimat\/#organization\"},\"image\":{\"@id\":\"https:\/\/acompanheseuprojeto.com.br\/acrimat\/oferta-de-carnes-pode-levar-dois-meses-para-se-normalizar-diz-abpa\/#primaryimage\"},\"thumbnailUrl\":\"https:\/\/acompanheseuprojeto.com.br\/acrimat\/wp-content\/uploads\/2018\/01\/frigorifico-672x372.jpg\",\"articleSection\":[\"Destaques\",\"Not\u00edcias\"],\"inLanguage\":\"pt-BR\"},{\"@type\":\"WebPage\",\"@id\":\"https:\/\/acompanheseuprojeto.com.br\/acrimat\/oferta-de-carnes-pode-levar-dois-meses-para-se-normalizar-diz-abpa\/\",\"url\":\"https:\/\/acompanheseuprojeto.com.br\/acrimat\/oferta-de-carnes-pode-levar-dois-meses-para-se-normalizar-diz-abpa\/\",\"name\":\"Oferta de carnes pode levar dois meses para se normalizar, diz ABPA - Acrimat\",\"isPartOf\":{\"@id\":\"https:\/\/acompanheseuprojeto.com.br\/acrimat\/#website\"},\"primaryImageOfPage\":{\"@id\":\"https:\/\/acompanheseuprojeto.com.br\/acrimat\/oferta-de-carnes-pode-levar-dois-meses-para-se-normalizar-diz-abpa\/#primaryimage\"},\"image\":{\"@id\":\"https:\/\/acompanheseuprojeto.com.br\/acrimat\/oferta-de-carnes-pode-levar-dois-meses-para-se-normalizar-diz-abpa\/#primaryimage\"},\"thumbnailUrl\":\"https:\/\/acompanheseuprojeto.com.br\/acrimat\/wp-content\/uploads\/2018\/01\/frigorifico-672x372.jpg\",\"datePublished\":\"2018-05-28T13:25:55+00:00\",\"dateModified\":\"2018-05-28T13:25:55+00:00\",\"breadcrumb\":{\"@id\":\"https:\/\/acompanheseuprojeto.com.br\/acrimat\/oferta-de-carnes-pode-levar-dois-meses-para-se-normalizar-diz-abpa\/#breadcrumb\"},\"inLanguage\":\"pt-BR\",\"potentialAction\":[{\"@type\":\"ReadAction\",\"target\":[\"https:\/\/acompanheseuprojeto.com.br\/acrimat\/oferta-de-carnes-pode-levar-dois-meses-para-se-normalizar-diz-abpa\/\"]}]},{\"@type\":\"ImageObject\",\"inLanguage\":\"pt-BR\",\"@id\":\"https:\/\/acompanheseuprojeto.com.br\/acrimat\/oferta-de-carnes-pode-levar-dois-meses-para-se-normalizar-diz-abpa\/#primaryimage\",\"url\":\"https:\/\/acompanheseuprojeto.com.br\/acrimat\/wp-content\/uploads\/2018\/01\/frigorifico-672x372.jpg\",\"contentUrl\":\"https:\/\/acompanheseuprojeto.com.br\/acrimat\/wp-content\/uploads\/2018\/01\/frigorifico-672x372.jpg\",\"width\":672,\"height\":372},{\"@type\":\"BreadcrumbList\",\"@id\":\"https:\/\/acompanheseuprojeto.com.br\/acrimat\/oferta-de-carnes-pode-levar-dois-meses-para-se-normalizar-diz-abpa\/#breadcrumb\",\"itemListElement\":[{\"@type\":\"ListItem\",\"position\":1,\"name\":\"In\u00edcio\",\"item\":\"https:\/\/acompanheseuprojeto.com.br\/acrimat\/\"},{\"@type\":\"ListItem\",\"position\":2,\"name\":\"Oferta de carnes pode levar dois meses para se normalizar, diz ABPA\"}]},{\"@type\":\"WebSite\",\"@id\":\"https:\/\/acompanheseuprojeto.com.br\/acrimat\/#website\",\"url\":\"https:\/\/acompanheseuprojeto.com.br\/acrimat\/\",\"name\":\"Acrimat\",\"description\":\"Associa\u00e7\u00e3o dos Criadores de Mato Grosso\",\"publisher\":{\"@id\":\"https:\/\/acompanheseuprojeto.com.br\/acrimat\/#organization\"},\"potentialAction\":[{\"@type\":\"SearchAction\",\"target\":{\"@type\":\"EntryPoint\",\"urlTemplate\":\"https:\/\/acompanheseuprojeto.com.br\/acrimat\/?s={search_term_string}\"},\"query-input\":{\"@type\":\"PropertyValueSpecification\",\"valueRequired\":true,\"valueName\":\"search_term_string\"}}],\"inLanguage\":\"pt-BR\"},{\"@type\":\"Organization\",\"@id\":\"https:\/\/acompanheseuprojeto.com.br\/acrimat\/#organization\",\"name\":\"Associa\u00e7\u00e3o dos Criadores de Mato Grosso\",\"url\":\"https:\/\/acompanheseuprojeto.com.br\/acrimat\/\",\"logo\":{\"@type\":\"ImageObject\",\"inLanguage\":\"pt-BR\",\"@id\":\"https:\/\/acompanheseuprojeto.com.br\/acrimat\/#\/schema\/logo\/image\/\",\"url\":\"https:\/\/acompanheseuprojeto.com.br\/acrimat\/wp-content\/uploads\/2018\/03\/logo-peq-original.png\",\"contentUrl\":\"https:\/\/acompanheseuprojeto.com.br\/acrimat\/wp-content\/uploads\/2018\/03\/logo-peq-original.png\",\"width\":174,\"height\":171,\"caption\":\"Associa\u00e7\u00e3o dos Criadores de Mato Grosso\"},\"image\":{\"@id\":\"https:\/\/acompanheseuprojeto.com.br\/acrimat\/#\/schema\/logo\/image\/\"}},{\"@type\":\"Person\",\"@id\":\"https:\/\/acompanheseuprojeto.com.br\/acrimat\/#\/schema\/person\/e9a4d976e539490a6f361f1d7e9b06d6\",\"name\":\"Assessoria de comunica\u00e7\u00e3o ACRIMAT\",\"image\":{\"@type\":\"ImageObject\",\"inLanguage\":\"pt-BR\",\"@id\":\"https:\/\/acompanheseuprojeto.com.br\/acrimat\/#\/schema\/person\/image\/\",\"url\":\"https:\/\/secure.gravatar.com\/avatar\/e3afbea5798ff5b48efe171056854a37?s=96&d=mm&r=g\",\"contentUrl\":\"https:\/\/secure.gravatar.com\/avatar\/e3afbea5798ff5b48efe171056854a37?s=96&d=mm&r=g\",\"caption\":\"Assessoria de comunica\u00e7\u00e3o ACRIMAT\"},\"sameAs\":[\"http:\/\/acrimat.org.br\/\"],\"url\":\"https:\/\/acompanheseuprojeto.com.br\/acrimat\/author\/ascom\/\"}]}<\/script>\n<!-- \/ Yoast SEO plugin. -->","yoast_head_json":{"title":"Oferta de carnes pode levar dois meses para se normalizar, diz ABPA - Acrimat","robots":{"index":"index","follow":"follow","max-snippet":"max-snippet:-1","max-image-preview":"max-image-preview:large","max-video-preview":"max-video-preview:-1"},"canonical":"https:\/\/acompanheseuprojeto.com.br\/acrimat\/oferta-de-carnes-pode-levar-dois-meses-para-se-normalizar-diz-abpa\/","og_locale":"pt_BR","og_type":"article","og_title":"Oferta de carnes pode levar dois meses para se normalizar, diz ABPA - Acrimat","og_description":"Associa\u00e7\u00e3o registra 167 plantas frigor\u00edficas de aves e su\u00ednos paradas. Mais de 234 mil trabalhadores est\u00e3o com atividades suspensas","og_url":"https:\/\/acompanheseuprojeto.com.br\/acrimat\/oferta-de-carnes-pode-levar-dois-meses-para-se-normalizar-diz-abpa\/","og_site_name":"Acrimat","article_published_time":"2018-05-28T13:25:55+00:00","og_image":[{"width":672,"height":372,"url":"https:\/\/acompanheseuprojeto.com.br\/acrimat\/wp-content\/uploads\/2018\/01\/frigorifico-672x372.jpg","type":"image\/jpeg"}],"author":"Assessoria de comunica\u00e7\u00e3o ACRIMAT","twitter_card":"summary_large_image","twitter_misc":{"Escrito por":"Assessoria de comunica\u00e7\u00e3o ACRIMAT","Est. tempo de leitura":"2 minutos"},"schema":{"@context":"https:\/\/schema.org","@graph":[{"@type":"Article","@id":"https:\/\/acompanheseuprojeto.com.br\/acrimat\/oferta-de-carnes-pode-levar-dois-meses-para-se-normalizar-diz-abpa\/#article","isPartOf":{"@id":"https:\/\/acompanheseuprojeto.com.br\/acrimat\/oferta-de-carnes-pode-levar-dois-meses-para-se-normalizar-diz-abpa\/"},"author":{"name":"Assessoria de comunica\u00e7\u00e3o ACRIMAT","@id":"https:\/\/acompanheseuprojeto.com.br\/acrimat\/#\/schema\/person\/e9a4d976e539490a6f361f1d7e9b06d6"},"headline":"Oferta de carnes pode levar dois meses para se normalizar, diz ABPA","datePublished":"2018-05-28T13:25:55+00:00","dateModified":"2018-05-28T13:25:55+00:00","mainEntityOfPage":{"@id":"https:\/\/acompanheseuprojeto.com.br\/acrimat\/oferta-de-carnes-pode-levar-dois-meses-para-se-normalizar-diz-abpa\/"},"wordCount":503,"publisher":{"@id":"https:\/\/acompanheseuprojeto.com.br\/acrimat\/#organization"},"image":{"@id":"https:\/\/acompanheseuprojeto.com.br\/acrimat\/oferta-de-carnes-pode-levar-dois-meses-para-se-normalizar-diz-abpa\/#primaryimage"},"thumbnailUrl":"https:\/\/acompanheseuprojeto.com.br\/acrimat\/wp-content\/uploads\/2018\/01\/frigorifico-672x372.jpg","articleSection":["Destaques","Not\u00edcias"],"inLanguage":"pt-BR"},{"@type":"WebPage","@id":"https:\/\/acompanheseuprojeto.com.br\/acrimat\/oferta-de-carnes-pode-levar-dois-meses-para-se-normalizar-diz-abpa\/","url":"https:\/\/acompanheseuprojeto.com.br\/acrimat\/oferta-de-carnes-pode-levar-dois-meses-para-se-normalizar-diz-abpa\/","name":"Oferta de carnes pode levar dois meses para se normalizar, diz ABPA - Acrimat","isPartOf":{"@id":"https:\/\/acompanheseuprojeto.com.br\/acrimat\/#website"},"primaryImageOfPage":{"@id":"https:\/\/acompanheseuprojeto.com.br\/acrimat\/oferta-de-carnes-pode-levar-dois-meses-para-se-normalizar-diz-abpa\/#primaryimage"},"image":{"@id":"https:\/\/acompanheseuprojeto.com.br\/acrimat\/oferta-de-carnes-pode-levar-dois-meses-para-se-normalizar-diz-abpa\/#primaryimage"},"thumbnailUrl":"https:\/\/acompanheseuprojeto.com.br\/acrimat\/wp-content\/uploads\/2018\/01\/frigorifico-672x372.jpg","datePublished":"2018-05-28T13:25:55+00:00","dateModified":"2018-05-28T13:25:55+00:00","breadcrumb":{"@id":"https:\/\/acompanheseuprojeto.com.br\/acrimat\/oferta-de-carnes-pode-levar-dois-meses-para-se-normalizar-diz-abpa\/#breadcrumb"},"inLanguage":"pt-BR","potentialAction":[{"@type":"ReadAction","target":["https:\/\/acompanheseuprojeto.com.br\/acrimat\/oferta-de-carnes-pode-levar-dois-meses-para-se-normalizar-diz-abpa\/"]}]},{"@type":"ImageObject","inLanguage":"pt-BR","@id":"https:\/\/acompanheseuprojeto.com.br\/acrimat\/oferta-de-carnes-pode-levar-dois-meses-para-se-normalizar-diz-abpa\/#primaryimage","url":"https:\/\/acompanheseuprojeto.com.br\/acrimat\/wp-content\/uploads\/2018\/01\/frigorifico-672x372.jpg","contentUrl":"https:\/\/acompanheseuprojeto.com.br\/acrimat\/wp-content\/uploads\/2018\/01\/frigorifico-672x372.jpg","width":672,"height":372},{"@type":"BreadcrumbList","@id":"https:\/\/acompanheseuprojeto.com.br\/acrimat\/oferta-de-carnes-pode-levar-dois-meses-para-se-normalizar-diz-abpa\/#breadcrumb","itemListElement":[{"@type":"ListItem","position":1,"name":"In\u00edcio","item":"https:\/\/acompanheseuprojeto.com.br\/acrimat\/"},{"@type":"ListItem","position":2,"name":"Oferta de carnes pode levar dois meses para se normalizar, diz ABPA"}]},{"@type":"WebSite","@id":"https:\/\/acompanheseuprojeto.com.br\/acrimat\/#website","url":"https:\/\/acompanheseuprojeto.com.br\/acrimat\/","name":"Acrimat","description":"Associa\u00e7\u00e3o dos Criadores de Mato Grosso","publisher":{"@id":"https:\/\/acompanheseuprojeto.com.br\/acrimat\/#organization"},"potentialAction":[{"@type":"SearchAction","target":{"@type":"EntryPoint","urlTemplate":"https:\/\/acompanheseuprojeto.com.br\/acrimat\/?s={search_term_string}"},"query-input":{"@type":"PropertyValueSpecification","valueRequired":true,"valueName":"search_term_string"}}],"inLanguage":"pt-BR"},{"@type":"Organization","@id":"https:\/\/acompanheseuprojeto.com.br\/acrimat\/#organization","name":"Associa\u00e7\u00e3o dos Criadores de Mato Grosso","url":"https:\/\/acompanheseuprojeto.com.br\/acrimat\/","logo":{"@type":"ImageObject","inLanguage":"pt-BR","@id":"https:\/\/acompanheseuprojeto.com.br\/acrimat\/#\/schema\/logo\/image\/","url":"https:\/\/acompanheseuprojeto.com.br\/acrimat\/wp-content\/uploads\/2018\/03\/logo-peq-original.png","contentUrl":"https:\/\/acompanheseuprojeto.com.br\/acrimat\/wp-content\/uploads\/2018\/03\/logo-peq-original.png","width":174,"height":171,"caption":"Associa\u00e7\u00e3o dos Criadores de Mato Grosso"},"image":{"@id":"https:\/\/acompanheseuprojeto.com.br\/acrimat\/#\/schema\/logo\/image\/"}},{"@type":"Person","@id":"https:\/\/acompanheseuprojeto.com.br\/acrimat\/#\/schema\/person\/e9a4d976e539490a6f361f1d7e9b06d6","name":"Assessoria de comunica\u00e7\u00e3o ACRIMAT","image":{"@type":"ImageObject","inLanguage":"pt-BR","@id":"https:\/\/acompanheseuprojeto.com.br\/acrimat\/#\/schema\/person\/image\/","url":"https:\/\/secure.gravatar.com\/avatar\/e3afbea5798ff5b48efe171056854a37?s=96&d=mm&r=g","contentUrl":"https:\/\/secure.gravatar.com\/avatar\/e3afbea5798ff5b48efe171056854a37?s=96&d=mm&r=g","caption":"Assessoria de comunica\u00e7\u00e3o ACRIMAT"},"sameAs":["http:\/\/acrimat.org.br\/"],"url":"https:\/\/acompanheseuprojeto.com.br\/acrimat\/author\/ascom\/"}]}},"_links":{"self":[{"href":"https:\/\/acompanheseuprojeto.com.br\/acrimat\/wp-json\/wp\/v2\/posts\/97987834","targetHints":{"allow":["GET"]}}],"collection":[{"href":"https:\/\/acompanheseuprojeto.com.br\/acrimat\/wp-json\/wp\/v2\/posts"}],"about":[{"href":"https:\/\/acompanheseuprojeto.com.br\/acrimat\/wp-json\/wp\/v2\/types\/post"}],"author":[{"embeddable":true,"href":"https:\/\/acompanheseuprojeto.com.br\/acrimat\/wp-json\/wp\/v2\/users\/7"}],"replies":[{"embeddable":true,"href":"https:\/\/acompanheseuprojeto.com.br\/acrimat\/wp-json\/wp\/v2\/comments?post=97987834"}],"version-history":[{"count":1,"href":"https:\/\/acompanheseuprojeto.com.br\/acrimat\/wp-json\/wp\/v2\/posts\/97987834\/revisions"}],"predecessor-version":[{"id":97987836,"href":"https:\/\/acompanheseuprojeto.com.br\/acrimat\/wp-json\/wp\/v2\/posts\/97987834\/revisions\/97987836"}],"wp:featuredmedia":[{"embeddable":true,"href":"https:\/\/acompanheseuprojeto.com.br\/acrimat\/wp-json\/wp\/v2\/media\/97985477"}],"wp:attachment":[{"href":"https:\/\/acompanheseuprojeto.com.br\/acrimat\/wp-json\/wp\/v2\/media?parent=97987834"}],"wp:term":[{"taxonomy":"category","embeddable":true,"href":"https:\/\/acompanheseuprojeto.com.br\/acrimat\/wp-json\/wp\/v2\/categories?post=97987834"},{"taxonomy":"post_tag","embeddable":true,"href":"https:\/\/acompanheseuprojeto.com.br\/acrimat\/wp-json\/wp\/v2\/tags?post=97987834"}],"curies":[{"name":"wp","href":"https:\/\/api.w.org\/{rel}","templated":true}]}}