{"id":97987864,"date":"2018-05-29T15:08:38","date_gmt":"2018-05-29T18:08:38","guid":{"rendered":"https:\/\/acompanheseuprojeto.com.br\/acrimat\/?p=97987864"},"modified":"2018-05-29T15:08:38","modified_gmt":"2018-05-29T18:08:38","slug":"fpa-e-ipa-cobram-fim-da-greve-sob-risco-de-danos-irreparaveis-ao-abastecimento","status":"publish","type":"post","link":"https:\/\/acompanheseuprojeto.com.br\/acrimat\/fpa-e-ipa-cobram-fim-da-greve-sob-risco-de-danos-irreparaveis-ao-abastecimento\/","title":{"rendered":"FPA e IPA cobram fim da greve sob risco de danos irrepar\u00e1veis ao abastecimento"},"content":{"rendered":"<p>A Frente Parlamentar da Agropecu\u00e1ria (FPA) e o Instituto Pensar Agro (IPA), que re\u00fane 40 entidades do setor produtivo nacional, pediram na noite desta segunda-feira, em nota sobre a paralisa\u00e7\u00e3o dos caminhoneiros, que a normalidade seja restabelecida para que se evite \u201cpreocupante crise no setor produtivo nacional. \u201c\u00c9 preciso responsabilidade para entender que a restaura\u00e7\u00e3o do ciclo de toda a cadeia produtiva tem um prazo para acontecer e, se n\u00e3o tomarmos uma a\u00e7\u00e3o imediata, teremos danos irrepar\u00e1veis, principalmente, para o abastecimento de produtos de primeira necessidade da popula\u00e7\u00e3o brasileira.\u201d<\/p>\n<p>As duas entidades dizem terem apoiado as reivindica\u00e7\u00f5es dos caminhoneiros, mas que a extens\u00e3o da greve prejudica o setor produtivo, \u201cque j\u00e1 acumula graves preju\u00edzos, especialmente, para os produtores de leite, ovos, hortifr\u00fati, carnes (su\u00ednos, frango, bovinos) e demais produtos perec\u00edveis.\u201d<\/p>\n<p>\u201cAlertamos ainda para o risco sanit\u00e1rio causado pela morte de animais (cargas vivas), leite descartado em rios e esgotos das cidades, entre outros danos que possam ser causados ao meio ambiente e \u00e0 sa\u00fade p\u00fablica\u201d, dizem. A FPA destaca que se esfor\u00e7ar\u00e1 para votar com urg\u00eancia, no Congresso Nacional, as medidas acordadas e publicadas pelo governo federal. \u201cLembramos que a FPA, o IPA e a classe dos caminhoneiros s\u00e3o setores com interdepend\u00eancia e precisam continuar seguindo juntos a fim de destravar nossa economia e fortalecer nossa competitividade, com garantia de melhores condi\u00e7\u00f5es de trabalho para todos, sem prejudicar a sociedade brasileira.\u201d Assinam a nota a presidente da FPA, deputada Tereza Cristina (DEM-MS), o presidente do IPA, F\u00e1bio Meirelles, e as entidades Abrapa, Aprosoja MS, Aprosoja Brasil, Faesp, ABPA, Viva L\u00e1cteos, Ampa, Abraleite, F\u00f3rum Sucroenerg\u00e9tico, Abiec, Abramilho e Acrimat.<\/p>\n","protected":false},"excerpt":{"rendered":"<p>A Frente Parlamentar da Agropecu\u00e1ria (FPA) e o Instituto Pensar Agro (IPA), que re\u00fane 40 entidades do setor produtivo nacional, pediram na noite desta segunda-feira, em nota sobre a paralisa\u00e7\u00e3o dos caminhoneiros, que a normalidade seja restabelecida para que se evite \u201cpreocupante crise no setor produtivo nacional.<\/p>\n","protected":false},"author":7,"featured_media":97987739,"comment_status":"closed","ping_status":"closed","sticky":false,"template":"","format":"standard","meta":{"footnotes":""},"categories":[6,1],"tags":[],"class_list":["post-97987864","post","type-post","status-publish","format-standard","has-post-thumbnail","hentry","category-destaque","category-noticia"],"yoast_head":"<!-- This site is optimized with the Yoast SEO plugin v24.2 - https:\/\/yoast.com\/wordpress\/plugins\/seo\/ -->\n<title>FPA e IPA cobram fim da greve sob risco de danos irrepar\u00e1veis ao abastecimento - Acrimat<\/title>\n<meta name=\"robots\" content=\"index, follow, max-snippet:-1, max-image-preview:large, max-video-preview:-1\" \/>\n<link rel=\"canonical\" href=\"https:\/\/acompanheseuprojeto.com.br\/acrimat\/fpa-e-ipa-cobram-fim-da-greve-sob-risco-de-danos-irreparaveis-ao-abastecimento\/\" \/>\n<meta property=\"og:locale\" content=\"pt_BR\" \/>\n<meta property=\"og:type\" content=\"article\" \/>\n<meta property=\"og:title\" content=\"FPA e IPA cobram fim da greve sob risco de danos irrepar\u00e1veis ao abastecimento - Acrimat\" \/>\n<meta property=\"og:description\" content=\"A Frente Parlamentar da Agropecu\u00e1ria (FPA) e o Instituto Pensar Agro (IPA), que re\u00fane 40 entidades do setor produtivo nacional, pediram na noite desta segunda-feira, em nota sobre a paralisa\u00e7\u00e3o dos caminhoneiros, que a normalidade seja restabelecida para que se evite \u201cpreocupante crise no setor produtivo nacional.\" \/>\n<meta property=\"og:url\" content=\"https:\/\/acompanheseuprojeto.com.br\/acrimat\/fpa-e-ipa-cobram-fim-da-greve-sob-risco-de-danos-irreparaveis-ao-abastecimento\/\" \/>\n<meta property=\"og:site_name\" content=\"Acrimat\" \/>\n<meta property=\"article:published_time\" content=\"2018-05-29T18:08:38+00:00\" \/>\n<meta property=\"og:image\" content=\"https:\/\/acompanheseuprojeto.com.br\/acrimat\/wp-content\/uploads\/2018\/05\/rota02-1428_caminhao.jpg\" \/>\n\t<meta property=\"og:image:width\" content=\"1457\" \/>\n\t<meta property=\"og:image:height\" content=\"1040\" \/>\n\t<meta property=\"og:image:type\" content=\"image\/jpeg\" \/>\n<meta name=\"author\" content=\"Assessoria de comunica\u00e7\u00e3o ACRIMAT\" \/>\n<meta name=\"twitter:card\" content=\"summary_large_image\" \/>\n<meta name=\"twitter:label1\" content=\"Escrito por\" \/>\n\t<meta name=\"twitter:data1\" content=\"Assessoria de comunica\u00e7\u00e3o ACRIMAT\" \/>\n\t<meta name=\"twitter:label2\" content=\"Est. tempo de leitura\" \/>\n\t<meta name=\"twitter:data2\" content=\"1 minuto\" \/>\n<script type=\"application\/ld+json\" class=\"yoast-schema-graph\">{\"@context\":\"https:\/\/schema.org\",\"@graph\":[{\"@type\":\"Article\",\"@id\":\"https:\/\/acompanheseuprojeto.com.br\/acrimat\/fpa-e-ipa-cobram-fim-da-greve-sob-risco-de-danos-irreparaveis-ao-abastecimento\/#article\",\"isPartOf\":{\"@id\":\"https:\/\/acompanheseuprojeto.com.br\/acrimat\/fpa-e-ipa-cobram-fim-da-greve-sob-risco-de-danos-irreparaveis-ao-abastecimento\/\"},\"author\":{\"name\":\"Assessoria de comunica\u00e7\u00e3o ACRIMAT\",\"@id\":\"https:\/\/acompanheseuprojeto.com.br\/acrimat\/#\/schema\/person\/e9a4d976e539490a6f361f1d7e9b06d6\"},\"headline\":\"FPA e IPA cobram fim da greve sob risco de danos irrepar\u00e1veis ao abastecimento\",\"datePublished\":\"2018-05-29T18:08:38+00:00\",\"dateModified\":\"2018-05-29T18:08:38+00:00\",\"mainEntityOfPage\":{\"@id\":\"https:\/\/acompanheseuprojeto.com.br\/acrimat\/fpa-e-ipa-cobram-fim-da-greve-sob-risco-de-danos-irreparaveis-ao-abastecimento\/\"},\"wordCount\":306,\"publisher\":{\"@id\":\"https:\/\/acompanheseuprojeto.com.br\/acrimat\/#organization\"},\"image\":{\"@id\":\"https:\/\/acompanheseuprojeto.com.br\/acrimat\/fpa-e-ipa-cobram-fim-da-greve-sob-risco-de-danos-irreparaveis-ao-abastecimento\/#primaryimage\"},\"thumbnailUrl\":\"https:\/\/acompanheseuprojeto.com.br\/acrimat\/wp-content\/uploads\/2018\/05\/rota02-1428_caminhao.jpg\",\"articleSection\":[\"Destaques\",\"Not\u00edcias\"],\"inLanguage\":\"pt-BR\"},{\"@type\":\"WebPage\",\"@id\":\"https:\/\/acompanheseuprojeto.com.br\/acrimat\/fpa-e-ipa-cobram-fim-da-greve-sob-risco-de-danos-irreparaveis-ao-abastecimento\/\",\"url\":\"https:\/\/acompanheseuprojeto.com.br\/acrimat\/fpa-e-ipa-cobram-fim-da-greve-sob-risco-de-danos-irreparaveis-ao-abastecimento\/\",\"name\":\"FPA e IPA cobram fim da greve sob risco de danos irrepar\u00e1veis ao abastecimento - Acrimat\",\"isPartOf\":{\"@id\":\"https:\/\/acompanheseuprojeto.com.br\/acrimat\/#website\"},\"primaryImageOfPage\":{\"@id\":\"https:\/\/acompanheseuprojeto.com.br\/acrimat\/fpa-e-ipa-cobram-fim-da-greve-sob-risco-de-danos-irreparaveis-ao-abastecimento\/#primaryimage\"},\"image\":{\"@id\":\"https:\/\/acompanheseuprojeto.com.br\/acrimat\/fpa-e-ipa-cobram-fim-da-greve-sob-risco-de-danos-irreparaveis-ao-abastecimento\/#primaryimage\"},\"thumbnailUrl\":\"https:\/\/acompanheseuprojeto.com.br\/acrimat\/wp-content\/uploads\/2018\/05\/rota02-1428_caminhao.jpg\",\"datePublished\":\"2018-05-29T18:08:38+00:00\",\"dateModified\":\"2018-05-29T18:08:38+00:00\",\"breadcrumb\":{\"@id\":\"https:\/\/acompanheseuprojeto.com.br\/acrimat\/fpa-e-ipa-cobram-fim-da-greve-sob-risco-de-danos-irreparaveis-ao-abastecimento\/#breadcrumb\"},\"inLanguage\":\"pt-BR\",\"potentialAction\":[{\"@type\":\"ReadAction\",\"target\":[\"https:\/\/acompanheseuprojeto.com.br\/acrimat\/fpa-e-ipa-cobram-fim-da-greve-sob-risco-de-danos-irreparaveis-ao-abastecimento\/\"]}]},{\"@type\":\"ImageObject\",\"inLanguage\":\"pt-BR\",\"@id\":\"https:\/\/acompanheseuprojeto.com.br\/acrimat\/fpa-e-ipa-cobram-fim-da-greve-sob-risco-de-danos-irreparaveis-ao-abastecimento\/#primaryimage\",\"url\":\"https:\/\/acompanheseuprojeto.com.br\/acrimat\/wp-content\/uploads\/2018\/05\/rota02-1428_caminhao.jpg\",\"contentUrl\":\"https:\/\/acompanheseuprojeto.com.br\/acrimat\/wp-content\/uploads\/2018\/05\/rota02-1428_caminhao.jpg\",\"width\":1457,\"height\":1040},{\"@type\":\"BreadcrumbList\",\"@id\":\"https:\/\/acompanheseuprojeto.com.br\/acrimat\/fpa-e-ipa-cobram-fim-da-greve-sob-risco-de-danos-irreparaveis-ao-abastecimento\/#breadcrumb\",\"itemListElement\":[{\"@type\":\"ListItem\",\"position\":1,\"name\":\"In\u00edcio\",\"item\":\"https:\/\/acompanheseuprojeto.com.br\/acrimat\/\"},{\"@type\":\"ListItem\",\"position\":2,\"name\":\"FPA e IPA cobram fim da greve sob risco de danos irrepar\u00e1veis ao abastecimento\"}]},{\"@type\":\"WebSite\",\"@id\":\"https:\/\/acompanheseuprojeto.com.br\/acrimat\/#website\",\"url\":\"https:\/\/acompanheseuprojeto.com.br\/acrimat\/\",\"name\":\"Acrimat\",\"description\":\"Associa\u00e7\u00e3o dos Criadores de Mato Grosso\",\"publisher\":{\"@id\":\"https:\/\/acompanheseuprojeto.com.br\/acrimat\/#organization\"},\"potentialAction\":[{\"@type\":\"SearchAction\",\"target\":{\"@type\":\"EntryPoint\",\"urlTemplate\":\"https:\/\/acompanheseuprojeto.com.br\/acrimat\/?s={search_term_string}\"},\"query-input\":{\"@type\":\"PropertyValueSpecification\",\"valueRequired\":true,\"valueName\":\"search_term_string\"}}],\"inLanguage\":\"pt-BR\"},{\"@type\":\"Organization\",\"@id\":\"https:\/\/acompanheseuprojeto.com.br\/acrimat\/#organization\",\"name\":\"Associa\u00e7\u00e3o dos Criadores de Mato Grosso\",\"url\":\"https:\/\/acompanheseuprojeto.com.br\/acrimat\/\",\"logo\":{\"@type\":\"ImageObject\",\"inLanguage\":\"pt-BR\",\"@id\":\"https:\/\/acompanheseuprojeto.com.br\/acrimat\/#\/schema\/logo\/image\/\",\"url\":\"https:\/\/acompanheseuprojeto.com.br\/acrimat\/wp-content\/uploads\/2018\/03\/logo-peq-original.png\",\"contentUrl\":\"https:\/\/acompanheseuprojeto.com.br\/acrimat\/wp-content\/uploads\/2018\/03\/logo-peq-original.png\",\"width\":174,\"height\":171,\"caption\":\"Associa\u00e7\u00e3o dos Criadores de Mato Grosso\"},\"image\":{\"@id\":\"https:\/\/acompanheseuprojeto.com.br\/acrimat\/#\/schema\/logo\/image\/\"}},{\"@type\":\"Person\",\"@id\":\"https:\/\/acompanheseuprojeto.com.br\/acrimat\/#\/schema\/person\/e9a4d976e539490a6f361f1d7e9b06d6\",\"name\":\"Assessoria de comunica\u00e7\u00e3o ACRIMAT\",\"image\":{\"@type\":\"ImageObject\",\"inLanguage\":\"pt-BR\",\"@id\":\"https:\/\/acompanheseuprojeto.com.br\/acrimat\/#\/schema\/person\/image\/\",\"url\":\"https:\/\/secure.gravatar.com\/avatar\/e3afbea5798ff5b48efe171056854a37?s=96&d=mm&r=g\",\"contentUrl\":\"https:\/\/secure.gravatar.com\/avatar\/e3afbea5798ff5b48efe171056854a37?s=96&d=mm&r=g\",\"caption\":\"Assessoria de comunica\u00e7\u00e3o ACRIMAT\"},\"sameAs\":[\"http:\/\/acrimat.org.br\/\"],\"url\":\"https:\/\/acompanheseuprojeto.com.br\/acrimat\/author\/ascom\/\"}]}<\/script>\n<!-- \/ Yoast SEO plugin. -->","yoast_head_json":{"title":"FPA e IPA cobram fim da greve sob risco de danos irrepar\u00e1veis ao abastecimento - Acrimat","robots":{"index":"index","follow":"follow","max-snippet":"max-snippet:-1","max-image-preview":"max-image-preview:large","max-video-preview":"max-video-preview:-1"},"canonical":"https:\/\/acompanheseuprojeto.com.br\/acrimat\/fpa-e-ipa-cobram-fim-da-greve-sob-risco-de-danos-irreparaveis-ao-abastecimento\/","og_locale":"pt_BR","og_type":"article","og_title":"FPA e IPA cobram fim da greve sob risco de danos irrepar\u00e1veis ao abastecimento - Acrimat","og_description":"A Frente Parlamentar da Agropecu\u00e1ria (FPA) e o Instituto Pensar Agro (IPA), que re\u00fane 40 entidades do setor produtivo nacional, pediram na noite desta segunda-feira, em nota sobre a paralisa\u00e7\u00e3o dos caminhoneiros, que a normalidade seja restabelecida para que se evite \u201cpreocupante crise no setor produtivo nacional.","og_url":"https:\/\/acompanheseuprojeto.com.br\/acrimat\/fpa-e-ipa-cobram-fim-da-greve-sob-risco-de-danos-irreparaveis-ao-abastecimento\/","og_site_name":"Acrimat","article_published_time":"2018-05-29T18:08:38+00:00","og_image":[{"width":1457,"height":1040,"url":"https:\/\/acompanheseuprojeto.com.br\/acrimat\/wp-content\/uploads\/2018\/05\/rota02-1428_caminhao.jpg","type":"image\/jpeg"}],"author":"Assessoria de comunica\u00e7\u00e3o ACRIMAT","twitter_card":"summary_large_image","twitter_misc":{"Escrito por":"Assessoria de comunica\u00e7\u00e3o ACRIMAT","Est. tempo de leitura":"1 minuto"},"schema":{"@context":"https:\/\/schema.org","@graph":[{"@type":"Article","@id":"https:\/\/acompanheseuprojeto.com.br\/acrimat\/fpa-e-ipa-cobram-fim-da-greve-sob-risco-de-danos-irreparaveis-ao-abastecimento\/#article","isPartOf":{"@id":"https:\/\/acompanheseuprojeto.com.br\/acrimat\/fpa-e-ipa-cobram-fim-da-greve-sob-risco-de-danos-irreparaveis-ao-abastecimento\/"},"author":{"name":"Assessoria de comunica\u00e7\u00e3o ACRIMAT","@id":"https:\/\/acompanheseuprojeto.com.br\/acrimat\/#\/schema\/person\/e9a4d976e539490a6f361f1d7e9b06d6"},"headline":"FPA e IPA cobram fim da greve sob risco de danos irrepar\u00e1veis ao abastecimento","datePublished":"2018-05-29T18:08:38+00:00","dateModified":"2018-05-29T18:08:38+00:00","mainEntityOfPage":{"@id":"https:\/\/acompanheseuprojeto.com.br\/acrimat\/fpa-e-ipa-cobram-fim-da-greve-sob-risco-de-danos-irreparaveis-ao-abastecimento\/"},"wordCount":306,"publisher":{"@id":"https:\/\/acompanheseuprojeto.com.br\/acrimat\/#organization"},"image":{"@id":"https:\/\/acompanheseuprojeto.com.br\/acrimat\/fpa-e-ipa-cobram-fim-da-greve-sob-risco-de-danos-irreparaveis-ao-abastecimento\/#primaryimage"},"thumbnailUrl":"https:\/\/acompanheseuprojeto.com.br\/acrimat\/wp-content\/uploads\/2018\/05\/rota02-1428_caminhao.jpg","articleSection":["Destaques","Not\u00edcias"],"inLanguage":"pt-BR"},{"@type":"WebPage","@id":"https:\/\/acompanheseuprojeto.com.br\/acrimat\/fpa-e-ipa-cobram-fim-da-greve-sob-risco-de-danos-irreparaveis-ao-abastecimento\/","url":"https:\/\/acompanheseuprojeto.com.br\/acrimat\/fpa-e-ipa-cobram-fim-da-greve-sob-risco-de-danos-irreparaveis-ao-abastecimento\/","name":"FPA e IPA cobram fim da greve sob risco de danos irrepar\u00e1veis ao abastecimento - Acrimat","isPartOf":{"@id":"https:\/\/acompanheseuprojeto.com.br\/acrimat\/#website"},"primaryImageOfPage":{"@id":"https:\/\/acompanheseuprojeto.com.br\/acrimat\/fpa-e-ipa-cobram-fim-da-greve-sob-risco-de-danos-irreparaveis-ao-abastecimento\/#primaryimage"},"image":{"@id":"https:\/\/acompanheseuprojeto.com.br\/acrimat\/fpa-e-ipa-cobram-fim-da-greve-sob-risco-de-danos-irreparaveis-ao-abastecimento\/#primaryimage"},"thumbnailUrl":"https:\/\/acompanheseuprojeto.com.br\/acrimat\/wp-content\/uploads\/2018\/05\/rota02-1428_caminhao.jpg","datePublished":"2018-05-29T18:08:38+00:00","dateModified":"2018-05-29T18:08:38+00:00","breadcrumb":{"@id":"https:\/\/acompanheseuprojeto.com.br\/acrimat\/fpa-e-ipa-cobram-fim-da-greve-sob-risco-de-danos-irreparaveis-ao-abastecimento\/#breadcrumb"},"inLanguage":"pt-BR","potentialAction":[{"@type":"ReadAction","target":["https:\/\/acompanheseuprojeto.com.br\/acrimat\/fpa-e-ipa-cobram-fim-da-greve-sob-risco-de-danos-irreparaveis-ao-abastecimento\/"]}]},{"@type":"ImageObject","inLanguage":"pt-BR","@id":"https:\/\/acompanheseuprojeto.com.br\/acrimat\/fpa-e-ipa-cobram-fim-da-greve-sob-risco-de-danos-irreparaveis-ao-abastecimento\/#primaryimage","url":"https:\/\/acompanheseuprojeto.com.br\/acrimat\/wp-content\/uploads\/2018\/05\/rota02-1428_caminhao.jpg","contentUrl":"https:\/\/acompanheseuprojeto.com.br\/acrimat\/wp-content\/uploads\/2018\/05\/rota02-1428_caminhao.jpg","width":1457,"height":1040},{"@type":"BreadcrumbList","@id":"https:\/\/acompanheseuprojeto.com.br\/acrimat\/fpa-e-ipa-cobram-fim-da-greve-sob-risco-de-danos-irreparaveis-ao-abastecimento\/#breadcrumb","itemListElement":[{"@type":"ListItem","position":1,"name":"In\u00edcio","item":"https:\/\/acompanheseuprojeto.com.br\/acrimat\/"},{"@type":"ListItem","position":2,"name":"FPA e IPA cobram fim da greve sob risco de danos irrepar\u00e1veis ao abastecimento"}]},{"@type":"WebSite","@id":"https:\/\/acompanheseuprojeto.com.br\/acrimat\/#website","url":"https:\/\/acompanheseuprojeto.com.br\/acrimat\/","name":"Acrimat","description":"Associa\u00e7\u00e3o dos Criadores de Mato Grosso","publisher":{"@id":"https:\/\/acompanheseuprojeto.com.br\/acrimat\/#organization"},"potentialAction":[{"@type":"SearchAction","target":{"@type":"EntryPoint","urlTemplate":"https:\/\/acompanheseuprojeto.com.br\/acrimat\/?s={search_term_string}"},"query-input":{"@type":"PropertyValueSpecification","valueRequired":true,"valueName":"search_term_string"}}],"inLanguage":"pt-BR"},{"@type":"Organization","@id":"https:\/\/acompanheseuprojeto.com.br\/acrimat\/#organization","name":"Associa\u00e7\u00e3o dos Criadores de Mato Grosso","url":"https:\/\/acompanheseuprojeto.com.br\/acrimat\/","logo":{"@type":"ImageObject","inLanguage":"pt-BR","@id":"https:\/\/acompanheseuprojeto.com.br\/acrimat\/#\/schema\/logo\/image\/","url":"https:\/\/acompanheseuprojeto.com.br\/acrimat\/wp-content\/uploads\/2018\/03\/logo-peq-original.png","contentUrl":"https:\/\/acompanheseuprojeto.com.br\/acrimat\/wp-content\/uploads\/2018\/03\/logo-peq-original.png","width":174,"height":171,"caption":"Associa\u00e7\u00e3o dos Criadores de Mato Grosso"},"image":{"@id":"https:\/\/acompanheseuprojeto.com.br\/acrimat\/#\/schema\/logo\/image\/"}},{"@type":"Person","@id":"https:\/\/acompanheseuprojeto.com.br\/acrimat\/#\/schema\/person\/e9a4d976e539490a6f361f1d7e9b06d6","name":"Assessoria de comunica\u00e7\u00e3o ACRIMAT","image":{"@type":"ImageObject","inLanguage":"pt-BR","@id":"https:\/\/acompanheseuprojeto.com.br\/acrimat\/#\/schema\/person\/image\/","url":"https:\/\/secure.gravatar.com\/avatar\/e3afbea5798ff5b48efe171056854a37?s=96&d=mm&r=g","contentUrl":"https:\/\/secure.gravatar.com\/avatar\/e3afbea5798ff5b48efe171056854a37?s=96&d=mm&r=g","caption":"Assessoria de comunica\u00e7\u00e3o ACRIMAT"},"sameAs":["http:\/\/acrimat.org.br\/"],"url":"https:\/\/acompanheseuprojeto.com.br\/acrimat\/author\/ascom\/"}]}},"_links":{"self":[{"href":"https:\/\/acompanheseuprojeto.com.br\/acrimat\/wp-json\/wp\/v2\/posts\/97987864","targetHints":{"allow":["GET"]}}],"collection":[{"href":"https:\/\/acompanheseuprojeto.com.br\/acrimat\/wp-json\/wp\/v2\/posts"}],"about":[{"href":"https:\/\/acompanheseuprojeto.com.br\/acrimat\/wp-json\/wp\/v2\/types\/post"}],"author":[{"embeddable":true,"href":"https:\/\/acompanheseuprojeto.com.br\/acrimat\/wp-json\/wp\/v2\/users\/7"}],"replies":[{"embeddable":true,"href":"https:\/\/acompanheseuprojeto.com.br\/acrimat\/wp-json\/wp\/v2\/comments?post=97987864"}],"version-history":[{"count":1,"href":"https:\/\/acompanheseuprojeto.com.br\/acrimat\/wp-json\/wp\/v2\/posts\/97987864\/revisions"}],"predecessor-version":[{"id":97987865,"href":"https:\/\/acompanheseuprojeto.com.br\/acrimat\/wp-json\/wp\/v2\/posts\/97987864\/revisions\/97987865"}],"wp:featuredmedia":[{"embeddable":true,"href":"https:\/\/acompanheseuprojeto.com.br\/acrimat\/wp-json\/wp\/v2\/media\/97987739"}],"wp:attachment":[{"href":"https:\/\/acompanheseuprojeto.com.br\/acrimat\/wp-json\/wp\/v2\/media?parent=97987864"}],"wp:term":[{"taxonomy":"category","embeddable":true,"href":"https:\/\/acompanheseuprojeto.com.br\/acrimat\/wp-json\/wp\/v2\/categories?post=97987864"},{"taxonomy":"post_tag","embeddable":true,"href":"https:\/\/acompanheseuprojeto.com.br\/acrimat\/wp-json\/wp\/v2\/tags?post=97987864"}],"curies":[{"name":"wp","href":"https:\/\/api.w.org\/{rel}","templated":true}]}}