{"id":97987891,"date":"2018-05-30T15:08:35","date_gmt":"2018-05-30T18:08:35","guid":{"rendered":"https:\/\/acompanheseuprojeto.com.br\/acrimat\/?p=97987891"},"modified":"2018-05-30T15:08:35","modified_gmt":"2018-05-30T18:08:35","slug":"acrimat-participa-da-22a-edicao-do-congresso-mundial-da-carne","status":"publish","type":"post","link":"https:\/\/acompanheseuprojeto.com.br\/acrimat\/acrimat-participa-da-22a-edicao-do-congresso-mundial-da-carne\/","title":{"rendered":"Acrimat participa da 22\u00aa edi\u00e7\u00e3o do Congresso Mundial da Carne"},"content":{"rendered":"<p>De quarta-feira (30.05) at\u00e9 sexta-feira (01.06), a Associa\u00e7\u00e3o dos Criadores de Mato Grosso (Acrimat) participa do 22\u00ba Congresso Mundial da Carne (2018 World Meat Congress &#8211; WMC) em Dallas, nos Estados Unidos. Um dos principais f\u00f3runs de debates sobre carnes, o WMC re\u00fane representantes incluindo produtores, exportadores, especialistas em marketing, analistas de pol\u00edticas, economistas e cientistas da carne.<\/p>\n<p>Com a participa\u00e7\u00e3o de diferentes setores integrantes da cadeia produtiva da carne, est\u00e3o entre as pautas as tecnologias de produ\u00e7\u00e3o de carne, desenvolvimento de novos produtos, negocia\u00e7\u00f5es comerciais, sustentabilidade, cuidados com os animais, nutri\u00e7\u00e3o ou tend\u00eancias de consumo, o WMC oferece os mais recentes insights.<\/p>\n<p>O diretor-t\u00e9cnico da Acrimat, Francisco Manzi, participa do Congresso representando o setor pecu\u00e1ria de corte mato-grossense. \u201cNestes eventos temos a oportunidade de conhecer as tend\u00eancias mundiais em produ\u00e7\u00e3o de carne, expor nossa produ\u00e7\u00e3o e aproximar de outros integrantes da cadeia produtiva, como ind\u00fastria, varejo e consumidores\u201d.<br \/>\nO foco nos consumidores, inclusive, est\u00e1 entre as prioridades de todos os setores produtivos. Na pecu\u00e1ria, produtores est\u00e3o cada vez mais se voltando para a produ\u00e7\u00e3o de carne, n\u00e3o mais de boi. \u201cFoco no consumidor \u00e9 uma tend\u00eancia e preocupa\u00e7\u00e3o de todos os elos da cadeia de valor da carne\u201d, afirma Manzi. O evento segue at\u00e9 o dia o dia 1\u00ba de junho.<\/p>\n<p><strong>IBA<\/strong><\/p>\n<p>Nesta ter\u00e7a-feira (29), o diretor-t\u00e9cnico da Acrimat, Francisco Manzi, participou de uma reuni\u00e3o executivo com os CEOs da Alian\u00e7a Internacional da Carne (International Beef Alliance &#8211; IBA). A entidade re\u00fane representantes de sete pa\u00edses produtores de carne e a Associa\u00e7\u00e3o dos Criadores de Mato Grosso (Acrimat) e a Associa\u00e7\u00e3o Nacional de Confinadores (Assocon) representam o Brasil na entidade. Ainda comp\u00f5em a IBA os Estados Unidos, Austr\u00e1lia, Canad\u00e1, M\u00e9xico, Nova Zel\u00e2ndia e Paraguai.<\/p>\n<p>A reuni\u00e3o foi realizada e debateu assuntos como sustentabilidade, boas pr\u00e1ticas, bem-estar animal e tamb\u00e9m quest\u00f5es de mercado.<\/p>\n","protected":false},"excerpt":{"rendered":"<p>De quarta-feira (30.05) at\u00e9 sexta-feira (01.06), a Acrimat participa do 22\u00ba Congresso Mundial da Carne (2018 World Meat Congress &#8211; WMC) em Dallas, nos Estados Unidos<\/p>\n","protected":false},"author":7,"featured_media":97987892,"comment_status":"closed","ping_status":"closed","sticky":false,"template":"","format":"standard","meta":{"footnotes":""},"categories":[6,1],"tags":[],"class_list":["post-97987891","post","type-post","status-publish","format-standard","has-post-thumbnail","hentry","category-destaque","category-noticia"],"yoast_head":"<!-- This site is optimized with the Yoast SEO plugin v24.2 - https:\/\/yoast.com\/wordpress\/plugins\/seo\/ -->\n<title>Acrimat participa da 22\u00aa edi\u00e7\u00e3o do Congresso Mundial da Carne - Acrimat<\/title>\n<meta name=\"robots\" content=\"index, follow, max-snippet:-1, max-image-preview:large, max-video-preview:-1\" \/>\n<link rel=\"canonical\" href=\"https:\/\/acompanheseuprojeto.com.br\/acrimat\/acrimat-participa-da-22a-edicao-do-congresso-mundial-da-carne\/\" \/>\n<meta property=\"og:locale\" content=\"pt_BR\" \/>\n<meta property=\"og:type\" content=\"article\" \/>\n<meta property=\"og:title\" content=\"Acrimat participa da 22\u00aa edi\u00e7\u00e3o do Congresso Mundial da Carne - Acrimat\" \/>\n<meta property=\"og:description\" content=\"De quarta-feira (30.05) at\u00e9 sexta-feira (01.06), a Acrimat participa do 22\u00ba Congresso Mundial da Carne (2018 World Meat Congress - WMC) em Dallas, nos Estados Unidos\" \/>\n<meta property=\"og:url\" content=\"https:\/\/acompanheseuprojeto.com.br\/acrimat\/acrimat-participa-da-22a-edicao-do-congresso-mundial-da-carne\/\" \/>\n<meta property=\"og:site_name\" content=\"Acrimat\" \/>\n<meta property=\"article:published_time\" content=\"2018-05-30T18:08:35+00:00\" \/>\n<meta property=\"og:image\" content=\"https:\/\/acompanheseuprojeto.com.br\/acrimat\/wp-content\/uploads\/2018\/05\/52d81d9c-538a-4b32-aecd-ec4c4431.jpg\" \/>\n\t<meta property=\"og:image:width\" content=\"1600\" \/>\n\t<meta property=\"og:image:height\" content=\"1200\" \/>\n\t<meta property=\"og:image:type\" content=\"image\/jpeg\" \/>\n<meta name=\"author\" content=\"Assessoria de comunica\u00e7\u00e3o ACRIMAT\" \/>\n<meta name=\"twitter:card\" content=\"summary_large_image\" \/>\n<meta name=\"twitter:label1\" content=\"Escrito por\" \/>\n\t<meta name=\"twitter:data1\" content=\"Assessoria de comunica\u00e7\u00e3o ACRIMAT\" \/>\n\t<meta name=\"twitter:label2\" content=\"Est. tempo de leitura\" \/>\n\t<meta name=\"twitter:data2\" content=\"2 minutos\" \/>\n<script type=\"application\/ld+json\" class=\"yoast-schema-graph\">{\"@context\":\"https:\/\/schema.org\",\"@graph\":[{\"@type\":\"Article\",\"@id\":\"https:\/\/acompanheseuprojeto.com.br\/acrimat\/acrimat-participa-da-22a-edicao-do-congresso-mundial-da-carne\/#article\",\"isPartOf\":{\"@id\":\"https:\/\/acompanheseuprojeto.com.br\/acrimat\/acrimat-participa-da-22a-edicao-do-congresso-mundial-da-carne\/\"},\"author\":{\"name\":\"Assessoria de comunica\u00e7\u00e3o ACRIMAT\",\"@id\":\"https:\/\/acompanheseuprojeto.com.br\/acrimat\/#\/schema\/person\/e9a4d976e539490a6f361f1d7e9b06d6\"},\"headline\":\"Acrimat participa da 22\u00aa edi\u00e7\u00e3o do Congresso Mundial da Carne\",\"datePublished\":\"2018-05-30T18:08:35+00:00\",\"dateModified\":\"2018-05-30T18:08:35+00:00\",\"mainEntityOfPage\":{\"@id\":\"https:\/\/acompanheseuprojeto.com.br\/acrimat\/acrimat-participa-da-22a-edicao-do-congresso-mundial-da-carne\/\"},\"wordCount\":344,\"publisher\":{\"@id\":\"https:\/\/acompanheseuprojeto.com.br\/acrimat\/#organization\"},\"image\":{\"@id\":\"https:\/\/acompanheseuprojeto.com.br\/acrimat\/acrimat-participa-da-22a-edicao-do-congresso-mundial-da-carne\/#primaryimage\"},\"thumbnailUrl\":\"https:\/\/acompanheseuprojeto.com.br\/acrimat\/wp-content\/uploads\/2018\/05\/52d81d9c-538a-4b32-aecd-ec4c4431.jpg\",\"articleSection\":[\"Destaques\",\"Not\u00edcias\"],\"inLanguage\":\"pt-BR\"},{\"@type\":\"WebPage\",\"@id\":\"https:\/\/acompanheseuprojeto.com.br\/acrimat\/acrimat-participa-da-22a-edicao-do-congresso-mundial-da-carne\/\",\"url\":\"https:\/\/acompanheseuprojeto.com.br\/acrimat\/acrimat-participa-da-22a-edicao-do-congresso-mundial-da-carne\/\",\"name\":\"Acrimat participa da 22\u00aa edi\u00e7\u00e3o do Congresso Mundial da Carne - Acrimat\",\"isPartOf\":{\"@id\":\"https:\/\/acompanheseuprojeto.com.br\/acrimat\/#website\"},\"primaryImageOfPage\":{\"@id\":\"https:\/\/acompanheseuprojeto.com.br\/acrimat\/acrimat-participa-da-22a-edicao-do-congresso-mundial-da-carne\/#primaryimage\"},\"image\":{\"@id\":\"https:\/\/acompanheseuprojeto.com.br\/acrimat\/acrimat-participa-da-22a-edicao-do-congresso-mundial-da-carne\/#primaryimage\"},\"thumbnailUrl\":\"https:\/\/acompanheseuprojeto.com.br\/acrimat\/wp-content\/uploads\/2018\/05\/52d81d9c-538a-4b32-aecd-ec4c4431.jpg\",\"datePublished\":\"2018-05-30T18:08:35+00:00\",\"dateModified\":\"2018-05-30T18:08:35+00:00\",\"breadcrumb\":{\"@id\":\"https:\/\/acompanheseuprojeto.com.br\/acrimat\/acrimat-participa-da-22a-edicao-do-congresso-mundial-da-carne\/#breadcrumb\"},\"inLanguage\":\"pt-BR\",\"potentialAction\":[{\"@type\":\"ReadAction\",\"target\":[\"https:\/\/acompanheseuprojeto.com.br\/acrimat\/acrimat-participa-da-22a-edicao-do-congresso-mundial-da-carne\/\"]}]},{\"@type\":\"ImageObject\",\"inLanguage\":\"pt-BR\",\"@id\":\"https:\/\/acompanheseuprojeto.com.br\/acrimat\/acrimat-participa-da-22a-edicao-do-congresso-mundial-da-carne\/#primaryimage\",\"url\":\"https:\/\/acompanheseuprojeto.com.br\/acrimat\/wp-content\/uploads\/2018\/05\/52d81d9c-538a-4b32-aecd-ec4c4431.jpg\",\"contentUrl\":\"https:\/\/acompanheseuprojeto.com.br\/acrimat\/wp-content\/uploads\/2018\/05\/52d81d9c-538a-4b32-aecd-ec4c4431.jpg\",\"width\":1600,\"height\":1200},{\"@type\":\"BreadcrumbList\",\"@id\":\"https:\/\/acompanheseuprojeto.com.br\/acrimat\/acrimat-participa-da-22a-edicao-do-congresso-mundial-da-carne\/#breadcrumb\",\"itemListElement\":[{\"@type\":\"ListItem\",\"position\":1,\"name\":\"In\u00edcio\",\"item\":\"https:\/\/acompanheseuprojeto.com.br\/acrimat\/\"},{\"@type\":\"ListItem\",\"position\":2,\"name\":\"Acrimat participa da 22\u00aa edi\u00e7\u00e3o do Congresso Mundial da Carne\"}]},{\"@type\":\"WebSite\",\"@id\":\"https:\/\/acompanheseuprojeto.com.br\/acrimat\/#website\",\"url\":\"https:\/\/acompanheseuprojeto.com.br\/acrimat\/\",\"name\":\"Acrimat\",\"description\":\"Associa\u00e7\u00e3o dos Criadores de Mato Grosso\",\"publisher\":{\"@id\":\"https:\/\/acompanheseuprojeto.com.br\/acrimat\/#organization\"},\"potentialAction\":[{\"@type\":\"SearchAction\",\"target\":{\"@type\":\"EntryPoint\",\"urlTemplate\":\"https:\/\/acompanheseuprojeto.com.br\/acrimat\/?s={search_term_string}\"},\"query-input\":{\"@type\":\"PropertyValueSpecification\",\"valueRequired\":true,\"valueName\":\"search_term_string\"}}],\"inLanguage\":\"pt-BR\"},{\"@type\":\"Organization\",\"@id\":\"https:\/\/acompanheseuprojeto.com.br\/acrimat\/#organization\",\"name\":\"Associa\u00e7\u00e3o dos Criadores de Mato Grosso\",\"url\":\"https:\/\/acompanheseuprojeto.com.br\/acrimat\/\",\"logo\":{\"@type\":\"ImageObject\",\"inLanguage\":\"pt-BR\",\"@id\":\"https:\/\/acompanheseuprojeto.com.br\/acrimat\/#\/schema\/logo\/image\/\",\"url\":\"https:\/\/acompanheseuprojeto.com.br\/acrimat\/wp-content\/uploads\/2018\/03\/logo-peq-original.png\",\"contentUrl\":\"https:\/\/acompanheseuprojeto.com.br\/acrimat\/wp-content\/uploads\/2018\/03\/logo-peq-original.png\",\"width\":174,\"height\":171,\"caption\":\"Associa\u00e7\u00e3o dos Criadores de Mato Grosso\"},\"image\":{\"@id\":\"https:\/\/acompanheseuprojeto.com.br\/acrimat\/#\/schema\/logo\/image\/\"}},{\"@type\":\"Person\",\"@id\":\"https:\/\/acompanheseuprojeto.com.br\/acrimat\/#\/schema\/person\/e9a4d976e539490a6f361f1d7e9b06d6\",\"name\":\"Assessoria de comunica\u00e7\u00e3o ACRIMAT\",\"image\":{\"@type\":\"ImageObject\",\"inLanguage\":\"pt-BR\",\"@id\":\"https:\/\/acompanheseuprojeto.com.br\/acrimat\/#\/schema\/person\/image\/\",\"url\":\"https:\/\/secure.gravatar.com\/avatar\/e3afbea5798ff5b48efe171056854a37?s=96&d=mm&r=g\",\"contentUrl\":\"https:\/\/secure.gravatar.com\/avatar\/e3afbea5798ff5b48efe171056854a37?s=96&d=mm&r=g\",\"caption\":\"Assessoria de comunica\u00e7\u00e3o ACRIMAT\"},\"sameAs\":[\"http:\/\/acrimat.org.br\/\"],\"url\":\"https:\/\/acompanheseuprojeto.com.br\/acrimat\/author\/ascom\/\"}]}<\/script>\n<!-- \/ Yoast SEO plugin. -->","yoast_head_json":{"title":"Acrimat participa da 22\u00aa edi\u00e7\u00e3o do Congresso Mundial da Carne - Acrimat","robots":{"index":"index","follow":"follow","max-snippet":"max-snippet:-1","max-image-preview":"max-image-preview:large","max-video-preview":"max-video-preview:-1"},"canonical":"https:\/\/acompanheseuprojeto.com.br\/acrimat\/acrimat-participa-da-22a-edicao-do-congresso-mundial-da-carne\/","og_locale":"pt_BR","og_type":"article","og_title":"Acrimat participa da 22\u00aa edi\u00e7\u00e3o do Congresso Mundial da Carne - Acrimat","og_description":"De quarta-feira (30.05) at\u00e9 sexta-feira (01.06), a Acrimat participa do 22\u00ba Congresso Mundial da Carne (2018 World Meat Congress - WMC) em Dallas, nos Estados Unidos","og_url":"https:\/\/acompanheseuprojeto.com.br\/acrimat\/acrimat-participa-da-22a-edicao-do-congresso-mundial-da-carne\/","og_site_name":"Acrimat","article_published_time":"2018-05-30T18:08:35+00:00","og_image":[{"width":1600,"height":1200,"url":"https:\/\/acompanheseuprojeto.com.br\/acrimat\/wp-content\/uploads\/2018\/05\/52d81d9c-538a-4b32-aecd-ec4c4431.jpg","type":"image\/jpeg"}],"author":"Assessoria de comunica\u00e7\u00e3o ACRIMAT","twitter_card":"summary_large_image","twitter_misc":{"Escrito por":"Assessoria de comunica\u00e7\u00e3o ACRIMAT","Est. tempo de leitura":"2 minutos"},"schema":{"@context":"https:\/\/schema.org","@graph":[{"@type":"Article","@id":"https:\/\/acompanheseuprojeto.com.br\/acrimat\/acrimat-participa-da-22a-edicao-do-congresso-mundial-da-carne\/#article","isPartOf":{"@id":"https:\/\/acompanheseuprojeto.com.br\/acrimat\/acrimat-participa-da-22a-edicao-do-congresso-mundial-da-carne\/"},"author":{"name":"Assessoria de comunica\u00e7\u00e3o ACRIMAT","@id":"https:\/\/acompanheseuprojeto.com.br\/acrimat\/#\/schema\/person\/e9a4d976e539490a6f361f1d7e9b06d6"},"headline":"Acrimat participa da 22\u00aa edi\u00e7\u00e3o do Congresso Mundial da Carne","datePublished":"2018-05-30T18:08:35+00:00","dateModified":"2018-05-30T18:08:35+00:00","mainEntityOfPage":{"@id":"https:\/\/acompanheseuprojeto.com.br\/acrimat\/acrimat-participa-da-22a-edicao-do-congresso-mundial-da-carne\/"},"wordCount":344,"publisher":{"@id":"https:\/\/acompanheseuprojeto.com.br\/acrimat\/#organization"},"image":{"@id":"https:\/\/acompanheseuprojeto.com.br\/acrimat\/acrimat-participa-da-22a-edicao-do-congresso-mundial-da-carne\/#primaryimage"},"thumbnailUrl":"https:\/\/acompanheseuprojeto.com.br\/acrimat\/wp-content\/uploads\/2018\/05\/52d81d9c-538a-4b32-aecd-ec4c4431.jpg","articleSection":["Destaques","Not\u00edcias"],"inLanguage":"pt-BR"},{"@type":"WebPage","@id":"https:\/\/acompanheseuprojeto.com.br\/acrimat\/acrimat-participa-da-22a-edicao-do-congresso-mundial-da-carne\/","url":"https:\/\/acompanheseuprojeto.com.br\/acrimat\/acrimat-participa-da-22a-edicao-do-congresso-mundial-da-carne\/","name":"Acrimat participa da 22\u00aa edi\u00e7\u00e3o do Congresso Mundial da Carne - Acrimat","isPartOf":{"@id":"https:\/\/acompanheseuprojeto.com.br\/acrimat\/#website"},"primaryImageOfPage":{"@id":"https:\/\/acompanheseuprojeto.com.br\/acrimat\/acrimat-participa-da-22a-edicao-do-congresso-mundial-da-carne\/#primaryimage"},"image":{"@id":"https:\/\/acompanheseuprojeto.com.br\/acrimat\/acrimat-participa-da-22a-edicao-do-congresso-mundial-da-carne\/#primaryimage"},"thumbnailUrl":"https:\/\/acompanheseuprojeto.com.br\/acrimat\/wp-content\/uploads\/2018\/05\/52d81d9c-538a-4b32-aecd-ec4c4431.jpg","datePublished":"2018-05-30T18:08:35+00:00","dateModified":"2018-05-30T18:08:35+00:00","breadcrumb":{"@id":"https:\/\/acompanheseuprojeto.com.br\/acrimat\/acrimat-participa-da-22a-edicao-do-congresso-mundial-da-carne\/#breadcrumb"},"inLanguage":"pt-BR","potentialAction":[{"@type":"ReadAction","target":["https:\/\/acompanheseuprojeto.com.br\/acrimat\/acrimat-participa-da-22a-edicao-do-congresso-mundial-da-carne\/"]}]},{"@type":"ImageObject","inLanguage":"pt-BR","@id":"https:\/\/acompanheseuprojeto.com.br\/acrimat\/acrimat-participa-da-22a-edicao-do-congresso-mundial-da-carne\/#primaryimage","url":"https:\/\/acompanheseuprojeto.com.br\/acrimat\/wp-content\/uploads\/2018\/05\/52d81d9c-538a-4b32-aecd-ec4c4431.jpg","contentUrl":"https:\/\/acompanheseuprojeto.com.br\/acrimat\/wp-content\/uploads\/2018\/05\/52d81d9c-538a-4b32-aecd-ec4c4431.jpg","width":1600,"height":1200},{"@type":"BreadcrumbList","@id":"https:\/\/acompanheseuprojeto.com.br\/acrimat\/acrimat-participa-da-22a-edicao-do-congresso-mundial-da-carne\/#breadcrumb","itemListElement":[{"@type":"ListItem","position":1,"name":"In\u00edcio","item":"https:\/\/acompanheseuprojeto.com.br\/acrimat\/"},{"@type":"ListItem","position":2,"name":"Acrimat participa da 22\u00aa edi\u00e7\u00e3o do Congresso Mundial da Carne"}]},{"@type":"WebSite","@id":"https:\/\/acompanheseuprojeto.com.br\/acrimat\/#website","url":"https:\/\/acompanheseuprojeto.com.br\/acrimat\/","name":"Acrimat","description":"Associa\u00e7\u00e3o dos Criadores de Mato Grosso","publisher":{"@id":"https:\/\/acompanheseuprojeto.com.br\/acrimat\/#organization"},"potentialAction":[{"@type":"SearchAction","target":{"@type":"EntryPoint","urlTemplate":"https:\/\/acompanheseuprojeto.com.br\/acrimat\/?s={search_term_string}"},"query-input":{"@type":"PropertyValueSpecification","valueRequired":true,"valueName":"search_term_string"}}],"inLanguage":"pt-BR"},{"@type":"Organization","@id":"https:\/\/acompanheseuprojeto.com.br\/acrimat\/#organization","name":"Associa\u00e7\u00e3o dos Criadores de Mato Grosso","url":"https:\/\/acompanheseuprojeto.com.br\/acrimat\/","logo":{"@type":"ImageObject","inLanguage":"pt-BR","@id":"https:\/\/acompanheseuprojeto.com.br\/acrimat\/#\/schema\/logo\/image\/","url":"https:\/\/acompanheseuprojeto.com.br\/acrimat\/wp-content\/uploads\/2018\/03\/logo-peq-original.png","contentUrl":"https:\/\/acompanheseuprojeto.com.br\/acrimat\/wp-content\/uploads\/2018\/03\/logo-peq-original.png","width":174,"height":171,"caption":"Associa\u00e7\u00e3o dos Criadores de Mato Grosso"},"image":{"@id":"https:\/\/acompanheseuprojeto.com.br\/acrimat\/#\/schema\/logo\/image\/"}},{"@type":"Person","@id":"https:\/\/acompanheseuprojeto.com.br\/acrimat\/#\/schema\/person\/e9a4d976e539490a6f361f1d7e9b06d6","name":"Assessoria de comunica\u00e7\u00e3o ACRIMAT","image":{"@type":"ImageObject","inLanguage":"pt-BR","@id":"https:\/\/acompanheseuprojeto.com.br\/acrimat\/#\/schema\/person\/image\/","url":"https:\/\/secure.gravatar.com\/avatar\/e3afbea5798ff5b48efe171056854a37?s=96&d=mm&r=g","contentUrl":"https:\/\/secure.gravatar.com\/avatar\/e3afbea5798ff5b48efe171056854a37?s=96&d=mm&r=g","caption":"Assessoria de comunica\u00e7\u00e3o ACRIMAT"},"sameAs":["http:\/\/acrimat.org.br\/"],"url":"https:\/\/acompanheseuprojeto.com.br\/acrimat\/author\/ascom\/"}]}},"_links":{"self":[{"href":"https:\/\/acompanheseuprojeto.com.br\/acrimat\/wp-json\/wp\/v2\/posts\/97987891","targetHints":{"allow":["GET"]}}],"collection":[{"href":"https:\/\/acompanheseuprojeto.com.br\/acrimat\/wp-json\/wp\/v2\/posts"}],"about":[{"href":"https:\/\/acompanheseuprojeto.com.br\/acrimat\/wp-json\/wp\/v2\/types\/post"}],"author":[{"embeddable":true,"href":"https:\/\/acompanheseuprojeto.com.br\/acrimat\/wp-json\/wp\/v2\/users\/7"}],"replies":[{"embeddable":true,"href":"https:\/\/acompanheseuprojeto.com.br\/acrimat\/wp-json\/wp\/v2\/comments?post=97987891"}],"version-history":[{"count":1,"href":"https:\/\/acompanheseuprojeto.com.br\/acrimat\/wp-json\/wp\/v2\/posts\/97987891\/revisions"}],"predecessor-version":[{"id":97987893,"href":"https:\/\/acompanheseuprojeto.com.br\/acrimat\/wp-json\/wp\/v2\/posts\/97987891\/revisions\/97987893"}],"wp:featuredmedia":[{"embeddable":true,"href":"https:\/\/acompanheseuprojeto.com.br\/acrimat\/wp-json\/wp\/v2\/media\/97987892"}],"wp:attachment":[{"href":"https:\/\/acompanheseuprojeto.com.br\/acrimat\/wp-json\/wp\/v2\/media?parent=97987891"}],"wp:term":[{"taxonomy":"category","embeddable":true,"href":"https:\/\/acompanheseuprojeto.com.br\/acrimat\/wp-json\/wp\/v2\/categories?post=97987891"},{"taxonomy":"post_tag","embeddable":true,"href":"https:\/\/acompanheseuprojeto.com.br\/acrimat\/wp-json\/wp\/v2\/tags?post=97987891"}],"curies":[{"name":"wp","href":"https:\/\/api.w.org\/{rel}","templated":true}]}}