{"id":97987918,"date":"2018-06-04T11:16:32","date_gmt":"2018-06-04T14:16:32","guid":{"rendered":"https:\/\/acompanheseuprojeto.com.br\/acrimat\/?p=97987918"},"modified":"2018-06-04T11:16:32","modified_gmt":"2018-06-04T14:16:32","slug":"comeca-implantacao-do-selo-da-carne","status":"publish","type":"post","link":"https:\/\/acompanheseuprojeto.com.br\/acrimat\/comeca-implantacao-do-selo-da-carne\/","title":{"rendered":"Come\u00e7a implanta\u00e7\u00e3o do selo da carne"},"content":{"rendered":"<p>Est\u00e1 em fase de implanta\u00e7\u00e3o pelo Instituto Mato-grossense da Carne (Imac) na ind\u00fastria do Grupo Marfrig, em Tangar\u00e1 da Serra (a 239 km a m\u00e9dio-norte de Cuiab\u00e1), o selo de garantia de origem da carne de Mato Grosso. O projeto deve estar operando em 40 dias, conforme garantiu o presidente do instituto, Guilherme Nolasco, a pecuaristas da Associa\u00e7\u00e3o dos Criadores de Nelore de Mato Grosso (ACNMT).<\/p>\n<p>Ele explicou que a meta \u00e9 abranger pelo menos 10 dos 27 frigor\u00edficos em funcionamento no Estado at\u00e9 o pr\u00f3ximo ano. O selo garante requisitos de rastreabilidade, com avalia\u00e7\u00e3o de carca\u00e7a, transpar\u00eancia e controle de pesagem disponibilizado ao produtor de forma online e com imagens controladas pelo sistema do Imac. Os cadastros dever\u00e3o atender toda a legisla\u00e7\u00e3o sanit\u00e1ria, ambiental e trabalhista brasileira, oferecendo maior seguran\u00e7a ao mercado consumidor.<\/p>\n<p>\u201cVamos garantir a rastreabilidade de origem dos nossos produtos do ponto de vista da qualidade e seguran\u00e7a sanit\u00e1ria, demonstrando que adv\u00eam de produ\u00e7\u00e3o sustent\u00e1vel socioeconomicamente, ou seja, que eles n\u00e3o t\u00eam origem em desmatamento ilegal da floresta, do trabalho an\u00e1logo \u00e0 escravid\u00e3o ou da ocupa\u00e7\u00e3o de terras ind\u00edgenas, o que vai agregar ainda mais ao Estado que j\u00e1 possui o maior rebanho bovino do pa\u00eds\u201d.<\/p>\n<p>Com o selo, Mato Grosso vai alcan\u00e7ar a padroniza\u00e7\u00e3o dos projetos industriais, transpar\u00eancia do processo produtivo e ainda trabalhar a marca da carne, que \u00e9 seu principal produto, junto \u00e0s redes de supermercados, atacado e tamb\u00e9m mercado externo. \u201cOs trabalhos est\u00e3o na fase de finaliza\u00e7\u00e3o do sistema que far\u00e1 as pesagens por meio das balan\u00e7as do instituto implantadas nos frigor\u00edficos e a checagem dos requisitos m\u00ednimos do padr\u00e3o Imac\u201d, garante o gestor.<\/p>\n<p>Para o pecuarista Mario Candia, presidente da ACNMT, o novo selo de origem vai estimular as melhores pr\u00e1ticas no campo, garantindo melhor produtividade e rentabilidade. \u201cTudo est\u00e1 evoluindo muito r\u00e1pido, em todas as \u00e1reas, desde gen\u00e9tica, nutri\u00e7\u00e3o e cadeia da carne, todas as \u00e1reas precisam ser debatidas pelo produtor rural\u201d.<\/p>\n<p>Mato Grosso possui o maior rebanho bovino brasileiros, com aproximadamente 30,3 milh\u00f5es de animais, dos quais 80% deste total da ra\u00e7a nelore. Tamb\u00e9m atingiu recorde de exporta\u00e7\u00f5es da carne in natura no m\u00eas de mar\u00e7o, com o embarque de 21,95 mil toneladas, o que gerou receita de US$ 89,5 milh\u00f5es.<\/p>\n","protected":false},"excerpt":{"rendered":"<p>Est\u00e1 em fase de implanta\u00e7\u00e3o pelo Imac na ind\u00fastria do Grupo Marfrig, em Tangar\u00e1 da Serra o selo de garantia de origem da carne de Mato Grosso<\/p>\n","protected":false},"author":7,"featured_media":97987919,"comment_status":"closed","ping_status":"closed","sticky":false,"template":"","format":"standard","meta":{"footnotes":""},"categories":[6,1],"tags":[],"class_list":["post-97987918","post","type-post","status-publish","format-standard","has-post-thumbnail","hentry","category-destaque","category-noticia"],"yoast_head":"<!-- This site is optimized with the Yoast SEO plugin v24.2 - https:\/\/yoast.com\/wordpress\/plugins\/seo\/ -->\n<title>Come\u00e7a implanta\u00e7\u00e3o do selo da carne - Acrimat<\/title>\n<meta name=\"robots\" content=\"index, follow, max-snippet:-1, max-image-preview:large, max-video-preview:-1\" \/>\n<link rel=\"canonical\" href=\"https:\/\/acompanheseuprojeto.com.br\/acrimat\/comeca-implantacao-do-selo-da-carne\/\" \/>\n<meta property=\"og:locale\" content=\"pt_BR\" \/>\n<meta property=\"og:type\" content=\"article\" \/>\n<meta property=\"og:title\" content=\"Come\u00e7a implanta\u00e7\u00e3o do selo da carne - Acrimat\" \/>\n<meta property=\"og:description\" content=\"Est\u00e1 em fase de implanta\u00e7\u00e3o pelo Imac na ind\u00fastria do Grupo Marfrig, em Tangar\u00e1 da Serra o selo de garantia de origem da carne de Mato Grosso\" \/>\n<meta property=\"og:url\" content=\"https:\/\/acompanheseuprojeto.com.br\/acrimat\/comeca-implantacao-do-selo-da-carne\/\" \/>\n<meta property=\"og:site_name\" content=\"Acrimat\" \/>\n<meta property=\"article:published_time\" content=\"2018-06-04T14:16:32+00:00\" \/>\n<meta property=\"og:image\" content=\"https:\/\/acompanheseuprojeto.com.br\/acrimat\/wp-content\/uploads\/2018\/06\/1457355410296.jpg\" \/>\n\t<meta property=\"og:image:width\" content=\"654\" \/>\n\t<meta property=\"og:image:height\" content=\"654\" \/>\n\t<meta property=\"og:image:type\" content=\"image\/jpeg\" \/>\n<meta name=\"author\" content=\"Assessoria de comunica\u00e7\u00e3o ACRIMAT\" \/>\n<meta name=\"twitter:card\" content=\"summary_large_image\" \/>\n<meta name=\"twitter:label1\" content=\"Escrito por\" \/>\n\t<meta name=\"twitter:data1\" content=\"Assessoria de comunica\u00e7\u00e3o ACRIMAT\" \/>\n\t<meta name=\"twitter:label2\" content=\"Est. tempo de leitura\" \/>\n\t<meta name=\"twitter:data2\" content=\"2 minutos\" \/>\n<script type=\"application\/ld+json\" class=\"yoast-schema-graph\">{\"@context\":\"https:\/\/schema.org\",\"@graph\":[{\"@type\":\"Article\",\"@id\":\"https:\/\/acompanheseuprojeto.com.br\/acrimat\/comeca-implantacao-do-selo-da-carne\/#article\",\"isPartOf\":{\"@id\":\"https:\/\/acompanheseuprojeto.com.br\/acrimat\/comeca-implantacao-do-selo-da-carne\/\"},\"author\":{\"name\":\"Assessoria de comunica\u00e7\u00e3o ACRIMAT\",\"@id\":\"https:\/\/acompanheseuprojeto.com.br\/acrimat\/#\/schema\/person\/e9a4d976e539490a6f361f1d7e9b06d6\"},\"headline\":\"Come\u00e7a implanta\u00e7\u00e3o do selo da carne\",\"datePublished\":\"2018-06-04T14:16:32+00:00\",\"dateModified\":\"2018-06-04T14:16:32+00:00\",\"mainEntityOfPage\":{\"@id\":\"https:\/\/acompanheseuprojeto.com.br\/acrimat\/comeca-implantacao-do-selo-da-carne\/\"},\"wordCount\":414,\"publisher\":{\"@id\":\"https:\/\/acompanheseuprojeto.com.br\/acrimat\/#organization\"},\"image\":{\"@id\":\"https:\/\/acompanheseuprojeto.com.br\/acrimat\/comeca-implantacao-do-selo-da-carne\/#primaryimage\"},\"thumbnailUrl\":\"https:\/\/acompanheseuprojeto.com.br\/acrimat\/wp-content\/uploads\/2018\/06\/1457355410296.jpg\",\"articleSection\":[\"Destaques\",\"Not\u00edcias\"],\"inLanguage\":\"pt-BR\"},{\"@type\":\"WebPage\",\"@id\":\"https:\/\/acompanheseuprojeto.com.br\/acrimat\/comeca-implantacao-do-selo-da-carne\/\",\"url\":\"https:\/\/acompanheseuprojeto.com.br\/acrimat\/comeca-implantacao-do-selo-da-carne\/\",\"name\":\"Come\u00e7a implanta\u00e7\u00e3o do selo da carne - Acrimat\",\"isPartOf\":{\"@id\":\"https:\/\/acompanheseuprojeto.com.br\/acrimat\/#website\"},\"primaryImageOfPage\":{\"@id\":\"https:\/\/acompanheseuprojeto.com.br\/acrimat\/comeca-implantacao-do-selo-da-carne\/#primaryimage\"},\"image\":{\"@id\":\"https:\/\/acompanheseuprojeto.com.br\/acrimat\/comeca-implantacao-do-selo-da-carne\/#primaryimage\"},\"thumbnailUrl\":\"https:\/\/acompanheseuprojeto.com.br\/acrimat\/wp-content\/uploads\/2018\/06\/1457355410296.jpg\",\"datePublished\":\"2018-06-04T14:16:32+00:00\",\"dateModified\":\"2018-06-04T14:16:32+00:00\",\"breadcrumb\":{\"@id\":\"https:\/\/acompanheseuprojeto.com.br\/acrimat\/comeca-implantacao-do-selo-da-carne\/#breadcrumb\"},\"inLanguage\":\"pt-BR\",\"potentialAction\":[{\"@type\":\"ReadAction\",\"target\":[\"https:\/\/acompanheseuprojeto.com.br\/acrimat\/comeca-implantacao-do-selo-da-carne\/\"]}]},{\"@type\":\"ImageObject\",\"inLanguage\":\"pt-BR\",\"@id\":\"https:\/\/acompanheseuprojeto.com.br\/acrimat\/comeca-implantacao-do-selo-da-carne\/#primaryimage\",\"url\":\"https:\/\/acompanheseuprojeto.com.br\/acrimat\/wp-content\/uploads\/2018\/06\/1457355410296.jpg\",\"contentUrl\":\"https:\/\/acompanheseuprojeto.com.br\/acrimat\/wp-content\/uploads\/2018\/06\/1457355410296.jpg\",\"width\":654,\"height\":654},{\"@type\":\"BreadcrumbList\",\"@id\":\"https:\/\/acompanheseuprojeto.com.br\/acrimat\/comeca-implantacao-do-selo-da-carne\/#breadcrumb\",\"itemListElement\":[{\"@type\":\"ListItem\",\"position\":1,\"name\":\"In\u00edcio\",\"item\":\"https:\/\/acompanheseuprojeto.com.br\/acrimat\/\"},{\"@type\":\"ListItem\",\"position\":2,\"name\":\"Come\u00e7a implanta\u00e7\u00e3o do selo da carne\"}]},{\"@type\":\"WebSite\",\"@id\":\"https:\/\/acompanheseuprojeto.com.br\/acrimat\/#website\",\"url\":\"https:\/\/acompanheseuprojeto.com.br\/acrimat\/\",\"name\":\"Acrimat\",\"description\":\"Associa\u00e7\u00e3o dos Criadores de Mato Grosso\",\"publisher\":{\"@id\":\"https:\/\/acompanheseuprojeto.com.br\/acrimat\/#organization\"},\"potentialAction\":[{\"@type\":\"SearchAction\",\"target\":{\"@type\":\"EntryPoint\",\"urlTemplate\":\"https:\/\/acompanheseuprojeto.com.br\/acrimat\/?s={search_term_string}\"},\"query-input\":{\"@type\":\"PropertyValueSpecification\",\"valueRequired\":true,\"valueName\":\"search_term_string\"}}],\"inLanguage\":\"pt-BR\"},{\"@type\":\"Organization\",\"@id\":\"https:\/\/acompanheseuprojeto.com.br\/acrimat\/#organization\",\"name\":\"Associa\u00e7\u00e3o dos Criadores de Mato Grosso\",\"url\":\"https:\/\/acompanheseuprojeto.com.br\/acrimat\/\",\"logo\":{\"@type\":\"ImageObject\",\"inLanguage\":\"pt-BR\",\"@id\":\"https:\/\/acompanheseuprojeto.com.br\/acrimat\/#\/schema\/logo\/image\/\",\"url\":\"https:\/\/acompanheseuprojeto.com.br\/acrimat\/wp-content\/uploads\/2018\/03\/logo-peq-original.png\",\"contentUrl\":\"https:\/\/acompanheseuprojeto.com.br\/acrimat\/wp-content\/uploads\/2018\/03\/logo-peq-original.png\",\"width\":174,\"height\":171,\"caption\":\"Associa\u00e7\u00e3o dos Criadores de Mato Grosso\"},\"image\":{\"@id\":\"https:\/\/acompanheseuprojeto.com.br\/acrimat\/#\/schema\/logo\/image\/\"}},{\"@type\":\"Person\",\"@id\":\"https:\/\/acompanheseuprojeto.com.br\/acrimat\/#\/schema\/person\/e9a4d976e539490a6f361f1d7e9b06d6\",\"name\":\"Assessoria de comunica\u00e7\u00e3o ACRIMAT\",\"image\":{\"@type\":\"ImageObject\",\"inLanguage\":\"pt-BR\",\"@id\":\"https:\/\/acompanheseuprojeto.com.br\/acrimat\/#\/schema\/person\/image\/\",\"url\":\"https:\/\/secure.gravatar.com\/avatar\/e3afbea5798ff5b48efe171056854a37?s=96&d=mm&r=g\",\"contentUrl\":\"https:\/\/secure.gravatar.com\/avatar\/e3afbea5798ff5b48efe171056854a37?s=96&d=mm&r=g\",\"caption\":\"Assessoria de comunica\u00e7\u00e3o ACRIMAT\"},\"sameAs\":[\"http:\/\/acrimat.org.br\/\"],\"url\":\"https:\/\/acompanheseuprojeto.com.br\/acrimat\/author\/ascom\/\"}]}<\/script>\n<!-- \/ Yoast SEO plugin. -->","yoast_head_json":{"title":"Come\u00e7a implanta\u00e7\u00e3o do selo da carne - Acrimat","robots":{"index":"index","follow":"follow","max-snippet":"max-snippet:-1","max-image-preview":"max-image-preview:large","max-video-preview":"max-video-preview:-1"},"canonical":"https:\/\/acompanheseuprojeto.com.br\/acrimat\/comeca-implantacao-do-selo-da-carne\/","og_locale":"pt_BR","og_type":"article","og_title":"Come\u00e7a implanta\u00e7\u00e3o do selo da carne - Acrimat","og_description":"Est\u00e1 em fase de implanta\u00e7\u00e3o pelo Imac na ind\u00fastria do Grupo Marfrig, em Tangar\u00e1 da Serra o selo de garantia de origem da carne de Mato Grosso","og_url":"https:\/\/acompanheseuprojeto.com.br\/acrimat\/comeca-implantacao-do-selo-da-carne\/","og_site_name":"Acrimat","article_published_time":"2018-06-04T14:16:32+00:00","og_image":[{"width":654,"height":654,"url":"https:\/\/acompanheseuprojeto.com.br\/acrimat\/wp-content\/uploads\/2018\/06\/1457355410296.jpg","type":"image\/jpeg"}],"author":"Assessoria de comunica\u00e7\u00e3o ACRIMAT","twitter_card":"summary_large_image","twitter_misc":{"Escrito por":"Assessoria de comunica\u00e7\u00e3o ACRIMAT","Est. tempo de leitura":"2 minutos"},"schema":{"@context":"https:\/\/schema.org","@graph":[{"@type":"Article","@id":"https:\/\/acompanheseuprojeto.com.br\/acrimat\/comeca-implantacao-do-selo-da-carne\/#article","isPartOf":{"@id":"https:\/\/acompanheseuprojeto.com.br\/acrimat\/comeca-implantacao-do-selo-da-carne\/"},"author":{"name":"Assessoria de comunica\u00e7\u00e3o ACRIMAT","@id":"https:\/\/acompanheseuprojeto.com.br\/acrimat\/#\/schema\/person\/e9a4d976e539490a6f361f1d7e9b06d6"},"headline":"Come\u00e7a implanta\u00e7\u00e3o do selo da carne","datePublished":"2018-06-04T14:16:32+00:00","dateModified":"2018-06-04T14:16:32+00:00","mainEntityOfPage":{"@id":"https:\/\/acompanheseuprojeto.com.br\/acrimat\/comeca-implantacao-do-selo-da-carne\/"},"wordCount":414,"publisher":{"@id":"https:\/\/acompanheseuprojeto.com.br\/acrimat\/#organization"},"image":{"@id":"https:\/\/acompanheseuprojeto.com.br\/acrimat\/comeca-implantacao-do-selo-da-carne\/#primaryimage"},"thumbnailUrl":"https:\/\/acompanheseuprojeto.com.br\/acrimat\/wp-content\/uploads\/2018\/06\/1457355410296.jpg","articleSection":["Destaques","Not\u00edcias"],"inLanguage":"pt-BR"},{"@type":"WebPage","@id":"https:\/\/acompanheseuprojeto.com.br\/acrimat\/comeca-implantacao-do-selo-da-carne\/","url":"https:\/\/acompanheseuprojeto.com.br\/acrimat\/comeca-implantacao-do-selo-da-carne\/","name":"Come\u00e7a implanta\u00e7\u00e3o do selo da carne - Acrimat","isPartOf":{"@id":"https:\/\/acompanheseuprojeto.com.br\/acrimat\/#website"},"primaryImageOfPage":{"@id":"https:\/\/acompanheseuprojeto.com.br\/acrimat\/comeca-implantacao-do-selo-da-carne\/#primaryimage"},"image":{"@id":"https:\/\/acompanheseuprojeto.com.br\/acrimat\/comeca-implantacao-do-selo-da-carne\/#primaryimage"},"thumbnailUrl":"https:\/\/acompanheseuprojeto.com.br\/acrimat\/wp-content\/uploads\/2018\/06\/1457355410296.jpg","datePublished":"2018-06-04T14:16:32+00:00","dateModified":"2018-06-04T14:16:32+00:00","breadcrumb":{"@id":"https:\/\/acompanheseuprojeto.com.br\/acrimat\/comeca-implantacao-do-selo-da-carne\/#breadcrumb"},"inLanguage":"pt-BR","potentialAction":[{"@type":"ReadAction","target":["https:\/\/acompanheseuprojeto.com.br\/acrimat\/comeca-implantacao-do-selo-da-carne\/"]}]},{"@type":"ImageObject","inLanguage":"pt-BR","@id":"https:\/\/acompanheseuprojeto.com.br\/acrimat\/comeca-implantacao-do-selo-da-carne\/#primaryimage","url":"https:\/\/acompanheseuprojeto.com.br\/acrimat\/wp-content\/uploads\/2018\/06\/1457355410296.jpg","contentUrl":"https:\/\/acompanheseuprojeto.com.br\/acrimat\/wp-content\/uploads\/2018\/06\/1457355410296.jpg","width":654,"height":654},{"@type":"BreadcrumbList","@id":"https:\/\/acompanheseuprojeto.com.br\/acrimat\/comeca-implantacao-do-selo-da-carne\/#breadcrumb","itemListElement":[{"@type":"ListItem","position":1,"name":"In\u00edcio","item":"https:\/\/acompanheseuprojeto.com.br\/acrimat\/"},{"@type":"ListItem","position":2,"name":"Come\u00e7a implanta\u00e7\u00e3o do selo da carne"}]},{"@type":"WebSite","@id":"https:\/\/acompanheseuprojeto.com.br\/acrimat\/#website","url":"https:\/\/acompanheseuprojeto.com.br\/acrimat\/","name":"Acrimat","description":"Associa\u00e7\u00e3o dos Criadores de Mato Grosso","publisher":{"@id":"https:\/\/acompanheseuprojeto.com.br\/acrimat\/#organization"},"potentialAction":[{"@type":"SearchAction","target":{"@type":"EntryPoint","urlTemplate":"https:\/\/acompanheseuprojeto.com.br\/acrimat\/?s={search_term_string}"},"query-input":{"@type":"PropertyValueSpecification","valueRequired":true,"valueName":"search_term_string"}}],"inLanguage":"pt-BR"},{"@type":"Organization","@id":"https:\/\/acompanheseuprojeto.com.br\/acrimat\/#organization","name":"Associa\u00e7\u00e3o dos Criadores de Mato Grosso","url":"https:\/\/acompanheseuprojeto.com.br\/acrimat\/","logo":{"@type":"ImageObject","inLanguage":"pt-BR","@id":"https:\/\/acompanheseuprojeto.com.br\/acrimat\/#\/schema\/logo\/image\/","url":"https:\/\/acompanheseuprojeto.com.br\/acrimat\/wp-content\/uploads\/2018\/03\/logo-peq-original.png","contentUrl":"https:\/\/acompanheseuprojeto.com.br\/acrimat\/wp-content\/uploads\/2018\/03\/logo-peq-original.png","width":174,"height":171,"caption":"Associa\u00e7\u00e3o dos Criadores de Mato Grosso"},"image":{"@id":"https:\/\/acompanheseuprojeto.com.br\/acrimat\/#\/schema\/logo\/image\/"}},{"@type":"Person","@id":"https:\/\/acompanheseuprojeto.com.br\/acrimat\/#\/schema\/person\/e9a4d976e539490a6f361f1d7e9b06d6","name":"Assessoria de comunica\u00e7\u00e3o ACRIMAT","image":{"@type":"ImageObject","inLanguage":"pt-BR","@id":"https:\/\/acompanheseuprojeto.com.br\/acrimat\/#\/schema\/person\/image\/","url":"https:\/\/secure.gravatar.com\/avatar\/e3afbea5798ff5b48efe171056854a37?s=96&d=mm&r=g","contentUrl":"https:\/\/secure.gravatar.com\/avatar\/e3afbea5798ff5b48efe171056854a37?s=96&d=mm&r=g","caption":"Assessoria de comunica\u00e7\u00e3o ACRIMAT"},"sameAs":["http:\/\/acrimat.org.br\/"],"url":"https:\/\/acompanheseuprojeto.com.br\/acrimat\/author\/ascom\/"}]}},"_links":{"self":[{"href":"https:\/\/acompanheseuprojeto.com.br\/acrimat\/wp-json\/wp\/v2\/posts\/97987918","targetHints":{"allow":["GET"]}}],"collection":[{"href":"https:\/\/acompanheseuprojeto.com.br\/acrimat\/wp-json\/wp\/v2\/posts"}],"about":[{"href":"https:\/\/acompanheseuprojeto.com.br\/acrimat\/wp-json\/wp\/v2\/types\/post"}],"author":[{"embeddable":true,"href":"https:\/\/acompanheseuprojeto.com.br\/acrimat\/wp-json\/wp\/v2\/users\/7"}],"replies":[{"embeddable":true,"href":"https:\/\/acompanheseuprojeto.com.br\/acrimat\/wp-json\/wp\/v2\/comments?post=97987918"}],"version-history":[{"count":1,"href":"https:\/\/acompanheseuprojeto.com.br\/acrimat\/wp-json\/wp\/v2\/posts\/97987918\/revisions"}],"predecessor-version":[{"id":97987920,"href":"https:\/\/acompanheseuprojeto.com.br\/acrimat\/wp-json\/wp\/v2\/posts\/97987918\/revisions\/97987920"}],"wp:featuredmedia":[{"embeddable":true,"href":"https:\/\/acompanheseuprojeto.com.br\/acrimat\/wp-json\/wp\/v2\/media\/97987919"}],"wp:attachment":[{"href":"https:\/\/acompanheseuprojeto.com.br\/acrimat\/wp-json\/wp\/v2\/media?parent=97987918"}],"wp:term":[{"taxonomy":"category","embeddable":true,"href":"https:\/\/acompanheseuprojeto.com.br\/acrimat\/wp-json\/wp\/v2\/categories?post=97987918"},{"taxonomy":"post_tag","embeddable":true,"href":"https:\/\/acompanheseuprojeto.com.br\/acrimat\/wp-json\/wp\/v2\/tags?post=97987918"}],"curies":[{"name":"wp","href":"https:\/\/api.w.org\/{rel}","templated":true}]}}