{"id":97989097,"date":"2018-08-09T15:05:57","date_gmt":"2018-08-09T18:05:57","guid":{"rendered":"https:\/\/acompanheseuprojeto.com.br\/acrimat\/?p=97989097"},"modified":"2018-08-09T15:05:57","modified_gmt":"2018-08-09T18:05:57","slug":"minerva-greve-dos-caminhoneiros-provocou-queda-no-abate-de-gado-no-trimestre","status":"publish","type":"post","link":"https:\/\/acompanheseuprojeto.com.br\/acrimat\/minerva-greve-dos-caminhoneiros-provocou-queda-no-abate-de-gado-no-trimestre\/","title":{"rendered":"Minerva: greve dos caminhoneiros provocou queda no abate de gado no trimestre"},"content":{"rendered":"<p>A greve dos caminhoneiros, que paralisou o transporte de cargas entre o fim de maio e o in\u00edcio de junho, prejudicou o volume de abates de gado bovino pela Minerva Foods na varia\u00e7\u00e3o trimestral, disse nesta quarta-feira, 8, o CEO da companhia, Fernando Galletti de Queiroz, durante teleconfer\u00eancia com analistas.<\/p>\n<div class=\"teads-inread\">\n<div>\n<div id=\"teads0\" class=\"teads-player\">\u00a0De acordo com o balan\u00e7o financeiro, o volume de abates da empresa no Brasil atingiu 385 mil cabe\u00e7as no segundo trimestre de 2018, aumento de 7,4% em rela\u00e7\u00e3o ao igual per\u00edodo de 2017, mas queda de 9,6% quando comparado ao total de 426 mil cabe\u00e7as abatido nos tr\u00eas primeiros meses do ano.<\/div>\n<div>\n<p>Em contrapartida, \u201cum reflexo positivo da paralisa\u00e7\u00e3o foi o aumento nos pre\u00e7os internos da carne bovina, por causa de ajustes na produ\u00e7\u00e3o\u201d, afirmou Queiroz. Com o intuito de compensar a paralisa\u00e7\u00e3o dos abates em maio, a companhia expandiu a capacidade nas unidades fora do Brasil e tamb\u00e9m utilizou s\u00e1bados e feriados como dias de opera\u00e7\u00f5es.<\/p>\n<p>Nas unidades brasileiras, a taxa de utiliza\u00e7\u00e3o de capacidade atingiu 72%, resultado 6,3 ponto porcentual abaixo do obtido em igual trimestre do ano passado. Na divis\u00e3o internacional, a taxa de utiliza\u00e7\u00e3o saiu de 70,7% no segundo trimestre de 2017, para 78,1% no acumulado de tr\u00eas meses encerrado no \u00faltimo dia 30 de junho.<\/p>\n<\/div>\n<\/div>\n<\/div>\n","protected":false},"excerpt":{"rendered":"<p>A greve dos caminhoneiros, que paralisou o transporte de cargas entre o fim de maio e o in\u00edcio de junho, prejudicou o volume de abates de gado bovino pela Minerva Foods na varia\u00e7\u00e3o trimestral, disse nesta quarta-feira, 8, o CEO da companhia, Fernando Galletti de Queiroz, durante teleconfer\u00eancia com analistas.<\/p>\n","protected":false},"author":7,"featured_media":97987739,"comment_status":"closed","ping_status":"closed","sticky":false,"template":"","format":"standard","meta":{"footnotes":""},"categories":[6,1],"tags":[],"class_list":["post-97989097","post","type-post","status-publish","format-standard","has-post-thumbnail","hentry","category-destaque","category-noticia"],"yoast_head":"<!-- This site is optimized with the Yoast SEO plugin v24.2 - https:\/\/yoast.com\/wordpress\/plugins\/seo\/ -->\n<title>Minerva: greve dos caminhoneiros provocou queda no abate de gado no trimestre - Acrimat<\/title>\n<meta name=\"robots\" content=\"index, follow, max-snippet:-1, max-image-preview:large, max-video-preview:-1\" \/>\n<link rel=\"canonical\" href=\"https:\/\/acompanheseuprojeto.com.br\/acrimat\/minerva-greve-dos-caminhoneiros-provocou-queda-no-abate-de-gado-no-trimestre\/\" \/>\n<meta property=\"og:locale\" content=\"pt_BR\" \/>\n<meta property=\"og:type\" content=\"article\" \/>\n<meta property=\"og:title\" content=\"Minerva: greve dos caminhoneiros provocou queda no abate de gado no trimestre - Acrimat\" \/>\n<meta property=\"og:description\" content=\"A greve dos caminhoneiros, que paralisou o transporte de cargas entre o fim de maio e o in\u00edcio de junho, prejudicou o volume de abates de gado bovino pela Minerva Foods na varia\u00e7\u00e3o trimestral, disse nesta quarta-feira, 8, o CEO da companhia, Fernando Galletti de Queiroz, durante teleconfer\u00eancia com analistas.\" \/>\n<meta property=\"og:url\" content=\"https:\/\/acompanheseuprojeto.com.br\/acrimat\/minerva-greve-dos-caminhoneiros-provocou-queda-no-abate-de-gado-no-trimestre\/\" \/>\n<meta property=\"og:site_name\" content=\"Acrimat\" \/>\n<meta property=\"article:published_time\" content=\"2018-08-09T18:05:57+00:00\" \/>\n<meta property=\"og:image\" content=\"https:\/\/acompanheseuprojeto.com.br\/acrimat\/wp-content\/uploads\/2018\/05\/rota02-1428_caminhao.jpg\" \/>\n\t<meta property=\"og:image:width\" content=\"1457\" \/>\n\t<meta property=\"og:image:height\" content=\"1040\" \/>\n\t<meta property=\"og:image:type\" content=\"image\/jpeg\" \/>\n<meta name=\"author\" content=\"Assessoria de comunica\u00e7\u00e3o ACRIMAT\" \/>\n<meta name=\"twitter:card\" content=\"summary_large_image\" \/>\n<meta name=\"twitter:label1\" content=\"Escrito por\" \/>\n\t<meta name=\"twitter:data1\" content=\"Assessoria de comunica\u00e7\u00e3o ACRIMAT\" \/>\n\t<meta name=\"twitter:label2\" content=\"Est. tempo de leitura\" \/>\n\t<meta name=\"twitter:data2\" content=\"1 minuto\" \/>\n<script type=\"application\/ld+json\" class=\"yoast-schema-graph\">{\"@context\":\"https:\/\/schema.org\",\"@graph\":[{\"@type\":\"Article\",\"@id\":\"https:\/\/acompanheseuprojeto.com.br\/acrimat\/minerva-greve-dos-caminhoneiros-provocou-queda-no-abate-de-gado-no-trimestre\/#article\",\"isPartOf\":{\"@id\":\"https:\/\/acompanheseuprojeto.com.br\/acrimat\/minerva-greve-dos-caminhoneiros-provocou-queda-no-abate-de-gado-no-trimestre\/\"},\"author\":{\"name\":\"Assessoria de comunica\u00e7\u00e3o ACRIMAT\",\"@id\":\"https:\/\/acompanheseuprojeto.com.br\/acrimat\/#\/schema\/person\/e9a4d976e539490a6f361f1d7e9b06d6\"},\"headline\":\"Minerva: greve dos caminhoneiros provocou queda no abate de gado no trimestre\",\"datePublished\":\"2018-08-09T18:05:57+00:00\",\"dateModified\":\"2018-08-09T18:05:57+00:00\",\"mainEntityOfPage\":{\"@id\":\"https:\/\/acompanheseuprojeto.com.br\/acrimat\/minerva-greve-dos-caminhoneiros-provocou-queda-no-abate-de-gado-no-trimestre\/\"},\"wordCount\":229,\"publisher\":{\"@id\":\"https:\/\/acompanheseuprojeto.com.br\/acrimat\/#organization\"},\"image\":{\"@id\":\"https:\/\/acompanheseuprojeto.com.br\/acrimat\/minerva-greve-dos-caminhoneiros-provocou-queda-no-abate-de-gado-no-trimestre\/#primaryimage\"},\"thumbnailUrl\":\"https:\/\/acompanheseuprojeto.com.br\/acrimat\/wp-content\/uploads\/2018\/05\/rota02-1428_caminhao.jpg\",\"articleSection\":[\"Destaques\",\"Not\u00edcias\"],\"inLanguage\":\"pt-BR\"},{\"@type\":\"WebPage\",\"@id\":\"https:\/\/acompanheseuprojeto.com.br\/acrimat\/minerva-greve-dos-caminhoneiros-provocou-queda-no-abate-de-gado-no-trimestre\/\",\"url\":\"https:\/\/acompanheseuprojeto.com.br\/acrimat\/minerva-greve-dos-caminhoneiros-provocou-queda-no-abate-de-gado-no-trimestre\/\",\"name\":\"Minerva: greve dos caminhoneiros provocou queda no abate de gado no trimestre - Acrimat\",\"isPartOf\":{\"@id\":\"https:\/\/acompanheseuprojeto.com.br\/acrimat\/#website\"},\"primaryImageOfPage\":{\"@id\":\"https:\/\/acompanheseuprojeto.com.br\/acrimat\/minerva-greve-dos-caminhoneiros-provocou-queda-no-abate-de-gado-no-trimestre\/#primaryimage\"},\"image\":{\"@id\":\"https:\/\/acompanheseuprojeto.com.br\/acrimat\/minerva-greve-dos-caminhoneiros-provocou-queda-no-abate-de-gado-no-trimestre\/#primaryimage\"},\"thumbnailUrl\":\"https:\/\/acompanheseuprojeto.com.br\/acrimat\/wp-content\/uploads\/2018\/05\/rota02-1428_caminhao.jpg\",\"datePublished\":\"2018-08-09T18:05:57+00:00\",\"dateModified\":\"2018-08-09T18:05:57+00:00\",\"breadcrumb\":{\"@id\":\"https:\/\/acompanheseuprojeto.com.br\/acrimat\/minerva-greve-dos-caminhoneiros-provocou-queda-no-abate-de-gado-no-trimestre\/#breadcrumb\"},\"inLanguage\":\"pt-BR\",\"potentialAction\":[{\"@type\":\"ReadAction\",\"target\":[\"https:\/\/acompanheseuprojeto.com.br\/acrimat\/minerva-greve-dos-caminhoneiros-provocou-queda-no-abate-de-gado-no-trimestre\/\"]}]},{\"@type\":\"ImageObject\",\"inLanguage\":\"pt-BR\",\"@id\":\"https:\/\/acompanheseuprojeto.com.br\/acrimat\/minerva-greve-dos-caminhoneiros-provocou-queda-no-abate-de-gado-no-trimestre\/#primaryimage\",\"url\":\"https:\/\/acompanheseuprojeto.com.br\/acrimat\/wp-content\/uploads\/2018\/05\/rota02-1428_caminhao.jpg\",\"contentUrl\":\"https:\/\/acompanheseuprojeto.com.br\/acrimat\/wp-content\/uploads\/2018\/05\/rota02-1428_caminhao.jpg\",\"width\":1457,\"height\":1040},{\"@type\":\"BreadcrumbList\",\"@id\":\"https:\/\/acompanheseuprojeto.com.br\/acrimat\/minerva-greve-dos-caminhoneiros-provocou-queda-no-abate-de-gado-no-trimestre\/#breadcrumb\",\"itemListElement\":[{\"@type\":\"ListItem\",\"position\":1,\"name\":\"In\u00edcio\",\"item\":\"https:\/\/acompanheseuprojeto.com.br\/acrimat\/\"},{\"@type\":\"ListItem\",\"position\":2,\"name\":\"Minerva: greve dos caminhoneiros provocou queda no abate de gado no trimestre\"}]},{\"@type\":\"WebSite\",\"@id\":\"https:\/\/acompanheseuprojeto.com.br\/acrimat\/#website\",\"url\":\"https:\/\/acompanheseuprojeto.com.br\/acrimat\/\",\"name\":\"Acrimat\",\"description\":\"Associa\u00e7\u00e3o dos Criadores de Mato Grosso\",\"publisher\":{\"@id\":\"https:\/\/acompanheseuprojeto.com.br\/acrimat\/#organization\"},\"potentialAction\":[{\"@type\":\"SearchAction\",\"target\":{\"@type\":\"EntryPoint\",\"urlTemplate\":\"https:\/\/acompanheseuprojeto.com.br\/acrimat\/?s={search_term_string}\"},\"query-input\":{\"@type\":\"PropertyValueSpecification\",\"valueRequired\":true,\"valueName\":\"search_term_string\"}}],\"inLanguage\":\"pt-BR\"},{\"@type\":\"Organization\",\"@id\":\"https:\/\/acompanheseuprojeto.com.br\/acrimat\/#organization\",\"name\":\"Associa\u00e7\u00e3o dos Criadores de Mato Grosso\",\"url\":\"https:\/\/acompanheseuprojeto.com.br\/acrimat\/\",\"logo\":{\"@type\":\"ImageObject\",\"inLanguage\":\"pt-BR\",\"@id\":\"https:\/\/acompanheseuprojeto.com.br\/acrimat\/#\/schema\/logo\/image\/\",\"url\":\"https:\/\/acompanheseuprojeto.com.br\/acrimat\/wp-content\/uploads\/2018\/03\/logo-peq-original.png\",\"contentUrl\":\"https:\/\/acompanheseuprojeto.com.br\/acrimat\/wp-content\/uploads\/2018\/03\/logo-peq-original.png\",\"width\":174,\"height\":171,\"caption\":\"Associa\u00e7\u00e3o dos Criadores de Mato Grosso\"},\"image\":{\"@id\":\"https:\/\/acompanheseuprojeto.com.br\/acrimat\/#\/schema\/logo\/image\/\"}},{\"@type\":\"Person\",\"@id\":\"https:\/\/acompanheseuprojeto.com.br\/acrimat\/#\/schema\/person\/e9a4d976e539490a6f361f1d7e9b06d6\",\"name\":\"Assessoria de comunica\u00e7\u00e3o ACRIMAT\",\"image\":{\"@type\":\"ImageObject\",\"inLanguage\":\"pt-BR\",\"@id\":\"https:\/\/acompanheseuprojeto.com.br\/acrimat\/#\/schema\/person\/image\/\",\"url\":\"https:\/\/secure.gravatar.com\/avatar\/e3afbea5798ff5b48efe171056854a37?s=96&d=mm&r=g\",\"contentUrl\":\"https:\/\/secure.gravatar.com\/avatar\/e3afbea5798ff5b48efe171056854a37?s=96&d=mm&r=g\",\"caption\":\"Assessoria de comunica\u00e7\u00e3o ACRIMAT\"},\"sameAs\":[\"http:\/\/acrimat.org.br\/\"],\"url\":\"https:\/\/acompanheseuprojeto.com.br\/acrimat\/author\/ascom\/\"}]}<\/script>\n<!-- \/ Yoast SEO plugin. -->","yoast_head_json":{"title":"Minerva: greve dos caminhoneiros provocou queda no abate de gado no trimestre - Acrimat","robots":{"index":"index","follow":"follow","max-snippet":"max-snippet:-1","max-image-preview":"max-image-preview:large","max-video-preview":"max-video-preview:-1"},"canonical":"https:\/\/acompanheseuprojeto.com.br\/acrimat\/minerva-greve-dos-caminhoneiros-provocou-queda-no-abate-de-gado-no-trimestre\/","og_locale":"pt_BR","og_type":"article","og_title":"Minerva: greve dos caminhoneiros provocou queda no abate de gado no trimestre - Acrimat","og_description":"A greve dos caminhoneiros, que paralisou o transporte de cargas entre o fim de maio e o in\u00edcio de junho, prejudicou o volume de abates de gado bovino pela Minerva Foods na varia\u00e7\u00e3o trimestral, disse nesta quarta-feira, 8, o CEO da companhia, Fernando Galletti de Queiroz, durante teleconfer\u00eancia com analistas.","og_url":"https:\/\/acompanheseuprojeto.com.br\/acrimat\/minerva-greve-dos-caminhoneiros-provocou-queda-no-abate-de-gado-no-trimestre\/","og_site_name":"Acrimat","article_published_time":"2018-08-09T18:05:57+00:00","og_image":[{"width":1457,"height":1040,"url":"https:\/\/acompanheseuprojeto.com.br\/acrimat\/wp-content\/uploads\/2018\/05\/rota02-1428_caminhao.jpg","type":"image\/jpeg"}],"author":"Assessoria de comunica\u00e7\u00e3o ACRIMAT","twitter_card":"summary_large_image","twitter_misc":{"Escrito por":"Assessoria de comunica\u00e7\u00e3o ACRIMAT","Est. tempo de leitura":"1 minuto"},"schema":{"@context":"https:\/\/schema.org","@graph":[{"@type":"Article","@id":"https:\/\/acompanheseuprojeto.com.br\/acrimat\/minerva-greve-dos-caminhoneiros-provocou-queda-no-abate-de-gado-no-trimestre\/#article","isPartOf":{"@id":"https:\/\/acompanheseuprojeto.com.br\/acrimat\/minerva-greve-dos-caminhoneiros-provocou-queda-no-abate-de-gado-no-trimestre\/"},"author":{"name":"Assessoria de comunica\u00e7\u00e3o ACRIMAT","@id":"https:\/\/acompanheseuprojeto.com.br\/acrimat\/#\/schema\/person\/e9a4d976e539490a6f361f1d7e9b06d6"},"headline":"Minerva: greve dos caminhoneiros provocou queda no abate de gado no trimestre","datePublished":"2018-08-09T18:05:57+00:00","dateModified":"2018-08-09T18:05:57+00:00","mainEntityOfPage":{"@id":"https:\/\/acompanheseuprojeto.com.br\/acrimat\/minerva-greve-dos-caminhoneiros-provocou-queda-no-abate-de-gado-no-trimestre\/"},"wordCount":229,"publisher":{"@id":"https:\/\/acompanheseuprojeto.com.br\/acrimat\/#organization"},"image":{"@id":"https:\/\/acompanheseuprojeto.com.br\/acrimat\/minerva-greve-dos-caminhoneiros-provocou-queda-no-abate-de-gado-no-trimestre\/#primaryimage"},"thumbnailUrl":"https:\/\/acompanheseuprojeto.com.br\/acrimat\/wp-content\/uploads\/2018\/05\/rota02-1428_caminhao.jpg","articleSection":["Destaques","Not\u00edcias"],"inLanguage":"pt-BR"},{"@type":"WebPage","@id":"https:\/\/acompanheseuprojeto.com.br\/acrimat\/minerva-greve-dos-caminhoneiros-provocou-queda-no-abate-de-gado-no-trimestre\/","url":"https:\/\/acompanheseuprojeto.com.br\/acrimat\/minerva-greve-dos-caminhoneiros-provocou-queda-no-abate-de-gado-no-trimestre\/","name":"Minerva: greve dos caminhoneiros provocou queda no abate de gado no trimestre - Acrimat","isPartOf":{"@id":"https:\/\/acompanheseuprojeto.com.br\/acrimat\/#website"},"primaryImageOfPage":{"@id":"https:\/\/acompanheseuprojeto.com.br\/acrimat\/minerva-greve-dos-caminhoneiros-provocou-queda-no-abate-de-gado-no-trimestre\/#primaryimage"},"image":{"@id":"https:\/\/acompanheseuprojeto.com.br\/acrimat\/minerva-greve-dos-caminhoneiros-provocou-queda-no-abate-de-gado-no-trimestre\/#primaryimage"},"thumbnailUrl":"https:\/\/acompanheseuprojeto.com.br\/acrimat\/wp-content\/uploads\/2018\/05\/rota02-1428_caminhao.jpg","datePublished":"2018-08-09T18:05:57+00:00","dateModified":"2018-08-09T18:05:57+00:00","breadcrumb":{"@id":"https:\/\/acompanheseuprojeto.com.br\/acrimat\/minerva-greve-dos-caminhoneiros-provocou-queda-no-abate-de-gado-no-trimestre\/#breadcrumb"},"inLanguage":"pt-BR","potentialAction":[{"@type":"ReadAction","target":["https:\/\/acompanheseuprojeto.com.br\/acrimat\/minerva-greve-dos-caminhoneiros-provocou-queda-no-abate-de-gado-no-trimestre\/"]}]},{"@type":"ImageObject","inLanguage":"pt-BR","@id":"https:\/\/acompanheseuprojeto.com.br\/acrimat\/minerva-greve-dos-caminhoneiros-provocou-queda-no-abate-de-gado-no-trimestre\/#primaryimage","url":"https:\/\/acompanheseuprojeto.com.br\/acrimat\/wp-content\/uploads\/2018\/05\/rota02-1428_caminhao.jpg","contentUrl":"https:\/\/acompanheseuprojeto.com.br\/acrimat\/wp-content\/uploads\/2018\/05\/rota02-1428_caminhao.jpg","width":1457,"height":1040},{"@type":"BreadcrumbList","@id":"https:\/\/acompanheseuprojeto.com.br\/acrimat\/minerva-greve-dos-caminhoneiros-provocou-queda-no-abate-de-gado-no-trimestre\/#breadcrumb","itemListElement":[{"@type":"ListItem","position":1,"name":"In\u00edcio","item":"https:\/\/acompanheseuprojeto.com.br\/acrimat\/"},{"@type":"ListItem","position":2,"name":"Minerva: greve dos caminhoneiros provocou queda no abate de gado no trimestre"}]},{"@type":"WebSite","@id":"https:\/\/acompanheseuprojeto.com.br\/acrimat\/#website","url":"https:\/\/acompanheseuprojeto.com.br\/acrimat\/","name":"Acrimat","description":"Associa\u00e7\u00e3o dos Criadores de Mato Grosso","publisher":{"@id":"https:\/\/acompanheseuprojeto.com.br\/acrimat\/#organization"},"potentialAction":[{"@type":"SearchAction","target":{"@type":"EntryPoint","urlTemplate":"https:\/\/acompanheseuprojeto.com.br\/acrimat\/?s={search_term_string}"},"query-input":{"@type":"PropertyValueSpecification","valueRequired":true,"valueName":"search_term_string"}}],"inLanguage":"pt-BR"},{"@type":"Organization","@id":"https:\/\/acompanheseuprojeto.com.br\/acrimat\/#organization","name":"Associa\u00e7\u00e3o dos Criadores de Mato Grosso","url":"https:\/\/acompanheseuprojeto.com.br\/acrimat\/","logo":{"@type":"ImageObject","inLanguage":"pt-BR","@id":"https:\/\/acompanheseuprojeto.com.br\/acrimat\/#\/schema\/logo\/image\/","url":"https:\/\/acompanheseuprojeto.com.br\/acrimat\/wp-content\/uploads\/2018\/03\/logo-peq-original.png","contentUrl":"https:\/\/acompanheseuprojeto.com.br\/acrimat\/wp-content\/uploads\/2018\/03\/logo-peq-original.png","width":174,"height":171,"caption":"Associa\u00e7\u00e3o dos Criadores de Mato Grosso"},"image":{"@id":"https:\/\/acompanheseuprojeto.com.br\/acrimat\/#\/schema\/logo\/image\/"}},{"@type":"Person","@id":"https:\/\/acompanheseuprojeto.com.br\/acrimat\/#\/schema\/person\/e9a4d976e539490a6f361f1d7e9b06d6","name":"Assessoria de comunica\u00e7\u00e3o ACRIMAT","image":{"@type":"ImageObject","inLanguage":"pt-BR","@id":"https:\/\/acompanheseuprojeto.com.br\/acrimat\/#\/schema\/person\/image\/","url":"https:\/\/secure.gravatar.com\/avatar\/e3afbea5798ff5b48efe171056854a37?s=96&d=mm&r=g","contentUrl":"https:\/\/secure.gravatar.com\/avatar\/e3afbea5798ff5b48efe171056854a37?s=96&d=mm&r=g","caption":"Assessoria de comunica\u00e7\u00e3o ACRIMAT"},"sameAs":["http:\/\/acrimat.org.br\/"],"url":"https:\/\/acompanheseuprojeto.com.br\/acrimat\/author\/ascom\/"}]}},"_links":{"self":[{"href":"https:\/\/acompanheseuprojeto.com.br\/acrimat\/wp-json\/wp\/v2\/posts\/97989097","targetHints":{"allow":["GET"]}}],"collection":[{"href":"https:\/\/acompanheseuprojeto.com.br\/acrimat\/wp-json\/wp\/v2\/posts"}],"about":[{"href":"https:\/\/acompanheseuprojeto.com.br\/acrimat\/wp-json\/wp\/v2\/types\/post"}],"author":[{"embeddable":true,"href":"https:\/\/acompanheseuprojeto.com.br\/acrimat\/wp-json\/wp\/v2\/users\/7"}],"replies":[{"embeddable":true,"href":"https:\/\/acompanheseuprojeto.com.br\/acrimat\/wp-json\/wp\/v2\/comments?post=97989097"}],"version-history":[{"count":1,"href":"https:\/\/acompanheseuprojeto.com.br\/acrimat\/wp-json\/wp\/v2\/posts\/97989097\/revisions"}],"predecessor-version":[{"id":97989098,"href":"https:\/\/acompanheseuprojeto.com.br\/acrimat\/wp-json\/wp\/v2\/posts\/97989097\/revisions\/97989098"}],"wp:featuredmedia":[{"embeddable":true,"href":"https:\/\/acompanheseuprojeto.com.br\/acrimat\/wp-json\/wp\/v2\/media\/97987739"}],"wp:attachment":[{"href":"https:\/\/acompanheseuprojeto.com.br\/acrimat\/wp-json\/wp\/v2\/media?parent=97989097"}],"wp:term":[{"taxonomy":"category","embeddable":true,"href":"https:\/\/acompanheseuprojeto.com.br\/acrimat\/wp-json\/wp\/v2\/categories?post=97989097"},{"taxonomy":"post_tag","embeddable":true,"href":"https:\/\/acompanheseuprojeto.com.br\/acrimat\/wp-json\/wp\/v2\/tags?post=97989097"}],"curies":[{"name":"wp","href":"https:\/\/api.w.org\/{rel}","templated":true}]}}