{"id":97990917,"date":"2019-02-27T14:14:51","date_gmt":"2019-02-27T17:14:51","guid":{"rendered":"https:\/\/acompanheseuprojeto.com.br\/acrimat\/?p=97990917"},"modified":"2019-02-27T14:14:51","modified_gmt":"2019-02-27T17:14:51","slug":"frigorifico-e-reativado-em-juruena","status":"publish","type":"post","link":"https:\/\/acompanheseuprojeto.com.br\/acrimat\/frigorifico-e-reativado-em-juruena\/","title":{"rendered":"Frigor\u00edfico \u00e9 reativado em Juruena"},"content":{"rendered":"<p>Mais uma planta frigor\u00edfica foi reativada em Mato Grosso. A unidade de Juruena (a 880 km a noroeste de Cuiab\u00e1) estava fechada h\u00e1 8 anos e voltou a operar na quarta-feira (20) com cerca de 300 empregos diretos. A ind\u00fastria tem capacidade para abater at\u00e9 12 mil animais por m\u00eas e contribuir\u00e1 para gerar novos postos de trabalho e renda na localidade, al\u00e9m de dar mais op\u00e7\u00e3o aos pecuaristas. O rebanho na regi\u00e3o \u00e9 um dos maiores do Estado, em torno de 4,94 milh\u00f5es de cabe\u00e7as, mas os produtores contavam, at\u00e9 ent\u00e3o, apenas com duas plantas da JBS. O investimento foi de R$ 10 milh\u00f5es, feito pelo propriet\u00e1rio da planta, o Grupo Durli, que atua h\u00e1 58 anos no segmento de curtume e tem 7 plantas no Brasil (RS, MT, PA, TO, RO, PR, BA) e uma no exterior (Paraguai).<\/p>\n<p>\u201c\u00c9 um ativo de muito valor pra ficar parado, ent\u00e3o resolvemos buscar parceiros como frigor\u00edfico Boi Branco de V\u00e1rzea Grande, para tocar em conjunto\u201d, afirma o s\u00f3cio da empresa, Volnei Durli. Com a reativa\u00e7\u00e3o desta unidade, Mato Grosso conta com 31 frigor\u00edficos ativos, com habilita\u00e7\u00e3o no Servi\u00e7o de Inspe\u00e7\u00e3o Federal (SIF). A cadeia movimenta cerca de 19,2 mil empregos e tem capacidade para abater 29,2 mil animais por dia, segundo o Sindicato das Ind\u00fastrias Frigor\u00edficas (Sindifrigo\/MT). Depois da grave crise, em pouco mais de 1 ano, 5 plantas foram reabertas no Estado em Pontes e Lacerda, V\u00e1rzea Grande, Nova Xavantina, Rondon\u00f3polis e S\u00e3o Jos\u00e9 do Rio Claro.<\/p>\n<p>A planta de Juruena \u00e9 a 6a reativada e h\u00e1 previs\u00e3o de serem abertos pelo menos mais 2 frigor\u00edficos no 2o semestre, sendo uma reativa\u00e7\u00e3o em Nova Monte Verde, com abate de 600 animais\/dia e gera\u00e7\u00e3o de 400 empregos, e outra em Brasnorte, com 500 empregos diretos e abate de 700 cabe\u00e7as\/dia.<\/p>\n<p>O setor produtivo comemora a amplia\u00e7\u00e3o do mercado. Jorge Pires de Miranda, presidente do Sindicato Rural de Cuiab\u00e1, informa que a regi\u00e3o de Juruena carece de grandes ind\u00fastrias, porque conta com apenas duas plantas (em Juara e Ju\u00edna) da JBS. \u201cVai ser muito bom porque vai ser mais uma op\u00e7\u00e3o para o pecuarista ofertar o gado. Essa regi\u00e3o conta com mais de 4 milh\u00f5es de cabe\u00e7as e a abertura vai dar mais competitividade\u201d.<\/p>\n<p>Amado de Oliveira Filho, consultor da Associa\u00e7\u00e3o dos Criadores de Mato Grosso (Acrimat), avalia que a not\u00edcia \u00e9 positiva para o setor, porque possibilita tamb\u00e9m que os animais sejam abatidos mais pr\u00f3ximos da fazenda, al\u00e9m de gerar renda e emprego \u00e0 regi\u00e3o. \u201c\u00c9 bom para fomentar o desenvolvimento da regi\u00e3o, que tem um rebanho excelente, e acreditamos muito nesse processo de mudan\u00e7a no cen\u00e1rio pol\u00edtico para a economia voltar a reagir\u201d.<\/p>\n<p>Paulo Bellincanta, presidente do Sindifrigo\/ MT, torce pelo sucesso da planta, que representa o desempenho do setor como um todo. \u201cO momento n\u00e3o \u00e9 dos melhores. Estamos espremidos entre o pre\u00e7o da mat\u00e9ria-prima e o de venda. Mas, \u00e9 mais atividade econ\u00f4mica e ganho para o Estado e o pecuarista\u201d.<\/p>\n","protected":false},"excerpt":{"rendered":"<p>Empres\u00e1rio pontua a necessidade de investimentos em infraestrutura na regi\u00e3o, para garantir o escoamento da produ\u00e7\u00e3o via BR-174<\/p>\n","protected":false},"author":7,"featured_media":97984740,"comment_status":"closed","ping_status":"closed","sticky":false,"template":"","format":"standard","meta":{"footnotes":""},"categories":[6,1],"tags":[],"class_list":["post-97990917","post","type-post","status-publish","format-standard","has-post-thumbnail","hentry","category-destaque","category-noticia"],"yoast_head":"<!-- This site is optimized with the Yoast SEO plugin v24.2 - https:\/\/yoast.com\/wordpress\/plugins\/seo\/ -->\n<title>Frigor\u00edfico \u00e9 reativado em Juruena - Acrimat<\/title>\n<meta name=\"robots\" content=\"index, follow, max-snippet:-1, max-image-preview:large, max-video-preview:-1\" \/>\n<link rel=\"canonical\" href=\"https:\/\/acompanheseuprojeto.com.br\/acrimat\/frigorifico-e-reativado-em-juruena\/\" \/>\n<meta property=\"og:locale\" content=\"pt_BR\" \/>\n<meta property=\"og:type\" content=\"article\" \/>\n<meta property=\"og:title\" content=\"Frigor\u00edfico \u00e9 reativado em Juruena - Acrimat\" \/>\n<meta property=\"og:description\" content=\"Empres\u00e1rio pontua a necessidade de investimentos em infraestrutura na regi\u00e3o, para garantir o escoamento da produ\u00e7\u00e3o via BR-174\" \/>\n<meta property=\"og:url\" content=\"https:\/\/acompanheseuprojeto.com.br\/acrimat\/frigorifico-e-reativado-em-juruena\/\" \/>\n<meta property=\"og:site_name\" content=\"Acrimat\" \/>\n<meta property=\"article:published_time\" content=\"2019-02-27T17:14:51+00:00\" \/>\n<meta property=\"og:image\" content=\"https:\/\/acompanheseuprojeto.com.br\/acrimat\/wp-content\/uploads\/2017\/11\/frigorifico1.jpg\" \/>\n\t<meta property=\"og:image:width\" content=\"730\" \/>\n\t<meta property=\"og:image:height\" content=\"502\" \/>\n\t<meta property=\"og:image:type\" content=\"image\/jpeg\" \/>\n<meta name=\"author\" content=\"Assessoria de comunica\u00e7\u00e3o ACRIMAT\" \/>\n<meta name=\"twitter:card\" content=\"summary_large_image\" \/>\n<meta name=\"twitter:label1\" content=\"Escrito por\" \/>\n\t<meta name=\"twitter:data1\" content=\"Assessoria de comunica\u00e7\u00e3o ACRIMAT\" \/>\n\t<meta name=\"twitter:label2\" content=\"Est. tempo de leitura\" \/>\n\t<meta name=\"twitter:data2\" content=\"3 minutos\" \/>\n<script type=\"application\/ld+json\" class=\"yoast-schema-graph\">{\"@context\":\"https:\/\/schema.org\",\"@graph\":[{\"@type\":\"Article\",\"@id\":\"https:\/\/acompanheseuprojeto.com.br\/acrimat\/frigorifico-e-reativado-em-juruena\/#article\",\"isPartOf\":{\"@id\":\"https:\/\/acompanheseuprojeto.com.br\/acrimat\/frigorifico-e-reativado-em-juruena\/\"},\"author\":{\"name\":\"Assessoria de comunica\u00e7\u00e3o ACRIMAT\",\"@id\":\"https:\/\/acompanheseuprojeto.com.br\/acrimat\/#\/schema\/person\/e9a4d976e539490a6f361f1d7e9b06d6\"},\"headline\":\"Frigor\u00edfico \u00e9 reativado em Juruena\",\"datePublished\":\"2019-02-27T17:14:51+00:00\",\"dateModified\":\"2019-02-27T17:14:51+00:00\",\"mainEntityOfPage\":{\"@id\":\"https:\/\/acompanheseuprojeto.com.br\/acrimat\/frigorifico-e-reativado-em-juruena\/\"},\"wordCount\":525,\"publisher\":{\"@id\":\"https:\/\/acompanheseuprojeto.com.br\/acrimat\/#organization\"},\"image\":{\"@id\":\"https:\/\/acompanheseuprojeto.com.br\/acrimat\/frigorifico-e-reativado-em-juruena\/#primaryimage\"},\"thumbnailUrl\":\"https:\/\/acompanheseuprojeto.com.br\/acrimat\/wp-content\/uploads\/2017\/11\/frigorifico1.jpg\",\"articleSection\":[\"Destaques\",\"Not\u00edcias\"],\"inLanguage\":\"pt-BR\"},{\"@type\":\"WebPage\",\"@id\":\"https:\/\/acompanheseuprojeto.com.br\/acrimat\/frigorifico-e-reativado-em-juruena\/\",\"url\":\"https:\/\/acompanheseuprojeto.com.br\/acrimat\/frigorifico-e-reativado-em-juruena\/\",\"name\":\"Frigor\u00edfico \u00e9 reativado em Juruena - Acrimat\",\"isPartOf\":{\"@id\":\"https:\/\/acompanheseuprojeto.com.br\/acrimat\/#website\"},\"primaryImageOfPage\":{\"@id\":\"https:\/\/acompanheseuprojeto.com.br\/acrimat\/frigorifico-e-reativado-em-juruena\/#primaryimage\"},\"image\":{\"@id\":\"https:\/\/acompanheseuprojeto.com.br\/acrimat\/frigorifico-e-reativado-em-juruena\/#primaryimage\"},\"thumbnailUrl\":\"https:\/\/acompanheseuprojeto.com.br\/acrimat\/wp-content\/uploads\/2017\/11\/frigorifico1.jpg\",\"datePublished\":\"2019-02-27T17:14:51+00:00\",\"dateModified\":\"2019-02-27T17:14:51+00:00\",\"breadcrumb\":{\"@id\":\"https:\/\/acompanheseuprojeto.com.br\/acrimat\/frigorifico-e-reativado-em-juruena\/#breadcrumb\"},\"inLanguage\":\"pt-BR\",\"potentialAction\":[{\"@type\":\"ReadAction\",\"target\":[\"https:\/\/acompanheseuprojeto.com.br\/acrimat\/frigorifico-e-reativado-em-juruena\/\"]}]},{\"@type\":\"ImageObject\",\"inLanguage\":\"pt-BR\",\"@id\":\"https:\/\/acompanheseuprojeto.com.br\/acrimat\/frigorifico-e-reativado-em-juruena\/#primaryimage\",\"url\":\"https:\/\/acompanheseuprojeto.com.br\/acrimat\/wp-content\/uploads\/2017\/11\/frigorifico1.jpg\",\"contentUrl\":\"https:\/\/acompanheseuprojeto.com.br\/acrimat\/wp-content\/uploads\/2017\/11\/frigorifico1.jpg\",\"width\":730,\"height\":502},{\"@type\":\"BreadcrumbList\",\"@id\":\"https:\/\/acompanheseuprojeto.com.br\/acrimat\/frigorifico-e-reativado-em-juruena\/#breadcrumb\",\"itemListElement\":[{\"@type\":\"ListItem\",\"position\":1,\"name\":\"In\u00edcio\",\"item\":\"https:\/\/acompanheseuprojeto.com.br\/acrimat\/\"},{\"@type\":\"ListItem\",\"position\":2,\"name\":\"Frigor\u00edfico \u00e9 reativado em Juruena\"}]},{\"@type\":\"WebSite\",\"@id\":\"https:\/\/acompanheseuprojeto.com.br\/acrimat\/#website\",\"url\":\"https:\/\/acompanheseuprojeto.com.br\/acrimat\/\",\"name\":\"Acrimat\",\"description\":\"Associa\u00e7\u00e3o dos Criadores de Mato Grosso\",\"publisher\":{\"@id\":\"https:\/\/acompanheseuprojeto.com.br\/acrimat\/#organization\"},\"potentialAction\":[{\"@type\":\"SearchAction\",\"target\":{\"@type\":\"EntryPoint\",\"urlTemplate\":\"https:\/\/acompanheseuprojeto.com.br\/acrimat\/?s={search_term_string}\"},\"query-input\":{\"@type\":\"PropertyValueSpecification\",\"valueRequired\":true,\"valueName\":\"search_term_string\"}}],\"inLanguage\":\"pt-BR\"},{\"@type\":\"Organization\",\"@id\":\"https:\/\/acompanheseuprojeto.com.br\/acrimat\/#organization\",\"name\":\"Associa\u00e7\u00e3o dos Criadores de Mato Grosso\",\"url\":\"https:\/\/acompanheseuprojeto.com.br\/acrimat\/\",\"logo\":{\"@type\":\"ImageObject\",\"inLanguage\":\"pt-BR\",\"@id\":\"https:\/\/acompanheseuprojeto.com.br\/acrimat\/#\/schema\/logo\/image\/\",\"url\":\"https:\/\/acompanheseuprojeto.com.br\/acrimat\/wp-content\/uploads\/2018\/03\/logo-peq-original.png\",\"contentUrl\":\"https:\/\/acompanheseuprojeto.com.br\/acrimat\/wp-content\/uploads\/2018\/03\/logo-peq-original.png\",\"width\":174,\"height\":171,\"caption\":\"Associa\u00e7\u00e3o dos Criadores de Mato Grosso\"},\"image\":{\"@id\":\"https:\/\/acompanheseuprojeto.com.br\/acrimat\/#\/schema\/logo\/image\/\"}},{\"@type\":\"Person\",\"@id\":\"https:\/\/acompanheseuprojeto.com.br\/acrimat\/#\/schema\/person\/e9a4d976e539490a6f361f1d7e9b06d6\",\"name\":\"Assessoria de comunica\u00e7\u00e3o ACRIMAT\",\"image\":{\"@type\":\"ImageObject\",\"inLanguage\":\"pt-BR\",\"@id\":\"https:\/\/acompanheseuprojeto.com.br\/acrimat\/#\/schema\/person\/image\/\",\"url\":\"https:\/\/secure.gravatar.com\/avatar\/e3afbea5798ff5b48efe171056854a37?s=96&d=mm&r=g\",\"contentUrl\":\"https:\/\/secure.gravatar.com\/avatar\/e3afbea5798ff5b48efe171056854a37?s=96&d=mm&r=g\",\"caption\":\"Assessoria de comunica\u00e7\u00e3o ACRIMAT\"},\"sameAs\":[\"http:\/\/acrimat.org.br\/\"],\"url\":\"https:\/\/acompanheseuprojeto.com.br\/acrimat\/author\/ascom\/\"}]}<\/script>\n<!-- \/ Yoast SEO plugin. -->","yoast_head_json":{"title":"Frigor\u00edfico \u00e9 reativado em Juruena - Acrimat","robots":{"index":"index","follow":"follow","max-snippet":"max-snippet:-1","max-image-preview":"max-image-preview:large","max-video-preview":"max-video-preview:-1"},"canonical":"https:\/\/acompanheseuprojeto.com.br\/acrimat\/frigorifico-e-reativado-em-juruena\/","og_locale":"pt_BR","og_type":"article","og_title":"Frigor\u00edfico \u00e9 reativado em Juruena - Acrimat","og_description":"Empres\u00e1rio pontua a necessidade de investimentos em infraestrutura na regi\u00e3o, para garantir o escoamento da produ\u00e7\u00e3o via BR-174","og_url":"https:\/\/acompanheseuprojeto.com.br\/acrimat\/frigorifico-e-reativado-em-juruena\/","og_site_name":"Acrimat","article_published_time":"2019-02-27T17:14:51+00:00","og_image":[{"width":730,"height":502,"url":"https:\/\/acompanheseuprojeto.com.br\/acrimat\/wp-content\/uploads\/2017\/11\/frigorifico1.jpg","type":"image\/jpeg"}],"author":"Assessoria de comunica\u00e7\u00e3o ACRIMAT","twitter_card":"summary_large_image","twitter_misc":{"Escrito por":"Assessoria de comunica\u00e7\u00e3o ACRIMAT","Est. tempo de leitura":"3 minutos"},"schema":{"@context":"https:\/\/schema.org","@graph":[{"@type":"Article","@id":"https:\/\/acompanheseuprojeto.com.br\/acrimat\/frigorifico-e-reativado-em-juruena\/#article","isPartOf":{"@id":"https:\/\/acompanheseuprojeto.com.br\/acrimat\/frigorifico-e-reativado-em-juruena\/"},"author":{"name":"Assessoria de comunica\u00e7\u00e3o ACRIMAT","@id":"https:\/\/acompanheseuprojeto.com.br\/acrimat\/#\/schema\/person\/e9a4d976e539490a6f361f1d7e9b06d6"},"headline":"Frigor\u00edfico \u00e9 reativado em Juruena","datePublished":"2019-02-27T17:14:51+00:00","dateModified":"2019-02-27T17:14:51+00:00","mainEntityOfPage":{"@id":"https:\/\/acompanheseuprojeto.com.br\/acrimat\/frigorifico-e-reativado-em-juruena\/"},"wordCount":525,"publisher":{"@id":"https:\/\/acompanheseuprojeto.com.br\/acrimat\/#organization"},"image":{"@id":"https:\/\/acompanheseuprojeto.com.br\/acrimat\/frigorifico-e-reativado-em-juruena\/#primaryimage"},"thumbnailUrl":"https:\/\/acompanheseuprojeto.com.br\/acrimat\/wp-content\/uploads\/2017\/11\/frigorifico1.jpg","articleSection":["Destaques","Not\u00edcias"],"inLanguage":"pt-BR"},{"@type":"WebPage","@id":"https:\/\/acompanheseuprojeto.com.br\/acrimat\/frigorifico-e-reativado-em-juruena\/","url":"https:\/\/acompanheseuprojeto.com.br\/acrimat\/frigorifico-e-reativado-em-juruena\/","name":"Frigor\u00edfico \u00e9 reativado em Juruena - Acrimat","isPartOf":{"@id":"https:\/\/acompanheseuprojeto.com.br\/acrimat\/#website"},"primaryImageOfPage":{"@id":"https:\/\/acompanheseuprojeto.com.br\/acrimat\/frigorifico-e-reativado-em-juruena\/#primaryimage"},"image":{"@id":"https:\/\/acompanheseuprojeto.com.br\/acrimat\/frigorifico-e-reativado-em-juruena\/#primaryimage"},"thumbnailUrl":"https:\/\/acompanheseuprojeto.com.br\/acrimat\/wp-content\/uploads\/2017\/11\/frigorifico1.jpg","datePublished":"2019-02-27T17:14:51+00:00","dateModified":"2019-02-27T17:14:51+00:00","breadcrumb":{"@id":"https:\/\/acompanheseuprojeto.com.br\/acrimat\/frigorifico-e-reativado-em-juruena\/#breadcrumb"},"inLanguage":"pt-BR","potentialAction":[{"@type":"ReadAction","target":["https:\/\/acompanheseuprojeto.com.br\/acrimat\/frigorifico-e-reativado-em-juruena\/"]}]},{"@type":"ImageObject","inLanguage":"pt-BR","@id":"https:\/\/acompanheseuprojeto.com.br\/acrimat\/frigorifico-e-reativado-em-juruena\/#primaryimage","url":"https:\/\/acompanheseuprojeto.com.br\/acrimat\/wp-content\/uploads\/2017\/11\/frigorifico1.jpg","contentUrl":"https:\/\/acompanheseuprojeto.com.br\/acrimat\/wp-content\/uploads\/2017\/11\/frigorifico1.jpg","width":730,"height":502},{"@type":"BreadcrumbList","@id":"https:\/\/acompanheseuprojeto.com.br\/acrimat\/frigorifico-e-reativado-em-juruena\/#breadcrumb","itemListElement":[{"@type":"ListItem","position":1,"name":"In\u00edcio","item":"https:\/\/acompanheseuprojeto.com.br\/acrimat\/"},{"@type":"ListItem","position":2,"name":"Frigor\u00edfico \u00e9 reativado em Juruena"}]},{"@type":"WebSite","@id":"https:\/\/acompanheseuprojeto.com.br\/acrimat\/#website","url":"https:\/\/acompanheseuprojeto.com.br\/acrimat\/","name":"Acrimat","description":"Associa\u00e7\u00e3o dos Criadores de Mato Grosso","publisher":{"@id":"https:\/\/acompanheseuprojeto.com.br\/acrimat\/#organization"},"potentialAction":[{"@type":"SearchAction","target":{"@type":"EntryPoint","urlTemplate":"https:\/\/acompanheseuprojeto.com.br\/acrimat\/?s={search_term_string}"},"query-input":{"@type":"PropertyValueSpecification","valueRequired":true,"valueName":"search_term_string"}}],"inLanguage":"pt-BR"},{"@type":"Organization","@id":"https:\/\/acompanheseuprojeto.com.br\/acrimat\/#organization","name":"Associa\u00e7\u00e3o dos Criadores de Mato Grosso","url":"https:\/\/acompanheseuprojeto.com.br\/acrimat\/","logo":{"@type":"ImageObject","inLanguage":"pt-BR","@id":"https:\/\/acompanheseuprojeto.com.br\/acrimat\/#\/schema\/logo\/image\/","url":"https:\/\/acompanheseuprojeto.com.br\/acrimat\/wp-content\/uploads\/2018\/03\/logo-peq-original.png","contentUrl":"https:\/\/acompanheseuprojeto.com.br\/acrimat\/wp-content\/uploads\/2018\/03\/logo-peq-original.png","width":174,"height":171,"caption":"Associa\u00e7\u00e3o dos Criadores de Mato Grosso"},"image":{"@id":"https:\/\/acompanheseuprojeto.com.br\/acrimat\/#\/schema\/logo\/image\/"}},{"@type":"Person","@id":"https:\/\/acompanheseuprojeto.com.br\/acrimat\/#\/schema\/person\/e9a4d976e539490a6f361f1d7e9b06d6","name":"Assessoria de comunica\u00e7\u00e3o ACRIMAT","image":{"@type":"ImageObject","inLanguage":"pt-BR","@id":"https:\/\/acompanheseuprojeto.com.br\/acrimat\/#\/schema\/person\/image\/","url":"https:\/\/secure.gravatar.com\/avatar\/e3afbea5798ff5b48efe171056854a37?s=96&d=mm&r=g","contentUrl":"https:\/\/secure.gravatar.com\/avatar\/e3afbea5798ff5b48efe171056854a37?s=96&d=mm&r=g","caption":"Assessoria de comunica\u00e7\u00e3o ACRIMAT"},"sameAs":["http:\/\/acrimat.org.br\/"],"url":"https:\/\/acompanheseuprojeto.com.br\/acrimat\/author\/ascom\/"}]}},"_links":{"self":[{"href":"https:\/\/acompanheseuprojeto.com.br\/acrimat\/wp-json\/wp\/v2\/posts\/97990917","targetHints":{"allow":["GET"]}}],"collection":[{"href":"https:\/\/acompanheseuprojeto.com.br\/acrimat\/wp-json\/wp\/v2\/posts"}],"about":[{"href":"https:\/\/acompanheseuprojeto.com.br\/acrimat\/wp-json\/wp\/v2\/types\/post"}],"author":[{"embeddable":true,"href":"https:\/\/acompanheseuprojeto.com.br\/acrimat\/wp-json\/wp\/v2\/users\/7"}],"replies":[{"embeddable":true,"href":"https:\/\/acompanheseuprojeto.com.br\/acrimat\/wp-json\/wp\/v2\/comments?post=97990917"}],"version-history":[{"count":1,"href":"https:\/\/acompanheseuprojeto.com.br\/acrimat\/wp-json\/wp\/v2\/posts\/97990917\/revisions"}],"predecessor-version":[{"id":97990918,"href":"https:\/\/acompanheseuprojeto.com.br\/acrimat\/wp-json\/wp\/v2\/posts\/97990917\/revisions\/97990918"}],"wp:featuredmedia":[{"embeddable":true,"href":"https:\/\/acompanheseuprojeto.com.br\/acrimat\/wp-json\/wp\/v2\/media\/97984740"}],"wp:attachment":[{"href":"https:\/\/acompanheseuprojeto.com.br\/acrimat\/wp-json\/wp\/v2\/media?parent=97990917"}],"wp:term":[{"taxonomy":"category","embeddable":true,"href":"https:\/\/acompanheseuprojeto.com.br\/acrimat\/wp-json\/wp\/v2\/categories?post=97990917"},{"taxonomy":"post_tag","embeddable":true,"href":"https:\/\/acompanheseuprojeto.com.br\/acrimat\/wp-json\/wp\/v2\/tags?post=97990917"}],"curies":[{"name":"wp","href":"https:\/\/api.w.org\/{rel}","templated":true}]}}