{"id":97992228,"date":"2019-05-14T15:03:42","date_gmt":"2019-05-14T19:03:42","guid":{"rendered":"https:\/\/acompanheseuprojeto.com.br\/acrimat\/?p=97992228"},"modified":"2019-05-14T15:03:42","modified_gmt":"2019-05-14T19:03:42","slug":"baixa-demanda-enfraquece-mercado-e-pressiona-preco-da-arroba","status":"publish","type":"post","link":"https:\/\/acompanheseuprojeto.com.br\/acrimat\/baixa-demanda-enfraquece-mercado-e-pressiona-preco-da-arroba\/","title":{"rendered":"baixa demanda enfraquece mercado e pressiona pre\u00e7o da arroba"},"content":{"rendered":"<p class=\"p1\">O mercado do boi gordo come\u00e7ou a semana com queda em 5 das 32 pra\u00e7as pecu\u00e1rias acompanhadas pela Scot Consultoria. Segundo a analista Pamela Andrade, o consumo abaixo do esperado da primeira quinzena de maio, associado \u00e0 maior oferta de boiadas, pressionou para baixo as cota\u00e7\u00f5es do boi nas pra\u00e7as onde as ind\u00fastrias est\u00e3o com escalas de abate confort\u00e1veis.<\/p>\n<p class=\"p1\">No noroeste do Paran\u00e1, a maior disponibilidade de oferta de mat\u00e9ria-prima refletiu em desvaloriza\u00e7\u00e3o de 0,7% frente ao \u00faltimo fechamento do dia 10, o que significa queda de R$ 1 por arroba. Na regi\u00e3o de Goi\u00e2nia (GO), a queda foi de 0,7% na compara\u00e7\u00e3o dia a dia, por\u00e9m, no acumulado de maio a desvaloriza\u00e7\u00e3o chega a 1,4%.<\/p>\n<p class=\"p1\">Em S\u00e3o Paulo, apesar de estabilidade no fechamento desta segunda, algumas ind\u00fastrias aproveitaram o momento para sair das compras e observar o mercado para tra\u00e7ar a melhor estrat\u00e9gia de compra nesta semana.<\/p>\n<div class=\"ad ad-float ad-300-250\">\n<div id=\"banner-300x250-2-area\">A margem de comercializa\u00e7\u00e3o das ind\u00fastrias que fazem a desossa est\u00e1 em 19,7%, valor pr\u00f3ximo \u00e0 m\u00e9dia hist\u00f3rica.<\/div>\n<\/div>\n","protected":false},"excerpt":{"rendered":"<p>Mas, de acordo com a Scot Consultoria, o cen\u00e1rio deve ser de estabilidade nos pr\u00f3ximos dias<\/p>\n","protected":false},"author":7,"featured_media":97984720,"comment_status":"closed","ping_status":"closed","sticky":false,"template":"","format":"standard","meta":{"footnotes":""},"categories":[6,1],"tags":[],"class_list":["post-97992228","post","type-post","status-publish","format-standard","has-post-thumbnail","hentry","category-destaque","category-noticia"],"yoast_head":"<!-- This site is optimized with the Yoast SEO plugin v24.2 - https:\/\/yoast.com\/wordpress\/plugins\/seo\/ -->\n<title>baixa demanda enfraquece mercado e pressiona pre\u00e7o da arroba - Acrimat<\/title>\n<meta name=\"robots\" content=\"index, follow, max-snippet:-1, max-image-preview:large, max-video-preview:-1\" \/>\n<link rel=\"canonical\" href=\"https:\/\/acompanheseuprojeto.com.br\/acrimat\/baixa-demanda-enfraquece-mercado-e-pressiona-preco-da-arroba\/\" \/>\n<meta property=\"og:locale\" content=\"pt_BR\" \/>\n<meta property=\"og:type\" content=\"article\" \/>\n<meta property=\"og:title\" content=\"baixa demanda enfraquece mercado e pressiona pre\u00e7o da arroba - Acrimat\" \/>\n<meta property=\"og:description\" content=\"Mas, de acordo com a Scot Consultoria, o cen\u00e1rio deve ser de estabilidade nos pr\u00f3ximos dias\" \/>\n<meta property=\"og:url\" content=\"https:\/\/acompanheseuprojeto.com.br\/acrimat\/baixa-demanda-enfraquece-mercado-e-pressiona-preco-da-arroba\/\" \/>\n<meta property=\"og:site_name\" content=\"Acrimat\" \/>\n<meta property=\"article:published_time\" content=\"2019-05-14T19:03:42+00:00\" \/>\n<meta property=\"og:image\" content=\"https:\/\/acompanheseuprojeto.com.br\/acrimat\/wp-content\/uploads\/2017\/11\/boi.jpg\" \/>\n\t<meta property=\"og:image:width\" content=\"600\" \/>\n\t<meta property=\"og:image:height\" content=\"390\" \/>\n\t<meta property=\"og:image:type\" content=\"image\/jpeg\" \/>\n<meta name=\"author\" content=\"Assessoria de comunica\u00e7\u00e3o ACRIMAT\" \/>\n<meta name=\"twitter:card\" content=\"summary_large_image\" \/>\n<meta name=\"twitter:label1\" content=\"Escrito por\" \/>\n\t<meta name=\"twitter:data1\" content=\"Assessoria de comunica\u00e7\u00e3o ACRIMAT\" \/>\n\t<meta name=\"twitter:label2\" content=\"Est. tempo de leitura\" \/>\n\t<meta name=\"twitter:data2\" content=\"1 minuto\" \/>\n<script type=\"application\/ld+json\" class=\"yoast-schema-graph\">{\"@context\":\"https:\/\/schema.org\",\"@graph\":[{\"@type\":\"Article\",\"@id\":\"https:\/\/acompanheseuprojeto.com.br\/acrimat\/baixa-demanda-enfraquece-mercado-e-pressiona-preco-da-arroba\/#article\",\"isPartOf\":{\"@id\":\"https:\/\/acompanheseuprojeto.com.br\/acrimat\/baixa-demanda-enfraquece-mercado-e-pressiona-preco-da-arroba\/\"},\"author\":{\"name\":\"Assessoria de comunica\u00e7\u00e3o ACRIMAT\",\"@id\":\"https:\/\/acompanheseuprojeto.com.br\/acrimat\/#\/schema\/person\/e9a4d976e539490a6f361f1d7e9b06d6\"},\"headline\":\"baixa demanda enfraquece mercado e pressiona pre\u00e7o da arroba\",\"datePublished\":\"2019-05-14T19:03:42+00:00\",\"dateModified\":\"2019-05-14T19:03:42+00:00\",\"mainEntityOfPage\":{\"@id\":\"https:\/\/acompanheseuprojeto.com.br\/acrimat\/baixa-demanda-enfraquece-mercado-e-pressiona-preco-da-arroba\/\"},\"wordCount\":190,\"publisher\":{\"@id\":\"https:\/\/acompanheseuprojeto.com.br\/acrimat\/#organization\"},\"image\":{\"@id\":\"https:\/\/acompanheseuprojeto.com.br\/acrimat\/baixa-demanda-enfraquece-mercado-e-pressiona-preco-da-arroba\/#primaryimage\"},\"thumbnailUrl\":\"https:\/\/acompanheseuprojeto.com.br\/acrimat\/wp-content\/uploads\/2017\/11\/boi.jpg\",\"articleSection\":[\"Destaques\",\"Not\u00edcias\"],\"inLanguage\":\"pt-BR\"},{\"@type\":\"WebPage\",\"@id\":\"https:\/\/acompanheseuprojeto.com.br\/acrimat\/baixa-demanda-enfraquece-mercado-e-pressiona-preco-da-arroba\/\",\"url\":\"https:\/\/acompanheseuprojeto.com.br\/acrimat\/baixa-demanda-enfraquece-mercado-e-pressiona-preco-da-arroba\/\",\"name\":\"baixa demanda enfraquece mercado e pressiona pre\u00e7o da arroba - Acrimat\",\"isPartOf\":{\"@id\":\"https:\/\/acompanheseuprojeto.com.br\/acrimat\/#website\"},\"primaryImageOfPage\":{\"@id\":\"https:\/\/acompanheseuprojeto.com.br\/acrimat\/baixa-demanda-enfraquece-mercado-e-pressiona-preco-da-arroba\/#primaryimage\"},\"image\":{\"@id\":\"https:\/\/acompanheseuprojeto.com.br\/acrimat\/baixa-demanda-enfraquece-mercado-e-pressiona-preco-da-arroba\/#primaryimage\"},\"thumbnailUrl\":\"https:\/\/acompanheseuprojeto.com.br\/acrimat\/wp-content\/uploads\/2017\/11\/boi.jpg\",\"datePublished\":\"2019-05-14T19:03:42+00:00\",\"dateModified\":\"2019-05-14T19:03:42+00:00\",\"breadcrumb\":{\"@id\":\"https:\/\/acompanheseuprojeto.com.br\/acrimat\/baixa-demanda-enfraquece-mercado-e-pressiona-preco-da-arroba\/#breadcrumb\"},\"inLanguage\":\"pt-BR\",\"potentialAction\":[{\"@type\":\"ReadAction\",\"target\":[\"https:\/\/acompanheseuprojeto.com.br\/acrimat\/baixa-demanda-enfraquece-mercado-e-pressiona-preco-da-arroba\/\"]}]},{\"@type\":\"ImageObject\",\"inLanguage\":\"pt-BR\",\"@id\":\"https:\/\/acompanheseuprojeto.com.br\/acrimat\/baixa-demanda-enfraquece-mercado-e-pressiona-preco-da-arroba\/#primaryimage\",\"url\":\"https:\/\/acompanheseuprojeto.com.br\/acrimat\/wp-content\/uploads\/2017\/11\/boi.jpg\",\"contentUrl\":\"https:\/\/acompanheseuprojeto.com.br\/acrimat\/wp-content\/uploads\/2017\/11\/boi.jpg\",\"width\":600,\"height\":390},{\"@type\":\"BreadcrumbList\",\"@id\":\"https:\/\/acompanheseuprojeto.com.br\/acrimat\/baixa-demanda-enfraquece-mercado-e-pressiona-preco-da-arroba\/#breadcrumb\",\"itemListElement\":[{\"@type\":\"ListItem\",\"position\":1,\"name\":\"In\u00edcio\",\"item\":\"https:\/\/acompanheseuprojeto.com.br\/acrimat\/\"},{\"@type\":\"ListItem\",\"position\":2,\"name\":\"baixa demanda enfraquece mercado e pressiona pre\u00e7o da arroba\"}]},{\"@type\":\"WebSite\",\"@id\":\"https:\/\/acompanheseuprojeto.com.br\/acrimat\/#website\",\"url\":\"https:\/\/acompanheseuprojeto.com.br\/acrimat\/\",\"name\":\"Acrimat\",\"description\":\"Associa\u00e7\u00e3o dos Criadores de Mato Grosso\",\"publisher\":{\"@id\":\"https:\/\/acompanheseuprojeto.com.br\/acrimat\/#organization\"},\"potentialAction\":[{\"@type\":\"SearchAction\",\"target\":{\"@type\":\"EntryPoint\",\"urlTemplate\":\"https:\/\/acompanheseuprojeto.com.br\/acrimat\/?s={search_term_string}\"},\"query-input\":{\"@type\":\"PropertyValueSpecification\",\"valueRequired\":true,\"valueName\":\"search_term_string\"}}],\"inLanguage\":\"pt-BR\"},{\"@type\":\"Organization\",\"@id\":\"https:\/\/acompanheseuprojeto.com.br\/acrimat\/#organization\",\"name\":\"Associa\u00e7\u00e3o dos Criadores de Mato Grosso\",\"url\":\"https:\/\/acompanheseuprojeto.com.br\/acrimat\/\",\"logo\":{\"@type\":\"ImageObject\",\"inLanguage\":\"pt-BR\",\"@id\":\"https:\/\/acompanheseuprojeto.com.br\/acrimat\/#\/schema\/logo\/image\/\",\"url\":\"https:\/\/acompanheseuprojeto.com.br\/acrimat\/wp-content\/uploads\/2018\/03\/logo-peq-original.png\",\"contentUrl\":\"https:\/\/acompanheseuprojeto.com.br\/acrimat\/wp-content\/uploads\/2018\/03\/logo-peq-original.png\",\"width\":174,\"height\":171,\"caption\":\"Associa\u00e7\u00e3o dos Criadores de Mato Grosso\"},\"image\":{\"@id\":\"https:\/\/acompanheseuprojeto.com.br\/acrimat\/#\/schema\/logo\/image\/\"}},{\"@type\":\"Person\",\"@id\":\"https:\/\/acompanheseuprojeto.com.br\/acrimat\/#\/schema\/person\/e9a4d976e539490a6f361f1d7e9b06d6\",\"name\":\"Assessoria de comunica\u00e7\u00e3o ACRIMAT\",\"image\":{\"@type\":\"ImageObject\",\"inLanguage\":\"pt-BR\",\"@id\":\"https:\/\/acompanheseuprojeto.com.br\/acrimat\/#\/schema\/person\/image\/\",\"url\":\"https:\/\/secure.gravatar.com\/avatar\/e3afbea5798ff5b48efe171056854a37?s=96&d=mm&r=g\",\"contentUrl\":\"https:\/\/secure.gravatar.com\/avatar\/e3afbea5798ff5b48efe171056854a37?s=96&d=mm&r=g\",\"caption\":\"Assessoria de comunica\u00e7\u00e3o ACRIMAT\"},\"sameAs\":[\"http:\/\/acrimat.org.br\/\"],\"url\":\"https:\/\/acompanheseuprojeto.com.br\/acrimat\/author\/ascom\/\"}]}<\/script>\n<!-- \/ Yoast SEO plugin. -->","yoast_head_json":{"title":"baixa demanda enfraquece mercado e pressiona pre\u00e7o da arroba - Acrimat","robots":{"index":"index","follow":"follow","max-snippet":"max-snippet:-1","max-image-preview":"max-image-preview:large","max-video-preview":"max-video-preview:-1"},"canonical":"https:\/\/acompanheseuprojeto.com.br\/acrimat\/baixa-demanda-enfraquece-mercado-e-pressiona-preco-da-arroba\/","og_locale":"pt_BR","og_type":"article","og_title":"baixa demanda enfraquece mercado e pressiona pre\u00e7o da arroba - Acrimat","og_description":"Mas, de acordo com a Scot Consultoria, o cen\u00e1rio deve ser de estabilidade nos pr\u00f3ximos dias","og_url":"https:\/\/acompanheseuprojeto.com.br\/acrimat\/baixa-demanda-enfraquece-mercado-e-pressiona-preco-da-arroba\/","og_site_name":"Acrimat","article_published_time":"2019-05-14T19:03:42+00:00","og_image":[{"width":600,"height":390,"url":"https:\/\/acompanheseuprojeto.com.br\/acrimat\/wp-content\/uploads\/2017\/11\/boi.jpg","type":"image\/jpeg"}],"author":"Assessoria de comunica\u00e7\u00e3o ACRIMAT","twitter_card":"summary_large_image","twitter_misc":{"Escrito por":"Assessoria de comunica\u00e7\u00e3o ACRIMAT","Est. tempo de leitura":"1 minuto"},"schema":{"@context":"https:\/\/schema.org","@graph":[{"@type":"Article","@id":"https:\/\/acompanheseuprojeto.com.br\/acrimat\/baixa-demanda-enfraquece-mercado-e-pressiona-preco-da-arroba\/#article","isPartOf":{"@id":"https:\/\/acompanheseuprojeto.com.br\/acrimat\/baixa-demanda-enfraquece-mercado-e-pressiona-preco-da-arroba\/"},"author":{"name":"Assessoria de comunica\u00e7\u00e3o ACRIMAT","@id":"https:\/\/acompanheseuprojeto.com.br\/acrimat\/#\/schema\/person\/e9a4d976e539490a6f361f1d7e9b06d6"},"headline":"baixa demanda enfraquece mercado e pressiona pre\u00e7o da arroba","datePublished":"2019-05-14T19:03:42+00:00","dateModified":"2019-05-14T19:03:42+00:00","mainEntityOfPage":{"@id":"https:\/\/acompanheseuprojeto.com.br\/acrimat\/baixa-demanda-enfraquece-mercado-e-pressiona-preco-da-arroba\/"},"wordCount":190,"publisher":{"@id":"https:\/\/acompanheseuprojeto.com.br\/acrimat\/#organization"},"image":{"@id":"https:\/\/acompanheseuprojeto.com.br\/acrimat\/baixa-demanda-enfraquece-mercado-e-pressiona-preco-da-arroba\/#primaryimage"},"thumbnailUrl":"https:\/\/acompanheseuprojeto.com.br\/acrimat\/wp-content\/uploads\/2017\/11\/boi.jpg","articleSection":["Destaques","Not\u00edcias"],"inLanguage":"pt-BR"},{"@type":"WebPage","@id":"https:\/\/acompanheseuprojeto.com.br\/acrimat\/baixa-demanda-enfraquece-mercado-e-pressiona-preco-da-arroba\/","url":"https:\/\/acompanheseuprojeto.com.br\/acrimat\/baixa-demanda-enfraquece-mercado-e-pressiona-preco-da-arroba\/","name":"baixa demanda enfraquece mercado e pressiona pre\u00e7o da arroba - Acrimat","isPartOf":{"@id":"https:\/\/acompanheseuprojeto.com.br\/acrimat\/#website"},"primaryImageOfPage":{"@id":"https:\/\/acompanheseuprojeto.com.br\/acrimat\/baixa-demanda-enfraquece-mercado-e-pressiona-preco-da-arroba\/#primaryimage"},"image":{"@id":"https:\/\/acompanheseuprojeto.com.br\/acrimat\/baixa-demanda-enfraquece-mercado-e-pressiona-preco-da-arroba\/#primaryimage"},"thumbnailUrl":"https:\/\/acompanheseuprojeto.com.br\/acrimat\/wp-content\/uploads\/2017\/11\/boi.jpg","datePublished":"2019-05-14T19:03:42+00:00","dateModified":"2019-05-14T19:03:42+00:00","breadcrumb":{"@id":"https:\/\/acompanheseuprojeto.com.br\/acrimat\/baixa-demanda-enfraquece-mercado-e-pressiona-preco-da-arroba\/#breadcrumb"},"inLanguage":"pt-BR","potentialAction":[{"@type":"ReadAction","target":["https:\/\/acompanheseuprojeto.com.br\/acrimat\/baixa-demanda-enfraquece-mercado-e-pressiona-preco-da-arroba\/"]}]},{"@type":"ImageObject","inLanguage":"pt-BR","@id":"https:\/\/acompanheseuprojeto.com.br\/acrimat\/baixa-demanda-enfraquece-mercado-e-pressiona-preco-da-arroba\/#primaryimage","url":"https:\/\/acompanheseuprojeto.com.br\/acrimat\/wp-content\/uploads\/2017\/11\/boi.jpg","contentUrl":"https:\/\/acompanheseuprojeto.com.br\/acrimat\/wp-content\/uploads\/2017\/11\/boi.jpg","width":600,"height":390},{"@type":"BreadcrumbList","@id":"https:\/\/acompanheseuprojeto.com.br\/acrimat\/baixa-demanda-enfraquece-mercado-e-pressiona-preco-da-arroba\/#breadcrumb","itemListElement":[{"@type":"ListItem","position":1,"name":"In\u00edcio","item":"https:\/\/acompanheseuprojeto.com.br\/acrimat\/"},{"@type":"ListItem","position":2,"name":"baixa demanda enfraquece mercado e pressiona pre\u00e7o da arroba"}]},{"@type":"WebSite","@id":"https:\/\/acompanheseuprojeto.com.br\/acrimat\/#website","url":"https:\/\/acompanheseuprojeto.com.br\/acrimat\/","name":"Acrimat","description":"Associa\u00e7\u00e3o dos Criadores de Mato Grosso","publisher":{"@id":"https:\/\/acompanheseuprojeto.com.br\/acrimat\/#organization"},"potentialAction":[{"@type":"SearchAction","target":{"@type":"EntryPoint","urlTemplate":"https:\/\/acompanheseuprojeto.com.br\/acrimat\/?s={search_term_string}"},"query-input":{"@type":"PropertyValueSpecification","valueRequired":true,"valueName":"search_term_string"}}],"inLanguage":"pt-BR"},{"@type":"Organization","@id":"https:\/\/acompanheseuprojeto.com.br\/acrimat\/#organization","name":"Associa\u00e7\u00e3o dos Criadores de Mato Grosso","url":"https:\/\/acompanheseuprojeto.com.br\/acrimat\/","logo":{"@type":"ImageObject","inLanguage":"pt-BR","@id":"https:\/\/acompanheseuprojeto.com.br\/acrimat\/#\/schema\/logo\/image\/","url":"https:\/\/acompanheseuprojeto.com.br\/acrimat\/wp-content\/uploads\/2018\/03\/logo-peq-original.png","contentUrl":"https:\/\/acompanheseuprojeto.com.br\/acrimat\/wp-content\/uploads\/2018\/03\/logo-peq-original.png","width":174,"height":171,"caption":"Associa\u00e7\u00e3o dos Criadores de Mato Grosso"},"image":{"@id":"https:\/\/acompanheseuprojeto.com.br\/acrimat\/#\/schema\/logo\/image\/"}},{"@type":"Person","@id":"https:\/\/acompanheseuprojeto.com.br\/acrimat\/#\/schema\/person\/e9a4d976e539490a6f361f1d7e9b06d6","name":"Assessoria de comunica\u00e7\u00e3o ACRIMAT","image":{"@type":"ImageObject","inLanguage":"pt-BR","@id":"https:\/\/acompanheseuprojeto.com.br\/acrimat\/#\/schema\/person\/image\/","url":"https:\/\/secure.gravatar.com\/avatar\/e3afbea5798ff5b48efe171056854a37?s=96&d=mm&r=g","contentUrl":"https:\/\/secure.gravatar.com\/avatar\/e3afbea5798ff5b48efe171056854a37?s=96&d=mm&r=g","caption":"Assessoria de comunica\u00e7\u00e3o ACRIMAT"},"sameAs":["http:\/\/acrimat.org.br\/"],"url":"https:\/\/acompanheseuprojeto.com.br\/acrimat\/author\/ascom\/"}]}},"_links":{"self":[{"href":"https:\/\/acompanheseuprojeto.com.br\/acrimat\/wp-json\/wp\/v2\/posts\/97992228","targetHints":{"allow":["GET"]}}],"collection":[{"href":"https:\/\/acompanheseuprojeto.com.br\/acrimat\/wp-json\/wp\/v2\/posts"}],"about":[{"href":"https:\/\/acompanheseuprojeto.com.br\/acrimat\/wp-json\/wp\/v2\/types\/post"}],"author":[{"embeddable":true,"href":"https:\/\/acompanheseuprojeto.com.br\/acrimat\/wp-json\/wp\/v2\/users\/7"}],"replies":[{"embeddable":true,"href":"https:\/\/acompanheseuprojeto.com.br\/acrimat\/wp-json\/wp\/v2\/comments?post=97992228"}],"version-history":[{"count":1,"href":"https:\/\/acompanheseuprojeto.com.br\/acrimat\/wp-json\/wp\/v2\/posts\/97992228\/revisions"}],"predecessor-version":[{"id":97992229,"href":"https:\/\/acompanheseuprojeto.com.br\/acrimat\/wp-json\/wp\/v2\/posts\/97992228\/revisions\/97992229"}],"wp:featuredmedia":[{"embeddable":true,"href":"https:\/\/acompanheseuprojeto.com.br\/acrimat\/wp-json\/wp\/v2\/media\/97984720"}],"wp:attachment":[{"href":"https:\/\/acompanheseuprojeto.com.br\/acrimat\/wp-json\/wp\/v2\/media?parent=97992228"}],"wp:term":[{"taxonomy":"category","embeddable":true,"href":"https:\/\/acompanheseuprojeto.com.br\/acrimat\/wp-json\/wp\/v2\/categories?post=97992228"},{"taxonomy":"post_tag","embeddable":true,"href":"https:\/\/acompanheseuprojeto.com.br\/acrimat\/wp-json\/wp\/v2\/tags?post=97992228"}],"curies":[{"name":"wp","href":"https:\/\/api.w.org\/{rel}","templated":true}]}}