{"id":97992790,"date":"2019-07-05T15:51:08","date_gmt":"2019-07-05T19:51:08","guid":{"rendered":"https:\/\/acompanheseuprojeto.com.br\/acrimat\/?p=97992790"},"modified":"2019-07-05T15:51:08","modified_gmt":"2019-07-05T19:51:08","slug":"uma-nacao-sob-nova-bandeira","status":"publish","type":"post","link":"https:\/\/acompanheseuprojeto.com.br\/acrimat\/uma-nacao-sob-nova-bandeira\/","title":{"rendered":"Uma na\u00e7\u00e3o sob nova bandeira"},"content":{"rendered":"<p>O Brasil sempre foi o lugar das grandes promessas, maiores reservas florestais, infind\u00e1veis mananciais de rios, lagos e terras cultiv\u00e1veis. Celeiro do mundo. Cintur\u00e3o verde da terra. Campe\u00e3o na produ\u00e7\u00e3o de carne bovina, su\u00edna e de aves. L\u00edder nas commodities que alimentam o planeta \u2014 caf\u00e9, soja e milho dentre elas. Detentor das principais fontes d\u2019\u00e1gua mineral existentes. Varrido por um solo abundante em ouro e min\u00e9rios diversos. A Na\u00e7\u00e3o aben\u00e7oada por Deus, onde se plantando tudo d\u00e1. Enfim, o Pa\u00eds do futuro, a grande pot\u00eancia de riquezas naturais na face da terra. N\u00e3o faltaram ep\u00edtetos. Mas como todo celeiro de prosperidade que se preze, o Brasil padecia de atitudes e vis\u00f5es coloniais que o impediam do pleno aproveitamento de tamanhas oportunidades. Na pr\u00e1tica e objetivamente, nunca, em tempo algum, soube monetizar adequadamente seus atributos. Fechou acordos m\u00edopes e limitados com parceiros vizinhos. Jamais imaginou conquistar firmemente as long\u00ednquas e rent\u00e1veis pra\u00e7as mais distantes de seu territ\u00f3rio. Deixou de atuar com a estatura que lhe era devida, digna das reservas que ostentava e ostenta. O Brasil de dimens\u00f5es geogr\u00e1ficas continentais n\u00e3o passava, no plano comercial, de uma gota no oceano das transa\u00e7\u00f5es globais, com \u00edndices de exporta\u00e7\u00e3o e importa\u00e7\u00e3o \u00ednfimos, representando uma fra\u00e7\u00e3o m\u00ednima do todo. Com esses n\u00fameros ris\u00edveis, insignificantes no comparativo, o mercado a dominar seguia gigantesco, embora parecesse inalcan\u00e7\u00e1vel. Essa realidade est\u00e1 prestes a mudar. No mais promissor e hist\u00f3rico acordo jamais fechado com parceiros do primeiro mundo, o Brasil liderou um entendimento entre os blocos do Mercosul e da Uni\u00e3o Europeia capaz de rentabilizar em bilh\u00f5es de d\u00f3lares, da noite para o dia, ind\u00fastria, com\u00e9rcio e servi\u00e7os. \u00c9, na pr\u00e1tica, a maior conquista do governo Bolsonaro em sua tenra trajet\u00f3ria de seis meses de gest\u00e3o e se converte tamb\u00e9m, automaticamente, na sua principal bandeira daqui para frente. O entendimento teve in\u00edcio h\u00e1 20 anos. Arrastou-se, desandou, foi congelado. O m\u00e9rito da equipe que desembarcou no Jap\u00e3o para a reuni\u00e3o anual do G-20 e saiu de l\u00e1 com o contrato assinado debaixo do bra\u00e7o foi o de ter percebido a oportunidade e o senso de diplomacia necess\u00e1rio, com a\u00e7\u00f5es na medida adequada, cedendo em exig\u00eancias diversas, para alcan\u00e7ar o objetivo. A uni\u00e3o dessas duas for\u00e7as continentais, por si s\u00f3, \u00e9 extraordin\u00e1ria, eloquente em n\u00fameros nunca antes vistos por essas paragens.<\/p>\n<p>Juntos, os dois blocos colocar\u00e3o \u00e0 disposi\u00e7\u00e3o cerca de 800 milh\u00f5es de consumidores, que atualmente geram resultados da ordem de US$ 17 trilh\u00f5es ou 25% do PIB mundial. Numa conta rasteira e superficial, chegou-se \u00e0 conclus\u00e3o de que o Brasil diretamente poder\u00e1 capitalizar mais de US$ 125 bilh\u00f5es adicionais em exporta\u00e7\u00f5es diretamente lastreadas no acordo. O PIB, em dez anos, ter\u00e1 um incremento de US$ 87,5 bilh\u00f5es. Os investimentos, em 15 anos, subir\u00e3o US$ 113 bilh\u00f5es, nas estimativas mais conservadoras. Os resultados, em se tratando do bloco em gesta\u00e7\u00e3o, s\u00e3o todos eloquentes. Ao longo da pr\u00f3xima d\u00e9cada as tarifas ir\u00e3o decrescendo at\u00e9 chegarem \u00e0 zero em diversos produtos da cesta de produ\u00e7\u00e3o. O impacto de uma not\u00edcia como essa do acordo pode ser capaz de produzir um c\u00edrculo virtuoso de oferta e demanda sem precedentes em prazo quase imediato. Europeus j\u00e1 est\u00e3o revendo procedimentos e o Brasil, a partir de um entendimento entre Executivo e Legislativo, deveria pensar em fazer o mesmo. O quanto antes. Para o cidad\u00e3o comum, est\u00e1 se falando em vantagens que v\u00e3o da gera\u00e7\u00e3o de empregos a uma maior capacidade de compra com a moeda real, passando pela oportunidade de aquisi\u00e7\u00e3o de bens a pre\u00e7os mais baratos. O Brasil, como Na\u00e7\u00e3o com um leque diversificado de mercadorias a ofertar, se credencia ao clube dos desenvolvidos e passa a jogar, de pronto, no tabuleiro dos grandes players internacionais. N\u00e3o \u00e9 pouca coisa. O clima de expectativas mais favor\u00e1veis atrai investimentos. Empreendedores novos. E consolida um ambiente de confian\u00e7a no futuro. A competitividade das mercadorias \u00e9 outra \u00e1rea palp\u00e1vel de ganhos. Empresas ter\u00e3o de enfrentar uma enorme transforma\u00e7\u00e3o nesse sentido para se adequar. No c\u00f4mputo geral do que foi trazido daqueles dias de negocia\u00e7\u00f5es no G-20, a hist\u00f3rica assinatura do acordo \u00e9 mais do que um passo adiante. Em tempo algum o cen\u00e1rio no plano internacional se mostrou t\u00e3o promissor.<\/p>\n","protected":false},"excerpt":{"rendered":"<p>O Brasil sempre foi o lugar das grandes promessas, maiores reservas florestais, infind\u00e1veis mananciais de rios, lagos e terras cultiv\u00e1veis. <\/p>\n","protected":false},"author":7,"featured_media":97992791,"comment_status":"closed","ping_status":"closed","sticky":false,"template":"","format":"standard","meta":{"footnotes":""},"categories":[6,1],"tags":[],"class_list":["post-97992790","post","type-post","status-publish","format-standard","has-post-thumbnail","hentry","category-destaque","category-noticia"],"yoast_head":"<!-- This site is optimized with the Yoast SEO plugin v24.2 - https:\/\/yoast.com\/wordpress\/plugins\/seo\/ -->\n<title>Uma na\u00e7\u00e3o sob nova bandeira - Acrimat<\/title>\n<meta name=\"robots\" content=\"index, follow, max-snippet:-1, max-image-preview:large, max-video-preview:-1\" \/>\n<link rel=\"canonical\" href=\"https:\/\/acompanheseuprojeto.com.br\/acrimat\/uma-nacao-sob-nova-bandeira\/\" \/>\n<meta property=\"og:locale\" content=\"pt_BR\" \/>\n<meta property=\"og:type\" content=\"article\" \/>\n<meta property=\"og:title\" content=\"Uma na\u00e7\u00e3o sob nova bandeira - Acrimat\" \/>\n<meta property=\"og:description\" content=\"O Brasil sempre foi o lugar das grandes promessas, maiores reservas florestais, infind\u00e1veis mananciais de rios, lagos e terras cultiv\u00e1veis.\" \/>\n<meta property=\"og:url\" content=\"https:\/\/acompanheseuprojeto.com.br\/acrimat\/uma-nacao-sob-nova-bandeira\/\" \/>\n<meta property=\"og:site_name\" content=\"Acrimat\" \/>\n<meta property=\"article:published_time\" content=\"2019-07-05T19:51:08+00:00\" \/>\n<meta property=\"og:image\" content=\"https:\/\/acompanheseuprojeto.com.br\/acrimat\/wp-content\/uploads\/2019\/07\/mercosul-uniao-europeia.jpg\" \/>\n\t<meta property=\"og:image:width\" content=\"1024\" \/>\n\t<meta property=\"og:image:height\" content=\"576\" \/>\n\t<meta property=\"og:image:type\" content=\"image\/jpeg\" \/>\n<meta name=\"author\" content=\"Assessoria de comunica\u00e7\u00e3o ACRIMAT\" \/>\n<meta name=\"twitter:card\" content=\"summary_large_image\" \/>\n<meta name=\"twitter:label1\" content=\"Escrito por\" \/>\n\t<meta name=\"twitter:data1\" content=\"Assessoria de comunica\u00e7\u00e3o ACRIMAT\" \/>\n\t<meta name=\"twitter:label2\" content=\"Est. tempo de leitura\" \/>\n\t<meta name=\"twitter:data2\" content=\"4 minutos\" \/>\n<script type=\"application\/ld+json\" class=\"yoast-schema-graph\">{\"@context\":\"https:\/\/schema.org\",\"@graph\":[{\"@type\":\"Article\",\"@id\":\"https:\/\/acompanheseuprojeto.com.br\/acrimat\/uma-nacao-sob-nova-bandeira\/#article\",\"isPartOf\":{\"@id\":\"https:\/\/acompanheseuprojeto.com.br\/acrimat\/uma-nacao-sob-nova-bandeira\/\"},\"author\":{\"name\":\"Assessoria de comunica\u00e7\u00e3o ACRIMAT\",\"@id\":\"https:\/\/acompanheseuprojeto.com.br\/acrimat\/#\/schema\/person\/e9a4d976e539490a6f361f1d7e9b06d6\"},\"headline\":\"Uma na\u00e7\u00e3o sob nova bandeira\",\"datePublished\":\"2019-07-05T19:51:08+00:00\",\"dateModified\":\"2019-07-05T19:51:08+00:00\",\"mainEntityOfPage\":{\"@id\":\"https:\/\/acompanheseuprojeto.com.br\/acrimat\/uma-nacao-sob-nova-bandeira\/\"},\"wordCount\":777,\"publisher\":{\"@id\":\"https:\/\/acompanheseuprojeto.com.br\/acrimat\/#organization\"},\"image\":{\"@id\":\"https:\/\/acompanheseuprojeto.com.br\/acrimat\/uma-nacao-sob-nova-bandeira\/#primaryimage\"},\"thumbnailUrl\":\"https:\/\/acompanheseuprojeto.com.br\/acrimat\/wp-content\/uploads\/2019\/07\/mercosul-uniao-europeia.jpg\",\"articleSection\":[\"Destaques\",\"Not\u00edcias\"],\"inLanguage\":\"pt-BR\"},{\"@type\":\"WebPage\",\"@id\":\"https:\/\/acompanheseuprojeto.com.br\/acrimat\/uma-nacao-sob-nova-bandeira\/\",\"url\":\"https:\/\/acompanheseuprojeto.com.br\/acrimat\/uma-nacao-sob-nova-bandeira\/\",\"name\":\"Uma na\u00e7\u00e3o sob nova bandeira - Acrimat\",\"isPartOf\":{\"@id\":\"https:\/\/acompanheseuprojeto.com.br\/acrimat\/#website\"},\"primaryImageOfPage\":{\"@id\":\"https:\/\/acompanheseuprojeto.com.br\/acrimat\/uma-nacao-sob-nova-bandeira\/#primaryimage\"},\"image\":{\"@id\":\"https:\/\/acompanheseuprojeto.com.br\/acrimat\/uma-nacao-sob-nova-bandeira\/#primaryimage\"},\"thumbnailUrl\":\"https:\/\/acompanheseuprojeto.com.br\/acrimat\/wp-content\/uploads\/2019\/07\/mercosul-uniao-europeia.jpg\",\"datePublished\":\"2019-07-05T19:51:08+00:00\",\"dateModified\":\"2019-07-05T19:51:08+00:00\",\"breadcrumb\":{\"@id\":\"https:\/\/acompanheseuprojeto.com.br\/acrimat\/uma-nacao-sob-nova-bandeira\/#breadcrumb\"},\"inLanguage\":\"pt-BR\",\"potentialAction\":[{\"@type\":\"ReadAction\",\"target\":[\"https:\/\/acompanheseuprojeto.com.br\/acrimat\/uma-nacao-sob-nova-bandeira\/\"]}]},{\"@type\":\"ImageObject\",\"inLanguage\":\"pt-BR\",\"@id\":\"https:\/\/acompanheseuprojeto.com.br\/acrimat\/uma-nacao-sob-nova-bandeira\/#primaryimage\",\"url\":\"https:\/\/acompanheseuprojeto.com.br\/acrimat\/wp-content\/uploads\/2019\/07\/mercosul-uniao-europeia.jpg\",\"contentUrl\":\"https:\/\/acompanheseuprojeto.com.br\/acrimat\/wp-content\/uploads\/2019\/07\/mercosul-uniao-europeia.jpg\",\"width\":1024,\"height\":576},{\"@type\":\"BreadcrumbList\",\"@id\":\"https:\/\/acompanheseuprojeto.com.br\/acrimat\/uma-nacao-sob-nova-bandeira\/#breadcrumb\",\"itemListElement\":[{\"@type\":\"ListItem\",\"position\":1,\"name\":\"In\u00edcio\",\"item\":\"https:\/\/acompanheseuprojeto.com.br\/acrimat\/\"},{\"@type\":\"ListItem\",\"position\":2,\"name\":\"Uma na\u00e7\u00e3o sob nova bandeira\"}]},{\"@type\":\"WebSite\",\"@id\":\"https:\/\/acompanheseuprojeto.com.br\/acrimat\/#website\",\"url\":\"https:\/\/acompanheseuprojeto.com.br\/acrimat\/\",\"name\":\"Acrimat\",\"description\":\"Associa\u00e7\u00e3o dos Criadores de Mato Grosso\",\"publisher\":{\"@id\":\"https:\/\/acompanheseuprojeto.com.br\/acrimat\/#organization\"},\"potentialAction\":[{\"@type\":\"SearchAction\",\"target\":{\"@type\":\"EntryPoint\",\"urlTemplate\":\"https:\/\/acompanheseuprojeto.com.br\/acrimat\/?s={search_term_string}\"},\"query-input\":{\"@type\":\"PropertyValueSpecification\",\"valueRequired\":true,\"valueName\":\"search_term_string\"}}],\"inLanguage\":\"pt-BR\"},{\"@type\":\"Organization\",\"@id\":\"https:\/\/acompanheseuprojeto.com.br\/acrimat\/#organization\",\"name\":\"Associa\u00e7\u00e3o dos Criadores de Mato Grosso\",\"url\":\"https:\/\/acompanheseuprojeto.com.br\/acrimat\/\",\"logo\":{\"@type\":\"ImageObject\",\"inLanguage\":\"pt-BR\",\"@id\":\"https:\/\/acompanheseuprojeto.com.br\/acrimat\/#\/schema\/logo\/image\/\",\"url\":\"https:\/\/acompanheseuprojeto.com.br\/acrimat\/wp-content\/uploads\/2018\/03\/logo-peq-original.png\",\"contentUrl\":\"https:\/\/acompanheseuprojeto.com.br\/acrimat\/wp-content\/uploads\/2018\/03\/logo-peq-original.png\",\"width\":174,\"height\":171,\"caption\":\"Associa\u00e7\u00e3o dos Criadores de Mato Grosso\"},\"image\":{\"@id\":\"https:\/\/acompanheseuprojeto.com.br\/acrimat\/#\/schema\/logo\/image\/\"}},{\"@type\":\"Person\",\"@id\":\"https:\/\/acompanheseuprojeto.com.br\/acrimat\/#\/schema\/person\/e9a4d976e539490a6f361f1d7e9b06d6\",\"name\":\"Assessoria de comunica\u00e7\u00e3o ACRIMAT\",\"image\":{\"@type\":\"ImageObject\",\"inLanguage\":\"pt-BR\",\"@id\":\"https:\/\/acompanheseuprojeto.com.br\/acrimat\/#\/schema\/person\/image\/\",\"url\":\"https:\/\/secure.gravatar.com\/avatar\/e3afbea5798ff5b48efe171056854a37?s=96&d=mm&r=g\",\"contentUrl\":\"https:\/\/secure.gravatar.com\/avatar\/e3afbea5798ff5b48efe171056854a37?s=96&d=mm&r=g\",\"caption\":\"Assessoria de comunica\u00e7\u00e3o ACRIMAT\"},\"sameAs\":[\"http:\/\/acrimat.org.br\/\"],\"url\":\"https:\/\/acompanheseuprojeto.com.br\/acrimat\/author\/ascom\/\"}]}<\/script>\n<!-- \/ Yoast SEO plugin. -->","yoast_head_json":{"title":"Uma na\u00e7\u00e3o sob nova bandeira - Acrimat","robots":{"index":"index","follow":"follow","max-snippet":"max-snippet:-1","max-image-preview":"max-image-preview:large","max-video-preview":"max-video-preview:-1"},"canonical":"https:\/\/acompanheseuprojeto.com.br\/acrimat\/uma-nacao-sob-nova-bandeira\/","og_locale":"pt_BR","og_type":"article","og_title":"Uma na\u00e7\u00e3o sob nova bandeira - Acrimat","og_description":"O Brasil sempre foi o lugar das grandes promessas, maiores reservas florestais, infind\u00e1veis mananciais de rios, lagos e terras cultiv\u00e1veis.","og_url":"https:\/\/acompanheseuprojeto.com.br\/acrimat\/uma-nacao-sob-nova-bandeira\/","og_site_name":"Acrimat","article_published_time":"2019-07-05T19:51:08+00:00","og_image":[{"width":1024,"height":576,"url":"https:\/\/acompanheseuprojeto.com.br\/acrimat\/wp-content\/uploads\/2019\/07\/mercosul-uniao-europeia.jpg","type":"image\/jpeg"}],"author":"Assessoria de comunica\u00e7\u00e3o ACRIMAT","twitter_card":"summary_large_image","twitter_misc":{"Escrito por":"Assessoria de comunica\u00e7\u00e3o ACRIMAT","Est. tempo de leitura":"4 minutos"},"schema":{"@context":"https:\/\/schema.org","@graph":[{"@type":"Article","@id":"https:\/\/acompanheseuprojeto.com.br\/acrimat\/uma-nacao-sob-nova-bandeira\/#article","isPartOf":{"@id":"https:\/\/acompanheseuprojeto.com.br\/acrimat\/uma-nacao-sob-nova-bandeira\/"},"author":{"name":"Assessoria de comunica\u00e7\u00e3o ACRIMAT","@id":"https:\/\/acompanheseuprojeto.com.br\/acrimat\/#\/schema\/person\/e9a4d976e539490a6f361f1d7e9b06d6"},"headline":"Uma na\u00e7\u00e3o sob nova bandeira","datePublished":"2019-07-05T19:51:08+00:00","dateModified":"2019-07-05T19:51:08+00:00","mainEntityOfPage":{"@id":"https:\/\/acompanheseuprojeto.com.br\/acrimat\/uma-nacao-sob-nova-bandeira\/"},"wordCount":777,"publisher":{"@id":"https:\/\/acompanheseuprojeto.com.br\/acrimat\/#organization"},"image":{"@id":"https:\/\/acompanheseuprojeto.com.br\/acrimat\/uma-nacao-sob-nova-bandeira\/#primaryimage"},"thumbnailUrl":"https:\/\/acompanheseuprojeto.com.br\/acrimat\/wp-content\/uploads\/2019\/07\/mercosul-uniao-europeia.jpg","articleSection":["Destaques","Not\u00edcias"],"inLanguage":"pt-BR"},{"@type":"WebPage","@id":"https:\/\/acompanheseuprojeto.com.br\/acrimat\/uma-nacao-sob-nova-bandeira\/","url":"https:\/\/acompanheseuprojeto.com.br\/acrimat\/uma-nacao-sob-nova-bandeira\/","name":"Uma na\u00e7\u00e3o sob nova bandeira - Acrimat","isPartOf":{"@id":"https:\/\/acompanheseuprojeto.com.br\/acrimat\/#website"},"primaryImageOfPage":{"@id":"https:\/\/acompanheseuprojeto.com.br\/acrimat\/uma-nacao-sob-nova-bandeira\/#primaryimage"},"image":{"@id":"https:\/\/acompanheseuprojeto.com.br\/acrimat\/uma-nacao-sob-nova-bandeira\/#primaryimage"},"thumbnailUrl":"https:\/\/acompanheseuprojeto.com.br\/acrimat\/wp-content\/uploads\/2019\/07\/mercosul-uniao-europeia.jpg","datePublished":"2019-07-05T19:51:08+00:00","dateModified":"2019-07-05T19:51:08+00:00","breadcrumb":{"@id":"https:\/\/acompanheseuprojeto.com.br\/acrimat\/uma-nacao-sob-nova-bandeira\/#breadcrumb"},"inLanguage":"pt-BR","potentialAction":[{"@type":"ReadAction","target":["https:\/\/acompanheseuprojeto.com.br\/acrimat\/uma-nacao-sob-nova-bandeira\/"]}]},{"@type":"ImageObject","inLanguage":"pt-BR","@id":"https:\/\/acompanheseuprojeto.com.br\/acrimat\/uma-nacao-sob-nova-bandeira\/#primaryimage","url":"https:\/\/acompanheseuprojeto.com.br\/acrimat\/wp-content\/uploads\/2019\/07\/mercosul-uniao-europeia.jpg","contentUrl":"https:\/\/acompanheseuprojeto.com.br\/acrimat\/wp-content\/uploads\/2019\/07\/mercosul-uniao-europeia.jpg","width":1024,"height":576},{"@type":"BreadcrumbList","@id":"https:\/\/acompanheseuprojeto.com.br\/acrimat\/uma-nacao-sob-nova-bandeira\/#breadcrumb","itemListElement":[{"@type":"ListItem","position":1,"name":"In\u00edcio","item":"https:\/\/acompanheseuprojeto.com.br\/acrimat\/"},{"@type":"ListItem","position":2,"name":"Uma na\u00e7\u00e3o sob nova bandeira"}]},{"@type":"WebSite","@id":"https:\/\/acompanheseuprojeto.com.br\/acrimat\/#website","url":"https:\/\/acompanheseuprojeto.com.br\/acrimat\/","name":"Acrimat","description":"Associa\u00e7\u00e3o dos Criadores de Mato Grosso","publisher":{"@id":"https:\/\/acompanheseuprojeto.com.br\/acrimat\/#organization"},"potentialAction":[{"@type":"SearchAction","target":{"@type":"EntryPoint","urlTemplate":"https:\/\/acompanheseuprojeto.com.br\/acrimat\/?s={search_term_string}"},"query-input":{"@type":"PropertyValueSpecification","valueRequired":true,"valueName":"search_term_string"}}],"inLanguage":"pt-BR"},{"@type":"Organization","@id":"https:\/\/acompanheseuprojeto.com.br\/acrimat\/#organization","name":"Associa\u00e7\u00e3o dos Criadores de Mato Grosso","url":"https:\/\/acompanheseuprojeto.com.br\/acrimat\/","logo":{"@type":"ImageObject","inLanguage":"pt-BR","@id":"https:\/\/acompanheseuprojeto.com.br\/acrimat\/#\/schema\/logo\/image\/","url":"https:\/\/acompanheseuprojeto.com.br\/acrimat\/wp-content\/uploads\/2018\/03\/logo-peq-original.png","contentUrl":"https:\/\/acompanheseuprojeto.com.br\/acrimat\/wp-content\/uploads\/2018\/03\/logo-peq-original.png","width":174,"height":171,"caption":"Associa\u00e7\u00e3o dos Criadores de Mato Grosso"},"image":{"@id":"https:\/\/acompanheseuprojeto.com.br\/acrimat\/#\/schema\/logo\/image\/"}},{"@type":"Person","@id":"https:\/\/acompanheseuprojeto.com.br\/acrimat\/#\/schema\/person\/e9a4d976e539490a6f361f1d7e9b06d6","name":"Assessoria de comunica\u00e7\u00e3o ACRIMAT","image":{"@type":"ImageObject","inLanguage":"pt-BR","@id":"https:\/\/acompanheseuprojeto.com.br\/acrimat\/#\/schema\/person\/image\/","url":"https:\/\/secure.gravatar.com\/avatar\/e3afbea5798ff5b48efe171056854a37?s=96&d=mm&r=g","contentUrl":"https:\/\/secure.gravatar.com\/avatar\/e3afbea5798ff5b48efe171056854a37?s=96&d=mm&r=g","caption":"Assessoria de comunica\u00e7\u00e3o ACRIMAT"},"sameAs":["http:\/\/acrimat.org.br\/"],"url":"https:\/\/acompanheseuprojeto.com.br\/acrimat\/author\/ascom\/"}]}},"_links":{"self":[{"href":"https:\/\/acompanheseuprojeto.com.br\/acrimat\/wp-json\/wp\/v2\/posts\/97992790","targetHints":{"allow":["GET"]}}],"collection":[{"href":"https:\/\/acompanheseuprojeto.com.br\/acrimat\/wp-json\/wp\/v2\/posts"}],"about":[{"href":"https:\/\/acompanheseuprojeto.com.br\/acrimat\/wp-json\/wp\/v2\/types\/post"}],"author":[{"embeddable":true,"href":"https:\/\/acompanheseuprojeto.com.br\/acrimat\/wp-json\/wp\/v2\/users\/7"}],"replies":[{"embeddable":true,"href":"https:\/\/acompanheseuprojeto.com.br\/acrimat\/wp-json\/wp\/v2\/comments?post=97992790"}],"version-history":[{"count":1,"href":"https:\/\/acompanheseuprojeto.com.br\/acrimat\/wp-json\/wp\/v2\/posts\/97992790\/revisions"}],"predecessor-version":[{"id":97992792,"href":"https:\/\/acompanheseuprojeto.com.br\/acrimat\/wp-json\/wp\/v2\/posts\/97992790\/revisions\/97992792"}],"wp:featuredmedia":[{"embeddable":true,"href":"https:\/\/acompanheseuprojeto.com.br\/acrimat\/wp-json\/wp\/v2\/media\/97992791"}],"wp:attachment":[{"href":"https:\/\/acompanheseuprojeto.com.br\/acrimat\/wp-json\/wp\/v2\/media?parent=97992790"}],"wp:term":[{"taxonomy":"category","embeddable":true,"href":"https:\/\/acompanheseuprojeto.com.br\/acrimat\/wp-json\/wp\/v2\/categories?post=97992790"},{"taxonomy":"post_tag","embeddable":true,"href":"https:\/\/acompanheseuprojeto.com.br\/acrimat\/wp-json\/wp\/v2\/tags?post=97992790"}],"curies":[{"name":"wp","href":"https:\/\/api.w.org\/{rel}","templated":true}]}}